{"id":15544,"date":"2024-12-15T13:43:42","date_gmt":"2024-12-15T12:43:42","guid":{"rendered":"https:\/\/www.ofm.hr\/koprivnica\/?p=15544"},"modified":"2024-12-15T13:57:29","modified_gmt":"2024-12-15T12:57:29","slug":"zupne-obavijesti-od-15-12-22-12-2024","status":"publish","type":"post","link":"https:\/\/www.ofm.hr\/koprivnica\/zupne-obavijesti-od-15-12-22-12-2024\/","title":{"rendered":"\u017dupne obavijestiod 15. 12. &#8211; 22. 12. 2024."},"content":{"rendered":"\n<p><strong><u>ZORNICE U NA\u0160OJ CRKVI<\/u><\/strong><\/p>\n\n\n\n<p>Za vrijeme Do\u0161a\u0161\u0107a svakog dana misa zornica je u 6 sati ujutro.<\/p>\n\n\n\n<p><strong><u>ISPOVIJED KRIZMANIKA<\/u><\/strong><\/p>\n\n\n\n<p>U petak, 20. prosinca u 16,30 biti \u0107e ispovijed krizmanika.<\/p>\n\n\n\n<p><strong><u>VELIKA ISPOVIJED U \u017dUPI<\/u><\/strong><\/p>\n\n\n\n<p>U subotu, 21. prosinca u 8,30 velika je ispovijed za Bo\u017ei\u0107 u na\u0161oj crkvi. U \u017eupi sv. Nikole istog dana u 10,30, a u \u017eupi bl. Alojzija Stepinca u 14 sati<\/p>\n\n\n\n<p><strong><u>BLAGOSLOV OBITELJI<\/u><\/strong><\/p>\n\n\n\n<p>I ove je godine poslije Bo\u017ei\u0107a posjet obitelji ili blagoslov obitelji. Lijepo vas molimo, ukoliko ima \u017eupljana koji su se ove godine doselili u na\u0161u \u017eupu, a \u017eele posjet sve\u0107enika, neka se prijave u \u017dupnom uredu ili sakristiji kako bi vas uvrstili u raspored.<\/p>\n\n\n\n<p>U \u010detvrtak, 26. prosinca poslije podne zapo\u010det \u0107e blagoslov obitelji u na\u0161oj \u017eupi. Raspored \u0107e biti objavljen u nedjelju, 22. prosinca. Mo\u0107i \u0107ete ga uzeti u crkvi ili pro\u010ditati na na\u0161oj web stranici: <a href=\"http:\/\/www.ofm.hr\/koprivnica\"><strong>www.ofm.hr\/koprivnica<\/strong><\/a><\/p>\n\n\n\n<p><strong><u>PROMJENA ADRESE STANOVANJA<\/u><\/strong><\/p>\n\n\n\n<p>Svake godine odre\u0111eni broj obitelji mijenja svoje boravi\u0161te. Molimo one koji su doselili tokom ove godine, a \u017eele blagoslov, da se prijave u \u017dupnom uredu ili sakristiji. Molimo i one koji su odselili iz \u017eupe ili promijenili adresu unutar \u017eupe da nam to jave.<\/p>\n\n\n\n<p><strong><u>PRVA PRI\u010cEST I KRIZMA<\/u><\/strong><\/p>\n\n\n\n<p>Ovih dana primili smo obavijest iz Vara\u017edinske biskupije da \u0107e krizma u na\u0161oj \u017eupi biti u subotu, 17. svibnja u 10 sati. Prva pri\u010dest biti \u0107e dan kasnije, u nedjelju, 18. svibnja u 9,30.<\/p>\n","protected":false},"excerpt":{"rendered":"<p>ZORNICE U NA\u0160OJ CRKVI Za vrijeme Do\u0161a\u0161\u0107a svakog dana misa zornica je u 6 sati ujutro. ISPOVIJED KRIZMANIKA U petak, 20. prosinca u 16,30 biti \u0107e ispovijed krizmanika. VELIKA ISPOVIJED U \u017dUPI U subotu, 21. prosinca u 8,30 velika je ispovijed za Bo\u017ei\u0107 u na\u0161oj crkvi. U \u017eupi sv. Nikole istog dana u 10,30, a [&hellip;]<\/p>\n","protected":false},"author":1,"featured_media":0,"comment_status":"closed","ping_status":"open","sticky":false,"template":"","format":"standard","meta":{"qubely_global_settings":"","qubely_interactions":"","footnotes":""},"categories":[45],"tags":[],"class_list":["post-15544","post","type-post","status-publish","format-standard","hentry","category-obavjesti"],"blocksy_meta":[],"qubely_featured_image_url":null,"qubely_author":{"display_name":"Branko","author_link":"https:\/\/www.ofm.hr\/koprivnica\/author\/admkp8\/"},"qubely_comment":0,"qubely_category":"<a href=\"https:\/\/www.ofm.hr\/koprivnica\/category\/obavjesti\/\" rel=\"category tag\">OBAVIJESTI<\/a>","qubely_excerpt":"ZORNICE U NA\u0160OJ CRKVI Za vrijeme Do\u0161a\u0161\u0107a svakog dana misa zornica je u 6 sati ujutro. ISPOVIJED KRIZMANIKA U petak, 20. prosinca u 16,30 biti \u0107e ispovijed krizmanika. VELIKA ISPOVIJED U \u017dUPI U subotu, 21. prosinca u 8,30 velika je ispovijed za Bo\u017ei\u0107 u na\u0161oj crkvi. U \u017eupi sv. Nikole istog dana u 10,30, a&hellip;","featured_image_urls_v2":{"full":"","thumbnail":"","medium":"","medium_large":"","large":"","1536x1536":"","2048x2048":"","qubely_landscape":"","qubely_portrait":"","qubely_thumbnail":""},"post_excerpt_stackable_v2":"<p>ZORNICE U NA\u0160OJ CRKVI Za vrijeme Do\u0161a\u0161\u0107a svakog dana misa zornica je u 6 sati ujutro. ISPOVIJED KRIZMANIKA U petak, 20. prosinca u 16,30 biti \u0107e ispovijed krizmanika. VELIKA ISPOVIJED U \u017dUPI U subotu, 21. prosinca u 8,30 velika je ispovijed za Bo\u017ei\u0107 u na\u0161oj crkvi. U \u017eupi sv. Nikole istog dana u 10,30, a u \u017eupi bl. Alojzija Stepinca u 14 sati BLAGOSLOV OBITELJI I ove je godine poslije Bo\u017ei\u0107a posjet obitelji ili blagoslov obitelji. Lijepo vas molimo, ukoliko ima \u017eupljana koji su se ove godine doselili u na\u0161u \u017eupu, a \u017eele posjet sve\u0107enika, neka se prijave u \u017dupnom&hellip;<\/p>\n","category_list_v2":"<a href=\"https:\/\/www.ofm.hr\/koprivnica\/category\/obavjesti\/\" rel=\"category tag\">OBAVIJESTI<\/a>","author_info_v2":{"name":"Branko","url":"https:\/\/www.ofm.hr\/koprivnica\/author\/admkp8\/"},"comments_num_v2":"0 comments","_links":{"self":[{"href":"https:\/\/www.ofm.hr\/koprivnica\/wp-json\/wp\/v2\/posts\/15544","targetHints":{"allow":["GET"]}}],"collection":[{"href":"https:\/\/www.ofm.hr\/koprivnica\/wp-json\/wp\/v2\/posts"}],"about":[{"href":"https:\/\/www.ofm.hr\/koprivnica\/wp-json\/wp\/v2\/types\/post"}],"author":[{"embeddable":true,"href":"https:\/\/www.ofm.hr\/koprivnica\/wp-json\/wp\/v2\/users\/1"}],"replies":[{"embeddable":true,"href":"https:\/\/www.ofm.hr\/koprivnica\/wp-json\/wp\/v2\/comments?post=15544"}],"version-history":[{"count":3,"href":"https:\/\/www.ofm.hr\/koprivnica\/wp-json\/wp\/v2\/posts\/15544\/revisions"}],"predecessor-version":[{"id":15555,"href":"https:\/\/www.ofm.hr\/koprivnica\/wp-json\/wp\/v2\/posts\/15544\/revisions\/15555"}],"wp:attachment":[{"href":"https:\/\/www.ofm.hr\/koprivnica\/wp-json\/wp\/v2\/media?parent=15544"}],"wp:term":[{"taxonomy":"category","embeddable":true,"href":"https:\/\/www.ofm.hr\/koprivnica\/wp-json\/wp\/v2\/categories?post=15544"},{"taxonomy":"post_tag","embeddable":true,"href":"https:\/\/www.ofm.hr\/koprivnica\/wp-json\/wp\/v2\/tags?post=15544"}],"curies":[{"name":"wp","href":"https:\/\/api.w.org\/{rel}","templated":true}]}}