{"id":15573,"date":"2024-12-22T14:34:25","date_gmt":"2024-12-22T13:34:25","guid":{"rendered":"https:\/\/www.ofm.hr\/koprivnica\/?p=15573"},"modified":"2024-12-22T14:34:26","modified_gmt":"2024-12-22T13:34:26","slug":"zupne-obavijesti-od-22-12-29-12-2024","status":"publish","type":"post","link":"https:\/\/www.ofm.hr\/koprivnica\/zupne-obavijesti-od-22-12-29-12-2024\/","title":{"rendered":"\u017dupne obavijesti od 22. 12. &#8211; 29. 12. 2024."},"content":{"rendered":"\n<p><strong><u>BLAGOSLOV OBITELJI<\/u><\/strong><\/p>\n\n\n\n<p>I ove je godine poslije Bo\u017ei\u0107a posjet obitelji ili blagoslov obitelji. Lijepo vas molimo, ukoliko ima \u017eupljana koji su se ove godine doselili u na\u0161u \u017eupu, a \u017eele posjet sve\u0107enika, neka se prijave u \u017dupnom uredu ili sakristiji kako bi vas uvrstili u raspored.<\/p>\n\n\n\n<p>U \u010detvrtak, 26. prosinca poslije podne zapo\u010det \u0107e blagoslov obitelji u na\u0161oj \u017eupi. Raspored \u0107e biti objavljen u nedjelju, 22. prosinca. Mo\u0107i \u0107ete ga uzeti u crkvi ili pro\u010ditati na na\u0161oj web stranici: <a href=\"http:\/\/www.ofm.hr\/koprivnica\"><strong>www.ofm.hr\/koprivnica<\/strong><\/a><\/p>\n\n\n\n<p><strong><u>PROMJENA ADRESE STANOVANJA<\/u><\/strong><\/p>\n\n\n\n<p>Svake godine odre\u0111eni broj obitelji mijenja svoje boravi\u0161te. Molimo one koji su doselili tokom ove godine, a \u017eele blagoslov, da se prijave u \u017dupnom uredu ili sakristiji. Molimo i one koji su odselili iz \u017eupe ili promijenili adresu unutar \u017eupe da nam to jave.<\/p>\n\n\n\n<p><strong><u>BO\u017dI\u0106 I \u0160TEFANJE<\/u><\/strong><\/p>\n\n\n\n<p>U srijedu, 25. prosinca, na Bo\u017ei\u0107, osim mise polno\u0107ke koja je u pola no\u0107i mise su u 7 \u2013 9.30 \u2013 11,30 18,30.<\/p>\n\n\n\n<p>U \u010detvrtak, 26. prosinca mise su u 7 \u2013 9,30 -18,30. Toga dana poslije podne zapo\u010dinje blagoslov obitelji u na\u0161oj \u017eupi prema objavljenom rasporedu.<\/p>\n\n\n\n<p><strong><u>MISA ZAHVALNICA<\/u><\/strong><\/p>\n\n\n\n<p>U utorak, na Staru godinu u 18,30 zahvalit \u0107emo Gospodinu za proteklu 2024. godinu i pro\u010ditati statistiku \u017eupe za proteklo razdoblje.<\/p>\n\n\n\n<p><strong><u>NOVA GODINA<\/u><\/strong><\/p>\n\n\n\n<p>U srijedu, na Novu godinu u na\u0161oj crkvi su sv. mise u 9,30 &#8211; 11,30 &#8211; 17,30.<\/p>\n\n\n\n<p><strong><u>BLAGOSLOV TRIKRALJSKE VODE<\/u><\/strong><\/p>\n\n\n\n<p>U nedjelju, 5. sije\u010dnja u 18,30 uo\u010di svetkovine Bogojavljenja biti \u0107e blagoslov vode te \u0107e poslije mise mo\u0107i svatko odnijeti ku\u0107i. Ponesite \u010diste bo\u010dice.<\/p>\n\n\n\n<p><strong><u>SVETA TRI KRALJA<\/u><\/strong><strong><\/strong><\/p>\n\n\n\n<p>U ponedjeljak, na Sveta Tri Kralja ovdje su mise u 7 &#8211; 9,30 &#8211; 18,30<\/p>\n\n\n\n<p><strong><u>ZAVJETNA NEDJELJA<\/u><\/strong><\/p>\n\n\n\n<p>U nedjelju, 12. sije\u010dnja 2025. u 18,30 u na\u0161oj crkvi sve\u010dana je misa grada Koprivnice.<\/p>\n\n\n\n<p>Slijede\u0107i \u017dupni listi\u0107 izlazi za nedjelju 12. sije\u010dnja.<\/p>\n\n\n\n<p><strong><em>SRETAN BO\u017dI\u0106 I BLAGOSLOVLJENA 2025. GODINA<\/em><\/strong><\/p>\n","protected":false},"excerpt":{"rendered":"<p>BLAGOSLOV OBITELJI I ove je godine poslije Bo\u017ei\u0107a posjet obitelji ili blagoslov obitelji. Lijepo vas molimo, ukoliko ima \u017eupljana koji su se ove godine doselili u na\u0161u \u017eupu, a \u017eele posjet sve\u0107enika, neka se prijave u \u017dupnom uredu ili sakristiji kako bi vas uvrstili u raspored. U \u010detvrtak, 26. prosinca poslije podne zapo\u010det \u0107e blagoslov [&hellip;]<\/p>\n","protected":false},"author":1,"featured_media":0,"comment_status":"closed","ping_status":"open","sticky":false,"template":"","format":"standard","meta":{"qubely_global_settings":"","qubely_interactions":"","footnotes":""},"categories":[45],"tags":[],"class_list":["post-15573","post","type-post","status-publish","format-standard","hentry","category-obavjesti"],"blocksy_meta":[],"qubely_featured_image_url":null,"qubely_author":{"display_name":"Branko","author_link":"https:\/\/www.ofm.hr\/koprivnica\/author\/admkp8\/"},"qubely_comment":0,"qubely_category":"<a href=\"https:\/\/www.ofm.hr\/koprivnica\/category\/obavjesti\/\" rel=\"category tag\">OBAVIJESTI<\/a>","qubely_excerpt":"BLAGOSLOV OBITELJI I ove je godine poslije Bo\u017ei\u0107a posjet obitelji ili blagoslov obitelji. Lijepo vas molimo, ukoliko ima \u017eupljana koji su se ove godine doselili u na\u0161u \u017eupu, a \u017eele posjet sve\u0107enika, neka se prijave u \u017dupnom uredu ili sakristiji kako bi vas uvrstili u raspored. U \u010detvrtak, 26. prosinca poslije podne zapo\u010det \u0107e blagoslov&hellip;","featured_image_urls_v2":{"full":"","thumbnail":"","medium":"","medium_large":"","large":"","1536x1536":"","2048x2048":"","qubely_landscape":"","qubely_portrait":"","qubely_thumbnail":""},"post_excerpt_stackable_v2":"<p>BLAGOSLOV OBITELJI I ove je godine poslije Bo\u017ei\u0107a posjet obitelji ili blagoslov obitelji. Lijepo vas molimo, ukoliko ima \u017eupljana koji su se ove godine doselili u na\u0161u \u017eupu, a \u017eele posjet sve\u0107enika, neka se prijave u \u017dupnom uredu ili sakristiji kako bi vas uvrstili u raspored. U \u010detvrtak, 26. prosinca poslije podne zapo\u010det \u0107e blagoslov obitelji u na\u0161oj \u017eupi. Raspored \u0107e biti objavljen u nedjelju, 22. prosinca. Mo\u0107i \u0107ete ga uzeti u crkvi ili pro\u010ditati na na\u0161oj web stranici: www.ofm.hr\/koprivnica PROMJENA ADRESE STANOVANJA Svake godine odre\u0111eni broj obitelji mijenja svoje boravi\u0161te. Molimo one koji su doselili tokom ove godine, a&hellip;<\/p>\n","category_list_v2":"<a href=\"https:\/\/www.ofm.hr\/koprivnica\/category\/obavjesti\/\" rel=\"category tag\">OBAVIJESTI<\/a>","author_info_v2":{"name":"Branko","url":"https:\/\/www.ofm.hr\/koprivnica\/author\/admkp8\/"},"comments_num_v2":"0 comments","_links":{"self":[{"href":"https:\/\/www.ofm.hr\/koprivnica\/wp-json\/wp\/v2\/posts\/15573","targetHints":{"allow":["GET"]}}],"collection":[{"href":"https:\/\/www.ofm.hr\/koprivnica\/wp-json\/wp\/v2\/posts"}],"about":[{"href":"https:\/\/www.ofm.hr\/koprivnica\/wp-json\/wp\/v2\/types\/post"}],"author":[{"embeddable":true,"href":"https:\/\/www.ofm.hr\/koprivnica\/wp-json\/wp\/v2\/users\/1"}],"replies":[{"embeddable":true,"href":"https:\/\/www.ofm.hr\/koprivnica\/wp-json\/wp\/v2\/comments?post=15573"}],"version-history":[{"count":1,"href":"https:\/\/www.ofm.hr\/koprivnica\/wp-json\/wp\/v2\/posts\/15573\/revisions"}],"predecessor-version":[{"id":15574,"href":"https:\/\/www.ofm.hr\/koprivnica\/wp-json\/wp\/v2\/posts\/15573\/revisions\/15574"}],"wp:attachment":[{"href":"https:\/\/www.ofm.hr\/koprivnica\/wp-json\/wp\/v2\/media?parent=15573"}],"wp:term":[{"taxonomy":"category","embeddable":true,"href":"https:\/\/www.ofm.hr\/koprivnica\/wp-json\/wp\/v2\/categories?post=15573"},{"taxonomy":"post_tag","embeddable":true,"href":"https:\/\/www.ofm.hr\/koprivnica\/wp-json\/wp\/v2\/tags?post=15573"}],"curies":[{"name":"wp","href":"https:\/\/api.w.org\/{rel}","templated":true}]}}