{"id":15654,"date":"2025-01-11T17:33:05","date_gmt":"2025-01-11T16:33:05","guid":{"rendered":"https:\/\/www.ofm.hr\/koprivnica\/?p=15654"},"modified":"2025-01-11T17:33:06","modified_gmt":"2025-01-11T16:33:06","slug":"zupne-obavijesti-od-12-1-19-1-2025","status":"publish","type":"post","link":"https:\/\/www.ofm.hr\/koprivnica\/zupne-obavijesti-od-12-1-19-1-2025\/","title":{"rendered":"\u017dupne obavijesti od 12. 1. &#8211; 19. 1. 2025."},"content":{"rendered":"\n<p><strong>ZAVJETNA MISA &#8211; NEDJELJA &#8211; 12. sije\u010dnja 2025.<\/strong><\/p>\n\n\n\n<p>Dopu\u0161tenjem ratnog ministarstva u Be\u010du kapelu Presvetog Otkupitelja sagradio je Vara\u017edinski generalat koji je od 1739. do 1765. imao svoje sjedi\u0161te u Koprivnici. Kapela je sagra\u0111ena u sklopu franjeva\u010dke crkve jer su Franjevci vr\u0161ili slu\u017ebu vojnih kapelana. Generalat je podigao ovu kapelu radi zavjeta koji je u\u010dinio u ratu. U samostanskim spisima zabilje\u017eeno je slijede\u0107e: <em>Kapelu Presvetog Otkupitelja podigao je 1745. iz zajedni\u010dke kase Generalata radi zavjeta u\u010dinjena u ratu. <\/em>Na natpisu iznad ulaza u kapelu pi\u0161e: <em>Hoc generalatus posuit Tibi Christe saeculum, haec igitur populi respice vota Tui<\/em> &#8211; \u0161to u prijevodu zna\u010di: <em>Ovu kapelu, Kriste, podigao je Tebi Generalat, ovdje dakle pogledaj zavjete Tvoga puka.<\/em> Svake godine na drugu nedjelju sije\u010dnja u spomen toga slavi se misa grada Koprivnice. Ove godine ve\u010dernju misu u 18,30 predvodit \u0107e vl\u010d. Timotej Inkert, kapelan u \u017eupi bl. Alojzija Stepinca, a za vrijeme mise pjevat \u0107e zbor \u017eupe bl. Alojzija. Tradiciju koja postoji ve\u0107 280 godina ne \u017eelimo prekinuti.<\/p>\n\n\n\n<p><strong><em>STATISTIKA ZA 2024. GODINU<\/em><\/strong><\/p>\n\n\n\n<figure class=\"wp-block-table\" data-block-type=\"core\"><table class=\"has-fixed-layout\"><tbody><tr><td colspan=\"2\">2024.<\/td><td colspan=\"2\">2023.<\/td><\/tr><tr><td><strong>kr\u0161teni<\/strong><\/td><td><strong>30<\/strong><\/td><td><strong>kr\u0161teni<\/strong><\/td><td><strong>34<\/strong><\/td><\/tr><tr><td>mu\u0161ki<\/td><td>16<\/td><td>mu\u0161ki<\/td><td>16<\/td><\/tr><tr><td>\u017eenski<\/td><td>14<\/td><td>\u017eenski<\/td><td>18<\/td><\/tr><tr><td>zakoniti<\/td><td>18<\/td><td>zakoniti<\/td><td>19<\/td><\/tr><tr><td>gra\u0111anski zakoniti<\/td><td>6<\/td><td>gra\u0111anski zakoniti<\/td><td>8<\/td><\/tr><tr><td>nezakoniti<\/td><td>6<\/td><td>nezakoniti<\/td><td>7<\/td><\/tr><tr><td>prva pri\u010dest<\/td><td>41<\/td><td>prva pri\u010dest<\/td><td>51<\/td><\/tr><tr><td>krizmanika<\/td><td>40<\/td><td>krizmanika<\/td><td>47<\/td><\/tr><tr><td>vjen\u010danih<\/td><td>7<\/td><td>vjen\u010danih<\/td><td>11<\/td><\/tr><tr><td><strong>umrlo<\/strong><\/td><td><strong>52<\/strong><\/td><td><strong>umrlo<\/strong><\/td><td><strong>55<\/strong><\/td><\/tr><tr><td>mu\u0161kih<\/td><td>23<\/td><td>mu\u0161kih<\/td><td>26<\/td><\/tr><tr><td>\u017eenskih<\/td><td>29<\/td><td>\u017eenskih<\/td><td>29<\/td><\/tr><tr><td>bez sakramenata<\/td><td>27<\/td><td>bez sakramenata<\/td><td>36<\/td><\/tr><tr><td>pohod bolesnika<\/td><td>85<\/td><td>pohod bolesnika<\/td><td>110<\/td><\/tr><tr><td>pri\u010desti<\/td><td>55.790<\/td><td>pri\u010desti<\/td><td>49.760<\/td><\/tr><\/tbody><\/table><\/figure>\n\n\n\n<p><strong><br><\/strong><\/p>\n\n\n\n<p><strong>BLAGOSLOV OBITELJI<\/strong><\/p>\n\n\n\n<p>Ovogodi\u0161nji redoviti blagoslov obitelji zavr\u0161io je u ponedjeljak, 6. sije\u010dnja. Nikoga nismo namjerno presko\u010dili. Moglo se dogoditi da smo zabunom pro\u0161li pokraj nekih vrata, a bilo je slu\u010dajeva da su uku\u0107ani bili na poslu ili na putu pa nismo mogli u\u0107i u stan ili ku\u0107u. Svi koji \u017eele neka se slobodno jave na broj <u>642-160<\/u> u vrijeme rada \u017dupnog ureda od 8-9 prije podne ili od 17-18 poslije podne da se dogovorimo kada \u0107e biti mogu\u0107e obaviti naknadni blagoslov.<\/p>\n\n\n\n<p>Hvala svima koji su nas primili. Hvala na va\u0161em daru koji \u0107e biti iskori\u0161ten za daljnje radove i popravke kojih uvijek ima. Prilika je da zahvalim i bra\u0107i franjevcima o. Draganu Grizelju, gvardijanu iz Vara\u017edina kao i o. Goranu Malenici, odgojitelju bogoslova koji su zajedno s o. Zoranom Bibi\u0107em, na\u0161im kapelanom obavili blagoslove.<\/p>\n\n\n\n<p><strong>UKLANJA SE \u017dUTA KANTA ZA PLASTI\u010cNE \u010cEPOVE<\/strong><\/p>\n\n\n\n<p>Dobili smo obavijest da od 1. sije\u010dnja 2025. godine u Komunalcu ne\u0107e vi\u0161e vr\u0161iti odvoz plasti\u010dnih \u010depova. Zbog toga \u0107e \u017euta kanta koja je bila pored metalnih stepenica za kor biti uklonjena pa nemojte vi\u0161e donositi plasti\u010dne \u010depove. Hvala!<\/p>\n","protected":false},"excerpt":{"rendered":"<p>ZAVJETNA MISA &#8211; NEDJELJA &#8211; 12. sije\u010dnja 2025. Dopu\u0161tenjem ratnog ministarstva u Be\u010du kapelu Presvetog Otkupitelja sagradio je Vara\u017edinski generalat koji je od 1739. do 1765. imao svoje sjedi\u0161te u Koprivnici. Kapela je sagra\u0111ena u sklopu franjeva\u010dke crkve jer su Franjevci vr\u0161ili slu\u017ebu vojnih kapelana. Generalat je podigao ovu kapelu radi zavjeta koji je u\u010dinio [&hellip;]<\/p>\n","protected":false},"author":1,"featured_media":0,"comment_status":"closed","ping_status":"open","sticky":false,"template":"","format":"standard","meta":{"qubely_global_settings":"","qubely_interactions":"","footnotes":""},"categories":[45],"tags":[],"class_list":["post-15654","post","type-post","status-publish","format-standard","hentry","category-obavjesti"],"blocksy_meta":[],"qubely_featured_image_url":null,"qubely_author":{"display_name":"Branko","author_link":"https:\/\/www.ofm.hr\/koprivnica\/author\/admkp8\/"},"qubely_comment":0,"qubely_category":"<a href=\"https:\/\/www.ofm.hr\/koprivnica\/category\/obavjesti\/\" rel=\"category tag\">OBAVIJESTI<\/a>","qubely_excerpt":"ZAVJETNA MISA &#8211; NEDJELJA &#8211; 12. sije\u010dnja 2025. Dopu\u0161tenjem ratnog ministarstva u Be\u010du kapelu Presvetog Otkupitelja sagradio je Vara\u017edinski generalat koji je od 1739. do 1765. imao svoje sjedi\u0161te u Koprivnici. Kapela je sagra\u0111ena u sklopu franjeva\u010dke crkve jer su Franjevci vr\u0161ili slu\u017ebu vojnih kapelana. Generalat je podigao ovu kapelu radi zavjeta koji je u\u010dinio&hellip;","featured_image_urls_v2":{"full":"","thumbnail":"","medium":"","medium_large":"","large":"","1536x1536":"","2048x2048":"","qubely_landscape":"","qubely_portrait":"","qubely_thumbnail":""},"post_excerpt_stackable_v2":"<p>ZAVJETNA MISA &#8211; NEDJELJA &#8211; 12. sije\u010dnja 2025. Dopu\u0161tenjem ratnog ministarstva u Be\u010du kapelu Presvetog Otkupitelja sagradio je Vara\u017edinski generalat koji je od 1739. do 1765. imao svoje sjedi\u0161te u Koprivnici. Kapela je sagra\u0111ena u sklopu franjeva\u010dke crkve jer su Franjevci vr\u0161ili slu\u017ebu vojnih kapelana. Generalat je podigao ovu kapelu radi zavjeta koji je u\u010dinio u ratu. U samostanskim spisima zabilje\u017eeno je slijede\u0107e: Kapelu Presvetog Otkupitelja podigao je 1745. iz zajedni\u010dke kase Generalata radi zavjeta u\u010dinjena u ratu. Na natpisu iznad ulaza u kapelu pi\u0161e: Hoc generalatus posuit Tibi Christe saeculum, haec igitur populi respice vota Tui &#8211; \u0161to u&hellip;<\/p>\n","category_list_v2":"<a href=\"https:\/\/www.ofm.hr\/koprivnica\/category\/obavjesti\/\" rel=\"category tag\">OBAVIJESTI<\/a>","author_info_v2":{"name":"Branko","url":"https:\/\/www.ofm.hr\/koprivnica\/author\/admkp8\/"},"comments_num_v2":"0 comments","_links":{"self":[{"href":"https:\/\/www.ofm.hr\/koprivnica\/wp-json\/wp\/v2\/posts\/15654","targetHints":{"allow":["GET"]}}],"collection":[{"href":"https:\/\/www.ofm.hr\/koprivnica\/wp-json\/wp\/v2\/posts"}],"about":[{"href":"https:\/\/www.ofm.hr\/koprivnica\/wp-json\/wp\/v2\/types\/post"}],"author":[{"embeddable":true,"href":"https:\/\/www.ofm.hr\/koprivnica\/wp-json\/wp\/v2\/users\/1"}],"replies":[{"embeddable":true,"href":"https:\/\/www.ofm.hr\/koprivnica\/wp-json\/wp\/v2\/comments?post=15654"}],"version-history":[{"count":1,"href":"https:\/\/www.ofm.hr\/koprivnica\/wp-json\/wp\/v2\/posts\/15654\/revisions"}],"predecessor-version":[{"id":15655,"href":"https:\/\/www.ofm.hr\/koprivnica\/wp-json\/wp\/v2\/posts\/15654\/revisions\/15655"}],"wp:attachment":[{"href":"https:\/\/www.ofm.hr\/koprivnica\/wp-json\/wp\/v2\/media?parent=15654"}],"wp:term":[{"taxonomy":"category","embeddable":true,"href":"https:\/\/www.ofm.hr\/koprivnica\/wp-json\/wp\/v2\/categories?post=15654"},{"taxonomy":"post_tag","embeddable":true,"href":"https:\/\/www.ofm.hr\/koprivnica\/wp-json\/wp\/v2\/tags?post=15654"}],"curies":[{"name":"wp","href":"https:\/\/api.w.org\/{rel}","templated":true}]}}