{"id":15673,"date":"2025-01-19T14:29:12","date_gmt":"2025-01-19T13:29:12","guid":{"rendered":"https:\/\/www.ofm.hr\/koprivnica\/?p=15673"},"modified":"2025-01-19T14:29:12","modified_gmt":"2025-01-19T13:29:12","slug":"zupne-obavijesti-od-19-1-26-1-2025","status":"publish","type":"post","link":"https:\/\/www.ofm.hr\/koprivnica\/zupne-obavijesti-od-19-1-26-1-2025\/","title":{"rendered":"\u017dupne obavijesti od 19. 1. &#8211; 26. 1. 2025."},"content":{"rendered":"\n<p><strong>Molitvena osmina za jedinstvo kr\u0161\u0107ana<\/strong><\/p>\n\n\n\n<p>U subotu, 18. sije\u010dnja &nbsp;zapo\u010dela je Molitvena osmina za jedinstvo kr\u0161\u0107ana koja traje do 25. sije\u010dnja. Na tu nakanu molimo u sklopu ve\u010dernje mise.<\/p>\n\n\n\n<p><strong>\u017dUPNI VJERONAUK<\/strong><\/p>\n\n\n\n<p>Ovaj tjedan nastavlja se \u017eupni vjeronauk za tre\u0107e i osme razrede po rasporedu iz prvog polugodi\u0161ta.<\/p>\n\n\n\n<p>Drugi razred osnovne \u0161kole ima svoj susret u \u010detvrtak u 16 sati.<\/p>\n","protected":false},"excerpt":{"rendered":"<p>Molitvena osmina za jedinstvo kr\u0161\u0107ana U subotu, 18. sije\u010dnja &nbsp;zapo\u010dela je Molitvena osmina za jedinstvo kr\u0161\u0107ana koja traje do 25. sije\u010dnja. Na tu nakanu molimo u sklopu ve\u010dernje mise. \u017dUPNI VJERONAUK Ovaj tjedan nastavlja se \u017eupni vjeronauk za tre\u0107e i osme razrede po rasporedu iz prvog polugodi\u0161ta. Drugi razred osnovne \u0161kole ima svoj susret u [&hellip;]<\/p>\n","protected":false},"author":1,"featured_media":0,"comment_status":"closed","ping_status":"open","sticky":false,"template":"","format":"standard","meta":{"qubely_global_settings":"","qubely_interactions":"","footnotes":""},"categories":[45],"tags":[],"class_list":["post-15673","post","type-post","status-publish","format-standard","hentry","category-obavjesti"],"blocksy_meta":[],"qubely_featured_image_url":null,"qubely_author":{"display_name":"Branko","author_link":"https:\/\/www.ofm.hr\/koprivnica\/author\/admkp8\/"},"qubely_comment":0,"qubely_category":"<a href=\"https:\/\/www.ofm.hr\/koprivnica\/category\/obavjesti\/\" rel=\"category tag\">OBAVIJESTI<\/a>","qubely_excerpt":"Molitvena osmina za jedinstvo kr\u0161\u0107ana U subotu, 18. sije\u010dnja &nbsp;zapo\u010dela je Molitvena osmina za jedinstvo kr\u0161\u0107ana koja traje do 25. sije\u010dnja. Na tu nakanu molimo u sklopu ve\u010dernje mise. \u017dUPNI VJERONAUK Ovaj tjedan nastavlja se \u017eupni vjeronauk za tre\u0107e i osme razrede po rasporedu iz prvog polugodi\u0161ta. Drugi razred osnovne \u0161kole ima svoj susret u&hellip;","featured_image_urls_v2":{"full":"","thumbnail":"","medium":"","medium_large":"","large":"","1536x1536":"","2048x2048":"","qubely_landscape":"","qubely_portrait":"","qubely_thumbnail":""},"post_excerpt_stackable_v2":"<p>Molitvena osmina za jedinstvo kr\u0161\u0107ana U subotu, 18. sije\u010dnja &nbsp;zapo\u010dela je Molitvena osmina za jedinstvo kr\u0161\u0107ana koja traje do 25. sije\u010dnja. Na tu nakanu molimo u sklopu ve\u010dernje mise. \u017dUPNI VJERONAUK Ovaj tjedan nastavlja se \u017eupni vjeronauk za tre\u0107e i osme razrede po rasporedu iz prvog polugodi\u0161ta. Drugi razred osnovne \u0161kole ima svoj susret u \u010detvrtak u 16 sati.<\/p>\n","category_list_v2":"<a href=\"https:\/\/www.ofm.hr\/koprivnica\/category\/obavjesti\/\" rel=\"category tag\">OBAVIJESTI<\/a>","author_info_v2":{"name":"Branko","url":"https:\/\/www.ofm.hr\/koprivnica\/author\/admkp8\/"},"comments_num_v2":"0 comments","_links":{"self":[{"href":"https:\/\/www.ofm.hr\/koprivnica\/wp-json\/wp\/v2\/posts\/15673","targetHints":{"allow":["GET"]}}],"collection":[{"href":"https:\/\/www.ofm.hr\/koprivnica\/wp-json\/wp\/v2\/posts"}],"about":[{"href":"https:\/\/www.ofm.hr\/koprivnica\/wp-json\/wp\/v2\/types\/post"}],"author":[{"embeddable":true,"href":"https:\/\/www.ofm.hr\/koprivnica\/wp-json\/wp\/v2\/users\/1"}],"replies":[{"embeddable":true,"href":"https:\/\/www.ofm.hr\/koprivnica\/wp-json\/wp\/v2\/comments?post=15673"}],"version-history":[{"count":1,"href":"https:\/\/www.ofm.hr\/koprivnica\/wp-json\/wp\/v2\/posts\/15673\/revisions"}],"predecessor-version":[{"id":15674,"href":"https:\/\/www.ofm.hr\/koprivnica\/wp-json\/wp\/v2\/posts\/15673\/revisions\/15674"}],"wp:attachment":[{"href":"https:\/\/www.ofm.hr\/koprivnica\/wp-json\/wp\/v2\/media?parent=15673"}],"wp:term":[{"taxonomy":"category","embeddable":true,"href":"https:\/\/www.ofm.hr\/koprivnica\/wp-json\/wp\/v2\/categories?post=15673"},{"taxonomy":"post_tag","embeddable":true,"href":"https:\/\/www.ofm.hr\/koprivnica\/wp-json\/wp\/v2\/tags?post=15673"}],"curies":[{"name":"wp","href":"https:\/\/api.w.org\/{rel}","templated":true}]}}