{"id":15690,"date":"2025-01-26T18:10:07","date_gmt":"2025-01-26T17:10:07","guid":{"rendered":"https:\/\/www.ofm.hr\/koprivnica\/?p=15690"},"modified":"2025-01-26T18:13:48","modified_gmt":"2025-01-26T17:13:48","slug":"zupne-obavijesti-od-26-1-2-2-2025","status":"publish","type":"post","link":"https:\/\/www.ofm.hr\/koprivnica\/zupne-obavijesti-od-26-1-2-2-2025\/","title":{"rendered":"\u017dupne obavijesti od 26. 1. &#8211; 2. 2. 2025."},"content":{"rendered":"\n<p><strong>SJEDNICA \u017dPV-a i \u017dEV-a<\/strong><\/p>\n\n\n\n<p>Sutra, 27. sije\u010dnja u 19 sati odr\u017eat \u0107e se prva sjednica \u017dPV-a i \u017dEV-a<\/p>\n\n\n\n<p><strong>Vije\u0107e FSR-a<\/strong><\/p>\n\n\n\n<p>U utorak, 28. sije\u010dnja poslije ve\u010dernje mise Vije\u0107e je FSR-a<\/p>\n\n\n\n<p><strong>\u017dUPNI VJERONAUK<\/strong><\/p>\n\n\n\n<p>Prvopri\u010desnici i krizmanici imaju \u017eupni vjeronauk po redovitom rasporedu.<\/p>\n\n\n\n<p>Sedmi razredi imaju u \u010detvrtak, 30. sije\u010dnja svoj susret u 16 sati u crkvi.<\/p>\n\n\n\n<p><strong>SVIJE\u0106NICA<\/strong><\/p>\n\n\n\n<p>U nedjelju, 2. velja\u010de je Svije\u0107nica. Mise su u 7 \u2013 9,30 &#8211; 11,30 &#8211; 18,30. Kod ve\u010dernje mise zapo\u010dinje devetnica u \u010dast Gospi Lurdskoj.<\/p>\n","protected":false},"excerpt":{"rendered":"<p>SJEDNICA \u017dPV-a i \u017dEV-a Sutra, 27. sije\u010dnja u 19 sati odr\u017eat \u0107e se prva sjednica \u017dPV-a i \u017dEV-a Vije\u0107e FSR-a U utorak, 28. sije\u010dnja poslije ve\u010dernje mise Vije\u0107e je FSR-a \u017dUPNI VJERONAUK Prvopri\u010desnici i krizmanici imaju \u017eupni vjeronauk po redovitom rasporedu. Sedmi razredi imaju u \u010detvrtak, 30. sije\u010dnja svoj susret u 16 sati u crkvi. [&hellip;]<\/p>\n","protected":false},"author":1,"featured_media":0,"comment_status":"closed","ping_status":"open","sticky":false,"template":"","format":"standard","meta":{"qubely_global_settings":"","qubely_interactions":"","footnotes":""},"categories":[45],"tags":[],"class_list":["post-15690","post","type-post","status-publish","format-standard","hentry","category-obavjesti"],"blocksy_meta":[],"qubely_featured_image_url":null,"qubely_author":{"display_name":"Branko","author_link":"https:\/\/www.ofm.hr\/koprivnica\/author\/admkp8\/"},"qubely_comment":0,"qubely_category":"<a href=\"https:\/\/www.ofm.hr\/koprivnica\/category\/obavjesti\/\" rel=\"category tag\">OBAVIJESTI<\/a>","qubely_excerpt":"SJEDNICA \u017dPV-a i \u017dEV-a Sutra, 27. sije\u010dnja u 19 sati odr\u017eat \u0107e se prva sjednica \u017dPV-a i \u017dEV-a Vije\u0107e FSR-a U utorak, 28. sije\u010dnja poslije ve\u010dernje mise Vije\u0107e je FSR-a \u017dUPNI VJERONAUK Prvopri\u010desnici i krizmanici imaju \u017eupni vjeronauk po redovitom rasporedu. Sedmi razredi imaju u \u010detvrtak, 30. sije\u010dnja svoj susret u 16 sati u crkvi.&hellip;","featured_image_urls_v2":{"full":"","thumbnail":"","medium":"","medium_large":"","large":"","1536x1536":"","2048x2048":"","qubely_landscape":"","qubely_portrait":"","qubely_thumbnail":""},"post_excerpt_stackable_v2":"<p>SJEDNICA \u017dPV-a i \u017dEV-a Sutra, 27. sije\u010dnja u 19 sati odr\u017eat \u0107e se prva sjednica \u017dPV-a i \u017dEV-a Vije\u0107e FSR-a U utorak, 28. sije\u010dnja poslije ve\u010dernje mise Vije\u0107e je FSR-a \u017dUPNI VJERONAUK Prvopri\u010desnici i krizmanici imaju \u017eupni vjeronauk po redovitom rasporedu. Sedmi razredi imaju u \u010detvrtak, 30. sije\u010dnja svoj susret u 16 sati u crkvi. SVIJE\u0106NICA U nedjelju, 2. velja\u010de je Svije\u0107nica. Mise su u 7 \u2013 9,30 &#8211; 11,30 &#8211; 18,30. Kod ve\u010dernje mise zapo\u010dinje devetnica u \u010dast Gospi Lurdskoj.<\/p>\n","category_list_v2":"<a href=\"https:\/\/www.ofm.hr\/koprivnica\/category\/obavjesti\/\" rel=\"category tag\">OBAVIJESTI<\/a>","author_info_v2":{"name":"Branko","url":"https:\/\/www.ofm.hr\/koprivnica\/author\/admkp8\/"},"comments_num_v2":"0 comments","_links":{"self":[{"href":"https:\/\/www.ofm.hr\/koprivnica\/wp-json\/wp\/v2\/posts\/15690","targetHints":{"allow":["GET"]}}],"collection":[{"href":"https:\/\/www.ofm.hr\/koprivnica\/wp-json\/wp\/v2\/posts"}],"about":[{"href":"https:\/\/www.ofm.hr\/koprivnica\/wp-json\/wp\/v2\/types\/post"}],"author":[{"embeddable":true,"href":"https:\/\/www.ofm.hr\/koprivnica\/wp-json\/wp\/v2\/users\/1"}],"replies":[{"embeddable":true,"href":"https:\/\/www.ofm.hr\/koprivnica\/wp-json\/wp\/v2\/comments?post=15690"}],"version-history":[{"count":1,"href":"https:\/\/www.ofm.hr\/koprivnica\/wp-json\/wp\/v2\/posts\/15690\/revisions"}],"predecessor-version":[{"id":15691,"href":"https:\/\/www.ofm.hr\/koprivnica\/wp-json\/wp\/v2\/posts\/15690\/revisions\/15691"}],"wp:attachment":[{"href":"https:\/\/www.ofm.hr\/koprivnica\/wp-json\/wp\/v2\/media?parent=15690"}],"wp:term":[{"taxonomy":"category","embeddable":true,"href":"https:\/\/www.ofm.hr\/koprivnica\/wp-json\/wp\/v2\/categories?post=15690"},{"taxonomy":"post_tag","embeddable":true,"href":"https:\/\/www.ofm.hr\/koprivnica\/wp-json\/wp\/v2\/tags?post=15690"}],"curies":[{"name":"wp","href":"https:\/\/api.w.org\/{rel}","templated":true}]}}