{"id":15801,"date":"2025-02-09T22:22:34","date_gmt":"2025-02-09T21:22:34","guid":{"rendered":"https:\/\/www.ofm.hr\/koprivnica\/?p=15801"},"modified":"2025-02-09T22:22:35","modified_gmt":"2025-02-09T21:22:35","slug":"zupne-obavijesti-od-9-2-16-2-2025","status":"publish","type":"post","link":"https:\/\/www.ofm.hr\/koprivnica\/zupne-obavijesti-od-9-2-16-2-2025\/","title":{"rendered":"\u017dupne obavijesti od 9. 2. &#8211; 16. 2. 2025."},"content":{"rendered":"\n<p><strong>BLAGDAN BL. ALOJZIJA STEPINCA<\/strong><\/p>\n\n\n\n<p>U ponedjeljak je blagdan bl. Alojzija Stepinca. U \u017eupi bl. Alojzija Stepinca odr\u017eavaju se <em>Stepin\u010devi dani <\/em>koji zavr\u0161avaju u ponedjeljak u 18 sati sve\u010danom misom koju predvodi mons. Josip Mrzljak, vara\u017edinski biskup u miru.<\/p>\n\n\n\n<p><strong>GOSPA LURDSKA<\/strong><\/p>\n\n\n\n<p>U tijeku je devetnica Gospi Lurdskoj koja zavr\u0161ava u utorak, 11. velja\u010de s misom u 18,30<\/p>\n","protected":false},"excerpt":{"rendered":"<p>BLAGDAN BL. ALOJZIJA STEPINCA U ponedjeljak je blagdan bl. Alojzija Stepinca. U \u017eupi bl. Alojzija Stepinca odr\u017eavaju se Stepin\u010devi dani koji zavr\u0161avaju u ponedjeljak u 18 sati sve\u010danom misom koju predvodi mons. Josip Mrzljak, vara\u017edinski biskup u miru. GOSPA LURDSKA U tijeku je devetnica Gospi Lurdskoj koja zavr\u0161ava u utorak, 11. velja\u010de s misom u [&hellip;]<\/p>\n","protected":false},"author":1,"featured_media":0,"comment_status":"closed","ping_status":"open","sticky":false,"template":"","format":"standard","meta":{"qubely_global_settings":"","qubely_interactions":"","footnotes":""},"categories":[45],"tags":[],"class_list":["post-15801","post","type-post","status-publish","format-standard","hentry","category-obavjesti"],"blocksy_meta":[],"qubely_featured_image_url":null,"qubely_author":{"display_name":"Branko","author_link":"https:\/\/www.ofm.hr\/koprivnica\/author\/admkp8\/"},"qubely_comment":0,"qubely_category":"<a href=\"https:\/\/www.ofm.hr\/koprivnica\/category\/obavjesti\/\" rel=\"category tag\">OBAVIJESTI<\/a>","qubely_excerpt":"BLAGDAN BL. ALOJZIJA STEPINCA U ponedjeljak je blagdan bl. Alojzija Stepinca. U \u017eupi bl. Alojzija Stepinca odr\u017eavaju se Stepin\u010devi dani koji zavr\u0161avaju u ponedjeljak u 18 sati sve\u010danom misom koju predvodi mons. Josip Mrzljak, vara\u017edinski biskup u miru. GOSPA LURDSKA U tijeku je devetnica Gospi Lurdskoj koja zavr\u0161ava u utorak, 11. velja\u010de s misom u&hellip;","featured_image_urls_v2":{"full":"","thumbnail":"","medium":"","medium_large":"","large":"","1536x1536":"","2048x2048":"","qubely_landscape":"","qubely_portrait":"","qubely_thumbnail":""},"post_excerpt_stackable_v2":"<p>BLAGDAN BL. ALOJZIJA STEPINCA U ponedjeljak je blagdan bl. Alojzija Stepinca. U \u017eupi bl. Alojzija Stepinca odr\u017eavaju se Stepin\u010devi dani koji zavr\u0161avaju u ponedjeljak u 18 sati sve\u010danom misom koju predvodi mons. Josip Mrzljak, vara\u017edinski biskup u miru. GOSPA LURDSKA U tijeku je devetnica Gospi Lurdskoj koja zavr\u0161ava u utorak, 11. velja\u010de s misom u 18,30<\/p>\n","category_list_v2":"<a href=\"https:\/\/www.ofm.hr\/koprivnica\/category\/obavjesti\/\" rel=\"category tag\">OBAVIJESTI<\/a>","author_info_v2":{"name":"Branko","url":"https:\/\/www.ofm.hr\/koprivnica\/author\/admkp8\/"},"comments_num_v2":"0 comments","_links":{"self":[{"href":"https:\/\/www.ofm.hr\/koprivnica\/wp-json\/wp\/v2\/posts\/15801","targetHints":{"allow":["GET"]}}],"collection":[{"href":"https:\/\/www.ofm.hr\/koprivnica\/wp-json\/wp\/v2\/posts"}],"about":[{"href":"https:\/\/www.ofm.hr\/koprivnica\/wp-json\/wp\/v2\/types\/post"}],"author":[{"embeddable":true,"href":"https:\/\/www.ofm.hr\/koprivnica\/wp-json\/wp\/v2\/users\/1"}],"replies":[{"embeddable":true,"href":"https:\/\/www.ofm.hr\/koprivnica\/wp-json\/wp\/v2\/comments?post=15801"}],"version-history":[{"count":1,"href":"https:\/\/www.ofm.hr\/koprivnica\/wp-json\/wp\/v2\/posts\/15801\/revisions"}],"predecessor-version":[{"id":15802,"href":"https:\/\/www.ofm.hr\/koprivnica\/wp-json\/wp\/v2\/posts\/15801\/revisions\/15802"}],"wp:attachment":[{"href":"https:\/\/www.ofm.hr\/koprivnica\/wp-json\/wp\/v2\/media?parent=15801"}],"wp:term":[{"taxonomy":"category","embeddable":true,"href":"https:\/\/www.ofm.hr\/koprivnica\/wp-json\/wp\/v2\/categories?post=15801"},{"taxonomy":"post_tag","embeddable":true,"href":"https:\/\/www.ofm.hr\/koprivnica\/wp-json\/wp\/v2\/tags?post=15801"}],"curies":[{"name":"wp","href":"https:\/\/api.w.org\/{rel}","templated":true}]}}