{"id":15946,"date":"2025-03-02T18:22:00","date_gmt":"2025-03-02T17:22:00","guid":{"rendered":"https:\/\/www.ofm.hr\/koprivnica\/?p=15946"},"modified":"2025-03-02T18:22:01","modified_gmt":"2025-03-02T17:22:01","slug":"zupne-obavijesti-od-2-3-9-3-2025","status":"publish","type":"post","link":"https:\/\/www.ofm.hr\/koprivnica\/zupne-obavijesti-od-2-3-9-3-2025\/","title":{"rendered":"\u017dupne obavijesti od 2. 3. &#8211; 9. 3. 2025."},"content":{"rendered":"\n<p><strong><u>EUHARISTIJSKO KLANJANJE UO\u010cI KORIZME<\/u><\/strong><\/p>\n\n\n\n<p><strong>Euharistijsko klanjanje ovaj tjedan biti \u0107e na pokladni utorak kao znak zadovolj\u0161tine za grijehe koje se ovih dana \u010dine u ma\u0161karama i neodgovornom na\u010dinu \u017eivljenja. Organizira ga Franjeva\u010dki Svjetovni Red, a pozvani su svi koji osje\u0107aju potrebu dati zadovolj\u0161tinu Isusu u Presvetom Oltarskom Sakramentu. Klanjanje zapo\u010dinje poslije ve\u010dernje mise. Na Pepelnicu ne\u0107e biti klanjanja.<\/strong><\/p>\n\n\n\n<p><strong>DOBRO JE ZNATI U VREMENU KOJE NAM PRETHODI<\/strong><\/p>\n\n\n\n<p><strong>U srijedu, 5. o\u017eujka zapo\u010dinje vrijeme priprave za Uskrs koje nazivamo KORIZMA. Traje 40 dana i prilika je da kao kr\u0161\u0107ani kroz to vrijeme ozbiljno radimo na svom obra\u0107enju. Iako je godina Bo\u017ejeg milosr\u0111a slu\u017ebeno zaklju\u010dena na svetkovinu Krista Kralja, ostaje obveza da nasljedujemo dobrog Boga i sami budemo milosrdni prema bra\u0107i ljudima. To je mogu\u0107e samo onda ako spoznamo koliko je Bog milosrdan prema nama i uzvratimo istim raspolo\u017eenjem prema svojim bli\u017enjima.<\/strong><\/p>\n\n\n\n<p><strong>POST I NEMRS<\/strong><\/p>\n\n\n\n<p><strong>Post i nemrs <\/strong>dvije su stvarnosti koje \u0107e nas pratiti kroz ovu korizmu i nije nikada na odmet ponovno ih ispo\u010detka malo pojasniti&#8230; Mnogi te dvije rije\u010di smatraju istozna\u010dnicama, sinonimima, premda nisu. <strong>Post <\/strong>za katolika zna\u010di uzeti samo jedan puni obrok u danu. <strong>Nemrs <\/strong>zna\u010di redovito jesti (uobi\u010dajena tri obroka dnevno), ali da to ne bude meso. Uo\u010diti i znati treba ovo: u dva dana &#8220;strogog posta&#8221; <strong>(\u010cista srijeda i Veliki petak) <\/strong>nije samo post, nego, zajedno, i post i nemrs! Zna\u010di: vjernik toga dana jede samo jedan puni obrok (&#8220;do sita&#8221;), jer je post i ne jede meso, jer je nemrs! &#8211; U ostale petke uzima redovite obroke, ali se odri\u010de mesa. Vi\u0161e od toga nije zapovje\u0111eno, ali je vrijedno, i mnogi poste vi\u0161e i \u010de\u0161\u0107e (na primjer na Badnjak, uo\u010di Velike Gospe) i stro\u017ee: &#8220;o kruhu i vodi&#8221;.<\/p>\n\n\n\n<p>Prema sada\u0161njoj crkvenoj disciplini <strong>post je obvezan za katolike od navr\u0161ene 18. do zapo\u010dete 60. godine \u017eivota: na Pepelnicu i na Veliki petak. <\/strong>Dobrovoljno ga mogu \u010diniti i mla\u0111i i stariji od ovih dobnih granica. Za nemrs (obi\u010dnim petkom) crkveni zakonik je sa\u017eet i kratak: &#8220;<strong>Zakon nemrsa obvezuje one koji su navr\u0161ili 14. godinu \u017eivota, osim ako je u petak svetkovina.<\/strong>&#8220;<\/p>\n\n\n\n<p>Jo\u0161 ne\u0161to o svakom obi\u010dnom petku. Stara je praksa vjernika da petkom obdr\u017eavaju nemrs i tijekom cijele godine. Ali, ako je netko u takvim okolnostima da mora jesti meso (npr. na terenu, u bolnici, u menzi i sl.) mo\u017ee jesti meso, a umjesto toga se u petak treba odre\u0107i ne\u010dega drugoga (pu\u0161enja, pi\u0107a, zabave&#8230;) ili u\u010diniti neko dobro djelo (obilnija molitva, \u010ditanje Svetoga pisma, posjet bolesniku, darivanje potrebnih&#8230;) O\u010dito je: Crkva od svih tra\u017ei ono \u0161to svi uglavnom i mogu. Ne pretjeruje, ali nam ne prije\u010di samoinicijativu, to jest u\u010diniti i vi\u0161e no \u0161to se tra\u017ei.<\/p>\n\n\n\n<p>Petak nije odabran slu\u010dajno. To je dan Kristove muke i smrti na kri\u017eu. Svaki je petak &#8220;mali Veliki petak&#8221;. Vjernik se kroz svoje odricanje sa zahvalno\u0161\u0107u sje\u0107a Kristova djela i na svoj skromni na\u010din uve\u0107ava dobrotu u svom krugu: odricanjem sna\u017ee\u0107i svoju volju, a dobrim djelima poma\u017eu\u0107i bli\u017enjima. Imamo li na umu da to svakog petka, stolje\u0107ima, \u010dini cijela Crkva, onda je to svojevrsni &#8220;toplotni udar dobrote&#8221; na cijelom svijetu.<\/p>\n\n\n\n<p><strong><u>KORIZMENE PONUDE<\/u><\/strong><\/p>\n\n\n\n<p>Kroz ovu Korizmu imat \u0107emo priliku u na\u0161oj \u017eupnoj zajednici zajedni\u010dki se pripravljati za svetkovinu Kristova Uskrsnu\u0107a na vi\u0161e na\u010dina:<\/p>\n\n\n\n<p><strong>Ponedjeljkom<\/strong> poslije ve\u010dernje mise <strong>BIBLIJSKI SAT<\/strong><\/p>\n\n\n\n<p><strong>Nedjeljom i petkom <\/strong>u 18 biti \u0107e pobo\u017enost <strong>KRI\u017dNOG PUTA<\/strong> nakon kojeg slijedi sveta misa.<\/p>\n\n\n\n<p><strong>Srijedom<\/strong> poslije ve\u010dernje mise slijedi <strong>EUHARISTIJSKO KLANJANJE<\/strong><\/p>\n","protected":false},"excerpt":{"rendered":"<p>EUHARISTIJSKO KLANJANJE UO\u010cI KORIZME Euharistijsko klanjanje ovaj tjedan biti \u0107e na pokladni utorak kao znak zadovolj\u0161tine za grijehe koje se ovih dana \u010dine u ma\u0161karama i neodgovornom na\u010dinu \u017eivljenja. Organizira ga Franjeva\u010dki Svjetovni Red, a pozvani su svi koji osje\u0107aju potrebu dati zadovolj\u0161tinu Isusu u Presvetom Oltarskom Sakramentu. Klanjanje zapo\u010dinje poslije ve\u010dernje mise. Na Pepelnicu [&hellip;]<\/p>\n","protected":false},"author":1,"featured_media":0,"comment_status":"closed","ping_status":"open","sticky":false,"template":"","format":"standard","meta":{"qubely_global_settings":"","qubely_interactions":"","footnotes":""},"categories":[45],"tags":[],"class_list":["post-15946","post","type-post","status-publish","format-standard","hentry","category-obavjesti"],"blocksy_meta":[],"qubely_featured_image_url":null,"qubely_author":{"display_name":"Branko","author_link":"https:\/\/www.ofm.hr\/koprivnica\/author\/admkp8\/"},"qubely_comment":0,"qubely_category":"<a href=\"https:\/\/www.ofm.hr\/koprivnica\/category\/obavjesti\/\" rel=\"category tag\">OBAVIJESTI<\/a>","qubely_excerpt":"EUHARISTIJSKO KLANJANJE UO\u010cI KORIZME Euharistijsko klanjanje ovaj tjedan biti \u0107e na pokladni utorak kao znak zadovolj\u0161tine za grijehe koje se ovih dana \u010dine u ma\u0161karama i neodgovornom na\u010dinu \u017eivljenja. Organizira ga Franjeva\u010dki Svjetovni Red, a pozvani su svi koji osje\u0107aju potrebu dati zadovolj\u0161tinu Isusu u Presvetom Oltarskom Sakramentu. Klanjanje zapo\u010dinje poslije ve\u010dernje mise. Na Pepelnicu&hellip;","featured_image_urls_v2":{"full":"","thumbnail":"","medium":"","medium_large":"","large":"","1536x1536":"","2048x2048":"","qubely_landscape":"","qubely_portrait":"","qubely_thumbnail":""},"post_excerpt_stackable_v2":"<p>EUHARISTIJSKO KLANJANJE UO\u010cI KORIZME Euharistijsko klanjanje ovaj tjedan biti \u0107e na pokladni utorak kao znak zadovolj\u0161tine za grijehe koje se ovih dana \u010dine u ma\u0161karama i neodgovornom na\u010dinu \u017eivljenja. Organizira ga Franjeva\u010dki Svjetovni Red, a pozvani su svi koji osje\u0107aju potrebu dati zadovolj\u0161tinu Isusu u Presvetom Oltarskom Sakramentu. Klanjanje zapo\u010dinje poslije ve\u010dernje mise. Na Pepelnicu ne\u0107e biti klanjanja. DOBRO JE ZNATI U VREMENU KOJE NAM PRETHODI U srijedu, 5. o\u017eujka zapo\u010dinje vrijeme priprave za Uskrs koje nazivamo KORIZMA. Traje 40 dana i prilika je da kao kr\u0161\u0107ani kroz to vrijeme ozbiljno radimo na svom obra\u0107enju. Iako je godina Bo\u017ejeg milosr\u0111a&hellip;<\/p>\n","category_list_v2":"<a href=\"https:\/\/www.ofm.hr\/koprivnica\/category\/obavjesti\/\" rel=\"category tag\">OBAVIJESTI<\/a>","author_info_v2":{"name":"Branko","url":"https:\/\/www.ofm.hr\/koprivnica\/author\/admkp8\/"},"comments_num_v2":"0 comments","_links":{"self":[{"href":"https:\/\/www.ofm.hr\/koprivnica\/wp-json\/wp\/v2\/posts\/15946","targetHints":{"allow":["GET"]}}],"collection":[{"href":"https:\/\/www.ofm.hr\/koprivnica\/wp-json\/wp\/v2\/posts"}],"about":[{"href":"https:\/\/www.ofm.hr\/koprivnica\/wp-json\/wp\/v2\/types\/post"}],"author":[{"embeddable":true,"href":"https:\/\/www.ofm.hr\/koprivnica\/wp-json\/wp\/v2\/users\/1"}],"replies":[{"embeddable":true,"href":"https:\/\/www.ofm.hr\/koprivnica\/wp-json\/wp\/v2\/comments?post=15946"}],"version-history":[{"count":1,"href":"https:\/\/www.ofm.hr\/koprivnica\/wp-json\/wp\/v2\/posts\/15946\/revisions"}],"predecessor-version":[{"id":15947,"href":"https:\/\/www.ofm.hr\/koprivnica\/wp-json\/wp\/v2\/posts\/15946\/revisions\/15947"}],"wp:attachment":[{"href":"https:\/\/www.ofm.hr\/koprivnica\/wp-json\/wp\/v2\/media?parent=15946"}],"wp:term":[{"taxonomy":"category","embeddable":true,"href":"https:\/\/www.ofm.hr\/koprivnica\/wp-json\/wp\/v2\/categories?post=15946"},{"taxonomy":"post_tag","embeddable":true,"href":"https:\/\/www.ofm.hr\/koprivnica\/wp-json\/wp\/v2\/tags?post=15946"}],"curies":[{"name":"wp","href":"https:\/\/api.w.org\/{rel}","templated":true}]}}