{"id":16045,"date":"2025-03-16T18:00:20","date_gmt":"2025-03-16T17:00:20","guid":{"rendered":"https:\/\/www.ofm.hr\/koprivnica\/?p=16045"},"modified":"2025-03-16T18:00:21","modified_gmt":"2025-03-16T17:00:21","slug":"zupne-obavijesti-od-16-3-23-3-2025","status":"publish","type":"post","link":"https:\/\/www.ofm.hr\/koprivnica\/zupne-obavijesti-od-16-3-23-3-2025\/","title":{"rendered":"\u017dupne obavijesti od  16. 3. &#8211; 23. 3. 2025."},"content":{"rendered":"\n<p><strong>TRINAEST UTORAKA U \u010cAST SV. ANTUNU<\/strong><\/p>\n\n\n\n<p>U utorak, 18. o\u017eujka zapo\u010dinje pobo\u017enost u \u010dast sv. Antunu &#8211; TRINAEST UTORAKA &#8211; pred njegov blagdan. Svaki utorak do 13. lipnja posebna je pobo\u017enost kod ve\u010dernje mise u 18,15.<\/p>\n\n\n\n<p><strong><u>BLAGDAN SV. JOSIPA<\/u><\/strong><\/p>\n\n\n\n<p>U srijedu, 19. o\u017eujka blagdan je sv. Josipa. Ovdje su mise u 7 i 18,30 sati<\/p>\n\n\n\n<p><strong><u>DAR ZA POTREBE \u017dUPNOG KARITASA<\/u><\/strong><\/p>\n\n\n\n<p>Pribli\u017eava se Uskrs. Svjesni smo da mnogi te\u0161ko \u017eive. Za Bo\u017ei\u0107 ste pokazali solidarnost donose\u0107i namirnice za potrebne. I sada vam preporu\u010damo da na taj na\u010din pomognete koliko tko mo\u017ee. Svoj dar u hrani mo\u017eete ostaviti u sakristiji ili \u017eupnom uredu, a sve prikupljeno podijeliti \u0107emo potrebnima u \u017eupi. Rok do kojeg skupljamo je 2. travnja. Hvala unaprijed!<\/p>\n\n\n\n<p><strong>\u017dUPNI VJERONAUK<\/strong><\/p>\n\n\n\n<p>Prvopri\u010desnici i krizmanici ovaj tjedan imaju vjeronauk u redovito vrijeme.<\/p>\n\n\n\n<p><strong>Drugi razred ima svoj susret u \u010detvrtak, 20. o\u017eujka u 16 sati u crkvi.<\/strong><\/p>\n","protected":false},"excerpt":{"rendered":"<p>TRINAEST UTORAKA U \u010cAST SV. ANTUNU U utorak, 18. o\u017eujka zapo\u010dinje pobo\u017enost u \u010dast sv. Antunu &#8211; TRINAEST UTORAKA &#8211; pred njegov blagdan. Svaki utorak do 13. lipnja posebna je pobo\u017enost kod ve\u010dernje mise u 18,15. BLAGDAN SV. JOSIPA U srijedu, 19. o\u017eujka blagdan je sv. Josipa. Ovdje su mise u 7 i 18,30 sati [&hellip;]<\/p>\n","protected":false},"author":1,"featured_media":0,"comment_status":"closed","ping_status":"open","sticky":false,"template":"","format":"standard","meta":{"qubely_global_settings":"","qubely_interactions":"","footnotes":""},"categories":[45],"tags":[],"class_list":["post-16045","post","type-post","status-publish","format-standard","hentry","category-obavjesti"],"blocksy_meta":[],"qubely_featured_image_url":null,"qubely_author":{"display_name":"Branko","author_link":"https:\/\/www.ofm.hr\/koprivnica\/author\/admkp8\/"},"qubely_comment":0,"qubely_category":"<a href=\"https:\/\/www.ofm.hr\/koprivnica\/category\/obavjesti\/\" rel=\"category tag\">OBAVIJESTI<\/a>","qubely_excerpt":"TRINAEST UTORAKA U \u010cAST SV. ANTUNU U utorak, 18. o\u017eujka zapo\u010dinje pobo\u017enost u \u010dast sv. Antunu &#8211; TRINAEST UTORAKA &#8211; pred njegov blagdan. Svaki utorak do 13. lipnja posebna je pobo\u017enost kod ve\u010dernje mise u 18,15. BLAGDAN SV. JOSIPA U srijedu, 19. o\u017eujka blagdan je sv. Josipa. Ovdje su mise u 7 i 18,30 sati&hellip;","featured_image_urls_v2":{"full":"","thumbnail":"","medium":"","medium_large":"","large":"","1536x1536":"","2048x2048":"","qubely_landscape":"","qubely_portrait":"","qubely_thumbnail":""},"post_excerpt_stackable_v2":"<p>TRINAEST UTORAKA U \u010cAST SV. ANTUNU U utorak, 18. o\u017eujka zapo\u010dinje pobo\u017enost u \u010dast sv. Antunu &#8211; TRINAEST UTORAKA &#8211; pred njegov blagdan. Svaki utorak do 13. lipnja posebna je pobo\u017enost kod ve\u010dernje mise u 18,15. BLAGDAN SV. JOSIPA U srijedu, 19. o\u017eujka blagdan je sv. Josipa. Ovdje su mise u 7 i 18,30 sati DAR ZA POTREBE \u017dUPNOG KARITASA Pribli\u017eava se Uskrs. Svjesni smo da mnogi te\u0161ko \u017eive. Za Bo\u017ei\u0107 ste pokazali solidarnost donose\u0107i namirnice za potrebne. I sada vam preporu\u010damo da na taj na\u010din pomognete koliko tko mo\u017ee. Svoj dar u hrani mo\u017eete ostaviti u sakristiji ili \u017eupnom&hellip;<\/p>\n","category_list_v2":"<a href=\"https:\/\/www.ofm.hr\/koprivnica\/category\/obavjesti\/\" rel=\"category tag\">OBAVIJESTI<\/a>","author_info_v2":{"name":"Branko","url":"https:\/\/www.ofm.hr\/koprivnica\/author\/admkp8\/"},"comments_num_v2":"0 comments","_links":{"self":[{"href":"https:\/\/www.ofm.hr\/koprivnica\/wp-json\/wp\/v2\/posts\/16045","targetHints":{"allow":["GET"]}}],"collection":[{"href":"https:\/\/www.ofm.hr\/koprivnica\/wp-json\/wp\/v2\/posts"}],"about":[{"href":"https:\/\/www.ofm.hr\/koprivnica\/wp-json\/wp\/v2\/types\/post"}],"author":[{"embeddable":true,"href":"https:\/\/www.ofm.hr\/koprivnica\/wp-json\/wp\/v2\/users\/1"}],"replies":[{"embeddable":true,"href":"https:\/\/www.ofm.hr\/koprivnica\/wp-json\/wp\/v2\/comments?post=16045"}],"version-history":[{"count":1,"href":"https:\/\/www.ofm.hr\/koprivnica\/wp-json\/wp\/v2\/posts\/16045\/revisions"}],"predecessor-version":[{"id":16046,"href":"https:\/\/www.ofm.hr\/koprivnica\/wp-json\/wp\/v2\/posts\/16045\/revisions\/16046"}],"wp:attachment":[{"href":"https:\/\/www.ofm.hr\/koprivnica\/wp-json\/wp\/v2\/media?parent=16045"}],"wp:term":[{"taxonomy":"category","embeddable":true,"href":"https:\/\/www.ofm.hr\/koprivnica\/wp-json\/wp\/v2\/categories?post=16045"},{"taxonomy":"post_tag","embeddable":true,"href":"https:\/\/www.ofm.hr\/koprivnica\/wp-json\/wp\/v2\/tags?post=16045"}],"curies":[{"name":"wp","href":"https:\/\/api.w.org\/{rel}","templated":true}]}}