{"id":16066,"date":"2025-03-23T18:54:11","date_gmt":"2025-03-23T17:54:11","guid":{"rendered":"https:\/\/www.ofm.hr\/koprivnica\/?p=16066"},"modified":"2025-03-23T18:54:11","modified_gmt":"2025-03-23T17:54:11","slug":"zupne-obavijesti-od-23-3-30-3-2025","status":"publish","type":"post","link":"https:\/\/www.ofm.hr\/koprivnica\/zupne-obavijesti-od-23-3-30-3-2025\/","title":{"rendered":"\u017dupne obavijesti od 23. 3. &#8211; 30. 3. 2025."},"content":{"rendered":"\n<p><strong>SJEDNICA \u017dPV i \u017dEV<\/strong><\/p>\n\n\n\n<p>Sutra nave\u010der u 19 sati odr\u017eat \u0107e se druga ovogodi\u0161nja sjednica \u017dEVa i \u017dPVa.<\/p>\n\n\n\n<p><strong>TRINAEST UTORAKA U \u010cAST SV. ANTUNU<\/strong><\/p>\n\n\n\n<p>U utorak, 25. o\u017eujka nastavljamo pobo\u017enost u \u010dast sv. Antunu &#8211; <strong>TRINAEST UTORAKA<\/strong> &#8211; pred njegov blagdan. Svaki utorak do 13. lipnja posebna je pobo\u017enost kod ve\u010dernje mise u 18,30.<\/p>\n\n\n\n<p><strong>BLAGOVIJEST<\/strong><\/p>\n\n\n\n<p>U utorak, 25. o\u017eujka je blagdan <strong>NAVJE\u0160TENJA GOSPODINOVA ili BLAGOVIJES<\/strong>T. Mise su u 7 i 18,30.<\/p>\n\n\n\n<p><strong>VIJE\u0106E FSR-a<\/strong><\/p>\n\n\n\n<p>U utorak poslije ve\u010dernje mise odr\u017eat \u0107e se Vije\u0107e \u00a0FSR-a.<\/p>\n\n\n\n<p><strong>ISPOVIJED BOLESNIKA I STARACA PO KU\u0106AMA<\/strong><\/p>\n\n\n\n<p>U ovom tjednu obi\u0107i \u0107emo bolesnike i starce koje imamo na popisu za uskrsnu ispovijed. Slobodno javite one koje nemamo evidentirane da i njih obi\u0111emo. Dan prije posjeta najavit \u0107emo se telefonom.<\/p>\n","protected":false},"excerpt":{"rendered":"<p>SJEDNICA \u017dPV i \u017dEV Sutra nave\u010der u 19 sati odr\u017eat \u0107e se druga ovogodi\u0161nja sjednica \u017dEVa i \u017dPVa. TRINAEST UTORAKA U \u010cAST SV. ANTUNU U utorak, 25. o\u017eujka nastavljamo pobo\u017enost u \u010dast sv. Antunu &#8211; TRINAEST UTORAKA &#8211; pred njegov blagdan. Svaki utorak do 13. lipnja posebna je pobo\u017enost kod ve\u010dernje mise u 18,30. BLAGOVIJEST [&hellip;]<\/p>\n","protected":false},"author":1,"featured_media":0,"comment_status":"closed","ping_status":"open","sticky":false,"template":"","format":"standard","meta":{"qubely_global_settings":"","qubely_interactions":"","footnotes":""},"categories":[45],"tags":[],"class_list":["post-16066","post","type-post","status-publish","format-standard","hentry","category-obavjesti"],"blocksy_meta":[],"qubely_featured_image_url":null,"qubely_author":{"display_name":"Branko","author_link":"https:\/\/www.ofm.hr\/koprivnica\/author\/admkp8\/"},"qubely_comment":0,"qubely_category":"<a href=\"https:\/\/www.ofm.hr\/koprivnica\/category\/obavjesti\/\" rel=\"category tag\">OBAVIJESTI<\/a>","qubely_excerpt":"SJEDNICA \u017dPV i \u017dEV Sutra nave\u010der u 19 sati odr\u017eat \u0107e se druga ovogodi\u0161nja sjednica \u017dEVa i \u017dPVa. TRINAEST UTORAKA U \u010cAST SV. ANTUNU U utorak, 25. o\u017eujka nastavljamo pobo\u017enost u \u010dast sv. Antunu &#8211; TRINAEST UTORAKA &#8211; pred njegov blagdan. Svaki utorak do 13. lipnja posebna je pobo\u017enost kod ve\u010dernje mise u 18,30. BLAGOVIJEST&hellip;","featured_image_urls_v2":{"full":"","thumbnail":"","medium":"","medium_large":"","large":"","1536x1536":"","2048x2048":"","qubely_landscape":"","qubely_portrait":"","qubely_thumbnail":""},"post_excerpt_stackable_v2":"<p>SJEDNICA \u017dPV i \u017dEV Sutra nave\u010der u 19 sati odr\u017eat \u0107e se druga ovogodi\u0161nja sjednica \u017dEVa i \u017dPVa. TRINAEST UTORAKA U \u010cAST SV. ANTUNU U utorak, 25. o\u017eujka nastavljamo pobo\u017enost u \u010dast sv. Antunu &#8211; TRINAEST UTORAKA &#8211; pred njegov blagdan. Svaki utorak do 13. lipnja posebna je pobo\u017enost kod ve\u010dernje mise u 18,30. BLAGOVIJEST U utorak, 25. o\u017eujka je blagdan NAVJE\u0160TENJA GOSPODINOVA ili BLAGOVIJEST. Mise su u 7 i 18,30. VIJE\u0106E FSR-a U utorak poslije ve\u010dernje mise odr\u017eat \u0107e se Vije\u0107e \u00a0FSR-a. ISPOVIJED BOLESNIKA I STARACA PO KU\u0106AMA U ovom tjednu obi\u0107i \u0107emo bolesnike i starce koje imamo na&hellip;<\/p>\n","category_list_v2":"<a href=\"https:\/\/www.ofm.hr\/koprivnica\/category\/obavjesti\/\" rel=\"category tag\">OBAVIJESTI<\/a>","author_info_v2":{"name":"Branko","url":"https:\/\/www.ofm.hr\/koprivnica\/author\/admkp8\/"},"comments_num_v2":"0 comments","_links":{"self":[{"href":"https:\/\/www.ofm.hr\/koprivnica\/wp-json\/wp\/v2\/posts\/16066","targetHints":{"allow":["GET"]}}],"collection":[{"href":"https:\/\/www.ofm.hr\/koprivnica\/wp-json\/wp\/v2\/posts"}],"about":[{"href":"https:\/\/www.ofm.hr\/koprivnica\/wp-json\/wp\/v2\/types\/post"}],"author":[{"embeddable":true,"href":"https:\/\/www.ofm.hr\/koprivnica\/wp-json\/wp\/v2\/users\/1"}],"replies":[{"embeddable":true,"href":"https:\/\/www.ofm.hr\/koprivnica\/wp-json\/wp\/v2\/comments?post=16066"}],"version-history":[{"count":1,"href":"https:\/\/www.ofm.hr\/koprivnica\/wp-json\/wp\/v2\/posts\/16066\/revisions"}],"predecessor-version":[{"id":16067,"href":"https:\/\/www.ofm.hr\/koprivnica\/wp-json\/wp\/v2\/posts\/16066\/revisions\/16067"}],"wp:attachment":[{"href":"https:\/\/www.ofm.hr\/koprivnica\/wp-json\/wp\/v2\/media?parent=16066"}],"wp:term":[{"taxonomy":"category","embeddable":true,"href":"https:\/\/www.ofm.hr\/koprivnica\/wp-json\/wp\/v2\/categories?post=16066"},{"taxonomy":"post_tag","embeddable":true,"href":"https:\/\/www.ofm.hr\/koprivnica\/wp-json\/wp\/v2\/tags?post=16066"}],"curies":[{"name":"wp","href":"https:\/\/api.w.org\/{rel}","templated":true}]}}