{"id":16099,"date":"2025-03-29T21:34:24","date_gmt":"2025-03-29T20:34:24","guid":{"rendered":"https:\/\/www.ofm.hr\/koprivnica\/?p=16099"},"modified":"2025-03-29T21:34:25","modified_gmt":"2025-03-29T20:34:25","slug":"zupne-obavijesti-od-30-3-6-4-2025","status":"publish","type":"post","link":"https:\/\/www.ofm.hr\/koprivnica\/zupne-obavijesti-od-30-3-6-4-2025\/","title":{"rendered":"\u017dupne obavijesti od 30. 3. &#8211; 6. 4. 2025."},"content":{"rendered":"\n<p><strong>RODITELJSKI SASTANAK ZA KRIZMANIKE<\/strong><\/p>\n\n\n\n<p>Sutra, u ponedjeljak u 19 sati odr\u017eat \u0107e se roditeljski sastanak za ovogodi\u0161nje krizmanike u 19 sati u crkvi.<\/p>\n\n\n\n<p><strong>MJESE\u010cNA SKUP\u0160TINA FSR-a<\/strong><\/p>\n\n\n\n<p>U utorak, 1. travnja poslije ve\u010dernje mise je mjese\u010dna skup\u0161tina FSR-a<\/p>\n\n\n\n<p><strong>TRINAEST UTORAKA U \u010cAST SV. ANTUNU<\/strong><\/p>\n\n\n\n<p>U utorak, 1. travnja nastavljamo pobo\u017enost u \u010dast sv. Antunu &#8211; <strong>TRINAEST UTORAKA<\/strong> &#8211; pred njegov blagdan. Svaki utorak do 13. lipnja posebna je pobo\u017enost kod ve\u010dernje mise u 18,30.<\/p>\n\n\n\n<p><strong>\u017dUPNI VJERONAUK<\/strong><\/p>\n\n\n\n<p>Ovaj tjedan prvopri\u010desnici ne\u0107e imati \u017eupni vjeronauk. Krizmanici u redovito vrijeme.<\/p>\n\n\n\n<p>Drugi razred ima svoj susret u \u010detvrtak 3. travnja u 18 sati u crkvi.<\/p>\n\n\n\n<p><strong>ISPOVIJED BOLESNIKA I STARACA PO KU\u0106AMA<\/strong><\/p>\n\n\n\n<p>Pro\u0161li tjedan obi\u0161li smo starce i bolesnike u na\u0161oj \u017eupi za koje znamo i podijelili im sakramente. Ako tko jo\u0161 \u017eeli javite se \u0161to prije da i njih obi\u0111emo.<\/p>\n\n\n\n<p><strong>UPIS MISNIH NAKANA ZA SVIBANJ I LIPANJ<\/strong><\/p>\n\n\n\n<p>Od utorka, 1. travnja u vrijeme rada \u017dupnog ureda upisivat \u0107e se misne nakane za svibanj i lipanj<\/p>\n","protected":false},"excerpt":{"rendered":"<p>RODITELJSKI SASTANAK ZA KRIZMANIKE Sutra, u ponedjeljak u 19 sati odr\u017eat \u0107e se roditeljski sastanak za ovogodi\u0161nje krizmanike u 19 sati u crkvi. MJESE\u010cNA SKUP\u0160TINA FSR-a U utorak, 1. travnja poslije ve\u010dernje mise je mjese\u010dna skup\u0161tina FSR-a TRINAEST UTORAKA U \u010cAST SV. ANTUNU U utorak, 1. travnja nastavljamo pobo\u017enost u \u010dast sv. Antunu &#8211; TRINAEST [&hellip;]<\/p>\n","protected":false},"author":1,"featured_media":0,"comment_status":"closed","ping_status":"open","sticky":false,"template":"","format":"standard","meta":{"qubely_global_settings":"","qubely_interactions":"","footnotes":""},"categories":[45],"tags":[],"class_list":["post-16099","post","type-post","status-publish","format-standard","hentry","category-obavjesti"],"blocksy_meta":[],"qubely_featured_image_url":null,"qubely_author":{"display_name":"Branko","author_link":"https:\/\/www.ofm.hr\/koprivnica\/author\/admkp8\/"},"qubely_comment":0,"qubely_category":"<a href=\"https:\/\/www.ofm.hr\/koprivnica\/category\/obavjesti\/\" rel=\"category tag\">OBAVIJESTI<\/a>","qubely_excerpt":"RODITELJSKI SASTANAK ZA KRIZMANIKE Sutra, u ponedjeljak u 19 sati odr\u017eat \u0107e se roditeljski sastanak za ovogodi\u0161nje krizmanike u 19 sati u crkvi. MJESE\u010cNA SKUP\u0160TINA FSR-a U utorak, 1. travnja poslije ve\u010dernje mise je mjese\u010dna skup\u0161tina FSR-a TRINAEST UTORAKA U \u010cAST SV. ANTUNU U utorak, 1. travnja nastavljamo pobo\u017enost u \u010dast sv. Antunu &#8211; TRINAEST&hellip;","featured_image_urls_v2":{"full":"","thumbnail":"","medium":"","medium_large":"","large":"","1536x1536":"","2048x2048":"","qubely_landscape":"","qubely_portrait":"","qubely_thumbnail":""},"post_excerpt_stackable_v2":"<p>RODITELJSKI SASTANAK ZA KRIZMANIKE Sutra, u ponedjeljak u 19 sati odr\u017eat \u0107e se roditeljski sastanak za ovogodi\u0161nje krizmanike u 19 sati u crkvi. MJESE\u010cNA SKUP\u0160TINA FSR-a U utorak, 1. travnja poslije ve\u010dernje mise je mjese\u010dna skup\u0161tina FSR-a TRINAEST UTORAKA U \u010cAST SV. ANTUNU U utorak, 1. travnja nastavljamo pobo\u017enost u \u010dast sv. Antunu &#8211; TRINAEST UTORAKA &#8211; pred njegov blagdan. Svaki utorak do 13. lipnja posebna je pobo\u017enost kod ve\u010dernje mise u 18,30. \u017dUPNI VJERONAUK Ovaj tjedan prvopri\u010desnici ne\u0107e imati \u017eupni vjeronauk. Krizmanici u redovito vrijeme. Drugi razred ima svoj susret u \u010detvrtak 3. travnja u 18 sati u crkvi.&hellip;<\/p>\n","category_list_v2":"<a href=\"https:\/\/www.ofm.hr\/koprivnica\/category\/obavjesti\/\" rel=\"category tag\">OBAVIJESTI<\/a>","author_info_v2":{"name":"Branko","url":"https:\/\/www.ofm.hr\/koprivnica\/author\/admkp8\/"},"comments_num_v2":"0 comments","_links":{"self":[{"href":"https:\/\/www.ofm.hr\/koprivnica\/wp-json\/wp\/v2\/posts\/16099","targetHints":{"allow":["GET"]}}],"collection":[{"href":"https:\/\/www.ofm.hr\/koprivnica\/wp-json\/wp\/v2\/posts"}],"about":[{"href":"https:\/\/www.ofm.hr\/koprivnica\/wp-json\/wp\/v2\/types\/post"}],"author":[{"embeddable":true,"href":"https:\/\/www.ofm.hr\/koprivnica\/wp-json\/wp\/v2\/users\/1"}],"replies":[{"embeddable":true,"href":"https:\/\/www.ofm.hr\/koprivnica\/wp-json\/wp\/v2\/comments?post=16099"}],"version-history":[{"count":1,"href":"https:\/\/www.ofm.hr\/koprivnica\/wp-json\/wp\/v2\/posts\/16099\/revisions"}],"predecessor-version":[{"id":16100,"href":"https:\/\/www.ofm.hr\/koprivnica\/wp-json\/wp\/v2\/posts\/16099\/revisions\/16100"}],"wp:attachment":[{"href":"https:\/\/www.ofm.hr\/koprivnica\/wp-json\/wp\/v2\/media?parent=16099"}],"wp:term":[{"taxonomy":"category","embeddable":true,"href":"https:\/\/www.ofm.hr\/koprivnica\/wp-json\/wp\/v2\/categories?post=16099"},{"taxonomy":"post_tag","embeddable":true,"href":"https:\/\/www.ofm.hr\/koprivnica\/wp-json\/wp\/v2\/tags?post=16099"}],"curies":[{"name":"wp","href":"https:\/\/api.w.org\/{rel}","templated":true}]}}