{"id":16104,"date":"2025-03-29T21:38:28","date_gmt":"2025-03-29T20:38:28","guid":{"rendered":"https:\/\/www.ofm.hr\/koprivnica\/?p=16104"},"modified":"2025-03-29T21:38:29","modified_gmt":"2025-03-29T20:38:29","slug":"izborna-skupstina-franjevackog-svjetovnog-reda","status":"publish","type":"post","link":"https:\/\/www.ofm.hr\/koprivnica\/izborna-skupstina-franjevackog-svjetovnog-reda\/","title":{"rendered":"Izborna skup\u0161tina Franjeva\u010dkog svjetovnog reda"},"content":{"rendered":"\n<p>U subotu 22. o\u017eujka bila je izborna skup\u0161tina OFS-a na kojoj je izabrano novo vije\u0107e sa sljede\u0107im funkcijama:<br>ministra: Andreja Femec<br>doministra: Vesna Buni\u0107<br>tajnik: Marko Buni\u0107<br>u\u010diteljica formacije: Janja Ivan\u010dek<br>blagajnik: Neven Magdi\u0107<br>povjerenica za Framu: Katarina Kopri\u010danec<br>vje\u0107nici: Dejan Dini\u0107 i \u0110uka Domovi\u0107<br>Neka ih Gospodin blagoslovi i prati u njihovom slu\u017eenju.<br>Izborima su predsjedali b. Stjepan Cestar, MB sv. Ivan<br>Krstitelje, Vara\u017edin te fra Goran Malenica ispred<br>Konferencije podru\u010dnih duhovnih asistenata OFS-a<\/p>\n","protected":false},"excerpt":{"rendered":"<p>U subotu 22. o\u017eujka bila je izborna skup\u0161tina OFS-a na kojoj je izabrano novo vije\u0107e sa sljede\u0107im funkcijama:ministra: Andreja Femecdoministra: Vesna Buni\u0107tajnik: Marko Buni\u0107u\u010diteljica formacije: Janja Ivan\u010dekblagajnik: Neven Magdi\u0107povjerenica za Framu: Katarina Kopri\u010danecvje\u0107nici: Dejan Dini\u0107 i \u0110uka Domovi\u0107Neka ih Gospodin blagoslovi i prati u njihovom slu\u017eenju.Izborima su predsjedali b. Stjepan Cestar, MB sv. IvanKrstitelje, Vara\u017edin [&hellip;]<\/p>\n","protected":false},"author":1,"featured_media":0,"comment_status":"closed","ping_status":"open","sticky":false,"template":"","format":"standard","meta":{"qubely_global_settings":"","qubely_interactions":"","footnotes":""},"categories":[39],"tags":[],"class_list":["post-16104","post","type-post","status-publish","format-standard","hentry","category-fsr-ofs"],"blocksy_meta":[],"qubely_featured_image_url":null,"qubely_author":{"display_name":"Branko","author_link":"https:\/\/www.ofm.hr\/koprivnica\/author\/admkp8\/"},"qubely_comment":0,"qubely_category":"<a href=\"https:\/\/www.ofm.hr\/koprivnica\/category\/fsr-ofs\/\" rel=\"category tag\">FSR (OFS)<\/a>","qubely_excerpt":"U subotu 22. o\u017eujka bila je izborna skup\u0161tina OFS-a na kojoj je izabrano novo vije\u0107e sa sljede\u0107im funkcijama:ministra: Andreja Femecdoministra: Vesna Buni\u0107tajnik: Marko Buni\u0107u\u010diteljica formacije: Janja Ivan\u010dekblagajnik: Neven Magdi\u0107povjerenica za Framu: Katarina Kopri\u010danecvje\u0107nici: Dejan Dini\u0107 i \u0110uka Domovi\u0107Neka ih Gospodin blagoslovi i prati u njihovom slu\u017eenju.Izborima su predsjedali b. Stjepan Cestar, MB sv. IvanKrstitelje, Vara\u017edin&hellip;","featured_image_urls_v2":{"full":"","thumbnail":"","medium":"","medium_large":"","large":"","1536x1536":"","2048x2048":"","qubely_landscape":"","qubely_portrait":"","qubely_thumbnail":""},"post_excerpt_stackable_v2":"<p>U subotu 22. o\u017eujka bila je izborna skup\u0161tina OFS-a na kojoj je izabrano novo vije\u0107e sa sljede\u0107im funkcijama:ministra: Andreja Femecdoministra: Vesna Buni\u0107tajnik: Marko Buni\u0107u\u010diteljica formacije: Janja Ivan\u010dekblagajnik: Neven Magdi\u0107povjerenica za Framu: Katarina Kopri\u010danecvje\u0107nici: Dejan Dini\u0107 i \u0110uka Domovi\u0107Neka ih Gospodin blagoslovi i prati u njihovom slu\u017eenju.Izborima su predsjedali b. Stjepan Cestar, MB sv. IvanKrstitelje, Vara\u017edin te fra Goran Malenica ispredKonferencije podru\u010dnih duhovnih asistenata OFS-a<\/p>\n","category_list_v2":"<a href=\"https:\/\/www.ofm.hr\/koprivnica\/category\/fsr-ofs\/\" rel=\"category tag\">FSR (OFS)<\/a>","author_info_v2":{"name":"Branko","url":"https:\/\/www.ofm.hr\/koprivnica\/author\/admkp8\/"},"comments_num_v2":"0 comments","_links":{"self":[{"href":"https:\/\/www.ofm.hr\/koprivnica\/wp-json\/wp\/v2\/posts\/16104","targetHints":{"allow":["GET"]}}],"collection":[{"href":"https:\/\/www.ofm.hr\/koprivnica\/wp-json\/wp\/v2\/posts"}],"about":[{"href":"https:\/\/www.ofm.hr\/koprivnica\/wp-json\/wp\/v2\/types\/post"}],"author":[{"embeddable":true,"href":"https:\/\/www.ofm.hr\/koprivnica\/wp-json\/wp\/v2\/users\/1"}],"replies":[{"embeddable":true,"href":"https:\/\/www.ofm.hr\/koprivnica\/wp-json\/wp\/v2\/comments?post=16104"}],"version-history":[{"count":1,"href":"https:\/\/www.ofm.hr\/koprivnica\/wp-json\/wp\/v2\/posts\/16104\/revisions"}],"predecessor-version":[{"id":16105,"href":"https:\/\/www.ofm.hr\/koprivnica\/wp-json\/wp\/v2\/posts\/16104\/revisions\/16105"}],"wp:attachment":[{"href":"https:\/\/www.ofm.hr\/koprivnica\/wp-json\/wp\/v2\/media?parent=16104"}],"wp:term":[{"taxonomy":"category","embeddable":true,"href":"https:\/\/www.ofm.hr\/koprivnica\/wp-json\/wp\/v2\/categories?post=16104"},{"taxonomy":"post_tag","embeddable":true,"href":"https:\/\/www.ofm.hr\/koprivnica\/wp-json\/wp\/v2\/tags?post=16104"}],"curies":[{"name":"wp","href":"https:\/\/api.w.org\/{rel}","templated":true}]}}