{"id":1629,"date":"2022-01-07T21:52:19","date_gmt":"2022-01-07T20:52:19","guid":{"rendered":"https:\/\/ofm.hr\/koprivnica-wp\/?p=1629"},"modified":"2022-01-14T19:17:29","modified_gmt":"2022-01-14T18:17:29","slug":"godisnje-klanjanje-u-zupi-sv-antuna-padovanskog-15-studenog-2","status":"publish","type":"post","link":"https:\/\/www.ofm.hr\/koprivnica\/godisnje-klanjanje-u-zupi-sv-antuna-padovanskog-15-studenog-2\/","title":{"rendered":"Godi\u0161nje klanjanje u \u017eupi sv. Antuna padovanskog &#8211; 15. studenog"},"content":{"rendered":"\n<div class=\"wp-block-group is-layout-flow wp-block-group-is-layout-flow\" data-block-type=\"core\">\n<div class=\"wp-block-image\" data-block-type=\"core\"><figure class=\"alignleft\"><img loading=\"lazy\" decoding=\"async\" width=\"480\" height=\"640\" src=\"https:\/\/www.ofm.hr\/koprivnica\/wp-content\/uploads\/2014\/11\/web18_PB150036.jpg\" alt=\"\" class=\"wp-image-1609\" srcset=\"https:\/\/www.ofm.hr\/koprivnica\/wp-content\/uploads\/2014\/11\/web18_PB150036.jpg 480w, https:\/\/www.ofm.hr\/koprivnica\/wp-content\/uploads\/2014\/11\/web18_PB150036-300x400.jpg 300w, https:\/\/www.ofm.hr\/koprivnica\/wp-content\/uploads\/2014\/11\/web18_PB150036-225x300.jpg 225w\" sizes=\"auto, (max-width: 480px) 100vw, 480px\" \/><\/figure><\/div>\n\n\n\n<p> Jo\u0161 davne 1773. godine zagreba\u010dki biskup Josip Galjuf odredio je raspored klanjanja pred Presvetim u tada\u0161njoj Zagreba\u010dkoj biskupiji. Tada je odre\u0111eno da se u Franjeva\u010dkom samostanu u Koprivnici svake godine odr\u017eava godi\u0161nje klanjanje 16. studenog. Na posljednjoj sjednici \u017dPV-a dogovorili smo se da dan klanjanja pomaknemo dan unaprijed jer je 16. studeni nedjelja kada su \u010detiri euharistijska slavlja pa bi klanjanje bilo te\u017ee odr\u017eati. Ovako smo imali lijep odaziv vjernika i na sve\u010danoj misi ve\u0107inu sve\u0107enika koprivni\u010dkog dekanata. Misu je predvodio i propovijedao vl\u010d. Nenad Piska\u010d, \u017eupnik iz Starigrada. Samo klanjanje bilo je organizirano na taj na\u010din da su se izmjenjivale skupine vjernika iz &#8220;\u017eivih krugova Crkve&#8221;. Nakon jutarnje mise Presveto je izlo\u017eeno, a animatori su do 9 sati bili \u010dlanovi liturgijskih \u010dita\u010da. Nakon njih do 10 sati animiranje su preuzeli pjeva\u010di zbora &#8220;Malo stado&#8221;, a nakon njih vrlo ozbiljno su molili i pjevali na\u0161i ministranti koji su sudjelovali i na misi u 11 sati. Poslije sve\u010dane mise klanjanje je nastavljeno animiranjem \u017eupnog zbora. Od 13 sati klanjanje su predvodili \u010dlanovi FRAME, a od 14 sati \u010dlanovi FSR-a. U 15 sati vrlo dojmljivo klanjanje su predvodili \u010dlanovi zajednice &#8220;Vjera i svjetlo&#8221;. U 16 sati u klanjanju su sudjelovali \u010dlanovi \u017dPV-a, a od 17 sati zajedni\u010dko klanjanje je predvodio \u017eupnik o. Marijan Opitz koji je zavr\u0161io ovogodi\u0161nje klanjanje ve\u010dernjom euharistijom. Ovo je prvi puta da smo aktivirali &#8220;\u017eive krugove Crkve&#8221; \u0161to se pokazalo dobrim jer su prisutni vjernici imali prilike zajedno s voditeljima moliti, pjevati, slu\u0161ati i razmatrati.<\/p>\n\n\n\n<figure class=\"wp-block-image\" data-block-type=\"core\"><img loading=\"lazy\" decoding=\"async\" width=\"640\" height=\"480\" src=\"https:\/\/www.ofm.hr\/koprivnica\/wp-content\/uploads\/2014\/11\/web18_PB150001.jpg\" alt=\"\" class=\"wp-image-1611\" srcset=\"https:\/\/www.ofm.hr\/koprivnica\/wp-content\/uploads\/2014\/11\/web18_PB150001.jpg 640w, https:\/\/www.ofm.hr\/koprivnica\/wp-content\/uploads\/2014\/11\/web18_PB150001-600x450.jpg 600w, https:\/\/www.ofm.hr\/koprivnica\/wp-content\/uploads\/2014\/11\/web18_PB150001-300x225.jpg 300w\" sizes=\"auto, (max-width: 640px) 100vw, 640px\" \/><\/figure>\n\n\n\n<figure class=\"wp-block-image\" data-block-type=\"core\"><img loading=\"lazy\" decoding=\"async\" width=\"640\" height=\"480\" src=\"https:\/\/www.ofm.hr\/koprivnica\/wp-content\/uploads\/2014\/11\/web18_PB150006.jpg\" alt=\"\" class=\"wp-image-1612\" srcset=\"https:\/\/www.ofm.hr\/koprivnica\/wp-content\/uploads\/2014\/11\/web18_PB150006.jpg 640w, https:\/\/www.ofm.hr\/koprivnica\/wp-content\/uploads\/2014\/11\/web18_PB150006-600x450.jpg 600w, https:\/\/www.ofm.hr\/koprivnica\/wp-content\/uploads\/2014\/11\/web18_PB150006-300x225.jpg 300w\" sizes=\"auto, (max-width: 640px) 100vw, 640px\" \/><\/figure>\n\n\n\n<figure class=\"wp-block-image\" data-block-type=\"core\"><img loading=\"lazy\" decoding=\"async\" width=\"640\" height=\"480\" src=\"https:\/\/www.ofm.hr\/koprivnica\/wp-content\/uploads\/2014\/11\/web18_PB150009.jpg\" alt=\"\" class=\"wp-image-1613\" srcset=\"https:\/\/www.ofm.hr\/koprivnica\/wp-content\/uploads\/2014\/11\/web18_PB150009.jpg 640w, https:\/\/www.ofm.hr\/koprivnica\/wp-content\/uploads\/2014\/11\/web18_PB150009-600x450.jpg 600w, https:\/\/www.ofm.hr\/koprivnica\/wp-content\/uploads\/2014\/11\/web18_PB150009-300x225.jpg 300w\" sizes=\"auto, (max-width: 640px) 100vw, 640px\" \/><\/figure>\n\n\n\n<figure class=\"wp-block-image\" data-block-type=\"core\"><img loading=\"lazy\" decoding=\"async\" width=\"640\" height=\"480\" src=\"https:\/\/www.ofm.hr\/koprivnica\/wp-content\/uploads\/2014\/11\/web18_PB150017.jpg\" alt=\"\" class=\"wp-image-1614\" srcset=\"https:\/\/www.ofm.hr\/koprivnica\/wp-content\/uploads\/2014\/11\/web18_PB150017.jpg 640w, https:\/\/www.ofm.hr\/koprivnica\/wp-content\/uploads\/2014\/11\/web18_PB150017-600x450.jpg 600w, https:\/\/www.ofm.hr\/koprivnica\/wp-content\/uploads\/2014\/11\/web18_PB150017-300x225.jpg 300w\" sizes=\"auto, (max-width: 640px) 100vw, 640px\" \/><\/figure>\n\n\n\n<figure class=\"wp-block-image\" data-block-type=\"core\"><img loading=\"lazy\" decoding=\"async\" width=\"640\" height=\"480\" src=\"https:\/\/www.ofm.hr\/koprivnica\/wp-content\/uploads\/2014\/11\/web18_PB150018.jpg\" alt=\"\" class=\"wp-image-1615\" srcset=\"https:\/\/www.ofm.hr\/koprivnica\/wp-content\/uploads\/2014\/11\/web18_PB150018.jpg 640w, https:\/\/www.ofm.hr\/koprivnica\/wp-content\/uploads\/2014\/11\/web18_PB150018-600x450.jpg 600w, https:\/\/www.ofm.hr\/koprivnica\/wp-content\/uploads\/2014\/11\/web18_PB150018-300x225.jpg 300w\" sizes=\"auto, (max-width: 640px) 100vw, 640px\" \/><\/figure>\n\n\n\n<figure class=\"wp-block-image\" data-block-type=\"core\"><img loading=\"lazy\" decoding=\"async\" width=\"640\" height=\"480\" src=\"https:\/\/www.ofm.hr\/koprivnica\/wp-content\/uploads\/2014\/11\/web18_PB150019.jpg\" alt=\"\" class=\"wp-image-1616\" srcset=\"https:\/\/www.ofm.hr\/koprivnica\/wp-content\/uploads\/2014\/11\/web18_PB150019.jpg 640w, https:\/\/www.ofm.hr\/koprivnica\/wp-content\/uploads\/2014\/11\/web18_PB150019-600x450.jpg 600w, https:\/\/www.ofm.hr\/koprivnica\/wp-content\/uploads\/2014\/11\/web18_PB150019-300x225.jpg 300w\" sizes=\"auto, (max-width: 640px) 100vw, 640px\" \/><\/figure>\n\n\n\n<figure class=\"wp-block-image\" data-block-type=\"core\"><img loading=\"lazy\" decoding=\"async\" width=\"640\" height=\"480\" src=\"https:\/\/www.ofm.hr\/koprivnica\/wp-content\/uploads\/2014\/11\/web18_PB150021.jpg\" alt=\"\" class=\"wp-image-1617\" srcset=\"https:\/\/www.ofm.hr\/koprivnica\/wp-content\/uploads\/2014\/11\/web18_PB150021.jpg 640w, https:\/\/www.ofm.hr\/koprivnica\/wp-content\/uploads\/2014\/11\/web18_PB150021-600x450.jpg 600w, https:\/\/www.ofm.hr\/koprivnica\/wp-content\/uploads\/2014\/11\/web18_PB150021-300x225.jpg 300w\" sizes=\"auto, (max-width: 640px) 100vw, 640px\" \/><\/figure>\n\n\n\n<figure class=\"wp-block-image\" data-block-type=\"core\"><img loading=\"lazy\" decoding=\"async\" width=\"640\" height=\"480\" src=\"https:\/\/www.ofm.hr\/koprivnica\/wp-content\/uploads\/2014\/11\/web18_PB150022.jpg\" alt=\"\" class=\"wp-image-1618\" srcset=\"https:\/\/www.ofm.hr\/koprivnica\/wp-content\/uploads\/2014\/11\/web18_PB150022.jpg 640w, https:\/\/www.ofm.hr\/koprivnica\/wp-content\/uploads\/2014\/11\/web18_PB150022-600x450.jpg 600w, https:\/\/www.ofm.hr\/koprivnica\/wp-content\/uploads\/2014\/11\/web18_PB150022-300x225.jpg 300w\" sizes=\"auto, (max-width: 640px) 100vw, 640px\" \/><\/figure>\n\n\n\n<figure class=\"wp-block-image\" data-block-type=\"core\"><img loading=\"lazy\" decoding=\"async\" width=\"640\" height=\"480\" src=\"https:\/\/www.ofm.hr\/koprivnica\/wp-content\/uploads\/2014\/11\/web18_PB150023.jpg\" alt=\"\" class=\"wp-image-1619\" srcset=\"https:\/\/www.ofm.hr\/koprivnica\/wp-content\/uploads\/2014\/11\/web18_PB150023.jpg 640w, https:\/\/www.ofm.hr\/koprivnica\/wp-content\/uploads\/2014\/11\/web18_PB150023-600x450.jpg 600w, https:\/\/www.ofm.hr\/koprivnica\/wp-content\/uploads\/2014\/11\/web18_PB150023-300x225.jpg 300w\" sizes=\"auto, (max-width: 640px) 100vw, 640px\" \/><\/figure>\n\n\n\n<figure class=\"wp-block-image\" data-block-type=\"core\"><img loading=\"lazy\" decoding=\"async\" width=\"640\" height=\"480\" src=\"https:\/\/www.ofm.hr\/koprivnica\/wp-content\/uploads\/2014\/11\/web18_PB150026.jpg\" alt=\"\" class=\"wp-image-1620\" srcset=\"https:\/\/www.ofm.hr\/koprivnica\/wp-content\/uploads\/2014\/11\/web18_PB150026.jpg 640w, https:\/\/www.ofm.hr\/koprivnica\/wp-content\/uploads\/2014\/11\/web18_PB150026-600x450.jpg 600w, https:\/\/www.ofm.hr\/koprivnica\/wp-content\/uploads\/2014\/11\/web18_PB150026-300x225.jpg 300w\" sizes=\"auto, (max-width: 640px) 100vw, 640px\" \/><\/figure>\n\n\n\n<figure class=\"wp-block-image\" data-block-type=\"core\"><img loading=\"lazy\" decoding=\"async\" width=\"640\" height=\"480\" src=\"https:\/\/www.ofm.hr\/koprivnica\/wp-content\/uploads\/2014\/11\/web18_PB150027.jpg\" alt=\"\" class=\"wp-image-1621\" srcset=\"https:\/\/www.ofm.hr\/koprivnica\/wp-content\/uploads\/2014\/11\/web18_PB150027.jpg 640w, https:\/\/www.ofm.hr\/koprivnica\/wp-content\/uploads\/2014\/11\/web18_PB150027-600x450.jpg 600w, https:\/\/www.ofm.hr\/koprivnica\/wp-content\/uploads\/2014\/11\/web18_PB150027-300x225.jpg 300w\" sizes=\"auto, (max-width: 640px) 100vw, 640px\" \/><\/figure>\n\n\n\n<figure class=\"wp-block-image\" data-block-type=\"core\"><img loading=\"lazy\" decoding=\"async\" width=\"640\" height=\"480\" src=\"https:\/\/www.ofm.hr\/koprivnica\/wp-content\/uploads\/2014\/11\/web18_PB150030.jpg\" alt=\"\" class=\"wp-image-1622\" srcset=\"https:\/\/www.ofm.hr\/koprivnica\/wp-content\/uploads\/2014\/11\/web18_PB150030.jpg 640w, https:\/\/www.ofm.hr\/koprivnica\/wp-content\/uploads\/2014\/11\/web18_PB150030-600x450.jpg 600w, https:\/\/www.ofm.hr\/koprivnica\/wp-content\/uploads\/2014\/11\/web18_PB150030-300x225.jpg 300w\" sizes=\"auto, (max-width: 640px) 100vw, 640px\" \/><\/figure>\n\n\n\n<figure class=\"wp-block-image\" data-block-type=\"core\"><img loading=\"lazy\" decoding=\"async\" width=\"480\" height=\"640\" src=\"https:\/\/www.ofm.hr\/koprivnica\/wp-content\/uploads\/2014\/11\/web18_PB150036.jpg\" alt=\"\" class=\"wp-image-1609\" srcset=\"https:\/\/www.ofm.hr\/koprivnica\/wp-content\/uploads\/2014\/11\/web18_PB150036.jpg 480w, https:\/\/www.ofm.hr\/koprivnica\/wp-content\/uploads\/2014\/11\/web18_PB150036-300x400.jpg 300w, https:\/\/www.ofm.hr\/koprivnica\/wp-content\/uploads\/2014\/11\/web18_PB150036-225x300.jpg 225w\" sizes=\"auto, (max-width: 480px) 100vw, 480px\" \/><\/figure>\n\n\n\n<figure class=\"wp-block-image\" data-block-type=\"core\"><img loading=\"lazy\" decoding=\"async\" width=\"640\" height=\"480\" src=\"https:\/\/www.ofm.hr\/koprivnica\/wp-content\/uploads\/2014\/11\/web18_PB150040.jpg\" alt=\"\" class=\"wp-image-1623\" srcset=\"https:\/\/www.ofm.hr\/koprivnica\/wp-content\/uploads\/2014\/11\/web18_PB150040.jpg 640w, https:\/\/www.ofm.hr\/koprivnica\/wp-content\/uploads\/2014\/11\/web18_PB150040-600x450.jpg 600w, https:\/\/www.ofm.hr\/koprivnica\/wp-content\/uploads\/2014\/11\/web18_PB150040-300x225.jpg 300w\" sizes=\"auto, (max-width: 640px) 100vw, 640px\" \/><\/figure>\n\n\n\n<figure class=\"wp-block-image\" data-block-type=\"core\"><img loading=\"lazy\" decoding=\"async\" width=\"640\" height=\"480\" src=\"https:\/\/www.ofm.hr\/koprivnica\/wp-content\/uploads\/2014\/11\/web18_PB150042.jpg\" alt=\"\" class=\"wp-image-1624\" srcset=\"https:\/\/www.ofm.hr\/koprivnica\/wp-content\/uploads\/2014\/11\/web18_PB150042.jpg 640w, https:\/\/www.ofm.hr\/koprivnica\/wp-content\/uploads\/2014\/11\/web18_PB150042-600x450.jpg 600w, https:\/\/www.ofm.hr\/koprivnica\/wp-content\/uploads\/2014\/11\/web18_PB150042-300x225.jpg 300w\" sizes=\"auto, (max-width: 640px) 100vw, 640px\" \/><\/figure>\n\n\n\n<figure class=\"wp-block-image\" data-block-type=\"core\"><img loading=\"lazy\" decoding=\"async\" width=\"640\" height=\"480\" src=\"https:\/\/www.ofm.hr\/koprivnica\/wp-content\/uploads\/2014\/11\/web18_PB150044.jpg\" alt=\"\" class=\"wp-image-1625\" srcset=\"https:\/\/www.ofm.hr\/koprivnica\/wp-content\/uploads\/2014\/11\/web18_PB150044.jpg 640w, https:\/\/www.ofm.hr\/koprivnica\/wp-content\/uploads\/2014\/11\/web18_PB150044-600x450.jpg 600w, https:\/\/www.ofm.hr\/koprivnica\/wp-content\/uploads\/2014\/11\/web18_PB150044-300x225.jpg 300w\" sizes=\"auto, (max-width: 640px) 100vw, 640px\" \/><\/figure>\n\n\n\n<figure class=\"wp-block-image\" data-block-type=\"core\"><img loading=\"lazy\" decoding=\"async\" width=\"640\" height=\"480\" src=\"https:\/\/www.ofm.hr\/koprivnica\/wp-content\/uploads\/2014\/11\/web18_PB150045.jpg\" alt=\"\" class=\"wp-image-1626\" srcset=\"https:\/\/www.ofm.hr\/koprivnica\/wp-content\/uploads\/2014\/11\/web18_PB150045.jpg 640w, https:\/\/www.ofm.hr\/koprivnica\/wp-content\/uploads\/2014\/11\/web18_PB150045-600x450.jpg 600w, https:\/\/www.ofm.hr\/koprivnica\/wp-content\/uploads\/2014\/11\/web18_PB150045-300x225.jpg 300w\" sizes=\"auto, (max-width: 640px) 100vw, 640px\" \/><\/figure>\n\n\n\n<figure class=\"wp-block-image\" data-block-type=\"core\"><img loading=\"lazy\" decoding=\"async\" width=\"640\" height=\"480\" src=\"https:\/\/www.ofm.hr\/koprivnica\/wp-content\/uploads\/2014\/11\/web18_PB150047.jpg\" alt=\"\" class=\"wp-image-1627\" srcset=\"https:\/\/www.ofm.hr\/koprivnica\/wp-content\/uploads\/2014\/11\/web18_PB150047.jpg 640w, https:\/\/www.ofm.hr\/koprivnica\/wp-content\/uploads\/2014\/11\/web18_PB150047-600x450.jpg 600w, https:\/\/www.ofm.hr\/koprivnica\/wp-content\/uploads\/2014\/11\/web18_PB150047-300x225.jpg 300w\" sizes=\"auto, (max-width: 640px) 100vw, 640px\" \/><\/figure>\n\n\n\n<figure class=\"wp-block-image\" data-block-type=\"core\"><img loading=\"lazy\" decoding=\"async\" width=\"640\" height=\"480\" src=\"https:\/\/www.ofm.hr\/koprivnica\/wp-content\/uploads\/2014\/11\/web18_PB150050.jpg\" alt=\"\" class=\"wp-image-1628\" srcset=\"https:\/\/www.ofm.hr\/koprivnica\/wp-content\/uploads\/2014\/11\/web18_PB150050.jpg 640w, https:\/\/www.ofm.hr\/koprivnica\/wp-content\/uploads\/2014\/11\/web18_PB150050-600x450.jpg 600w, https:\/\/www.ofm.hr\/koprivnica\/wp-content\/uploads\/2014\/11\/web18_PB150050-300x225.jpg 300w\" sizes=\"auto, (max-width: 640px) 100vw, 640px\" \/><\/figure>\n<\/div>\n","protected":false},"excerpt":{"rendered":"<p>Jo\u0161 davne 1773. godine zagreba\u010dki biskup Josip Galjuf odredio je raspored klanjanja pred Presvetim u tada\u0161njoj Zagreba\u010dkoj biskupiji. Tada je odre\u0111eno da se u Franjeva\u010dkom samostanu u Koprivnici svake godine odr\u017eava godi\u0161nje klanjanje 16. studenog. Na posljednjoj sjednici \u017dPV-a dogovorili smo se da dan klanjanja pomaknemo dan unaprijed jer je 16. studeni nedjelja kada su [&hellip;]<\/p>\n","protected":false},"author":1,"featured_media":1609,"comment_status":"open","ping_status":"open","sticky":true,"template":"","format":"standard","meta":{"qubely_global_settings":"","qubely_interactions":"","footnotes":""},"categories":[28],"tags":[],"class_list":["post-1629","post","type-post","status-publish","format-standard","has-post-thumbnail","hentry","category-klanjanje"],"blocksy_meta":{"styles_descriptor":{"styles":{"desktop":"","tablet":"","mobile":""},"google_fonts":[],"version":6}},"qubely_featured_image_url":{"full":["https:\/\/www.ofm.hr\/koprivnica\/wp-content\/uploads\/2014\/11\/web18_PB150036.jpg",480,640,false],"landscape":["https:\/\/www.ofm.hr\/koprivnica\/wp-content\/uploads\/2014\/11\/web18_PB150036.jpg",480,640,false],"portraits":["https:\/\/www.ofm.hr\/koprivnica\/wp-content\/uploads\/2014\/11\/web18_PB150036.jpg",240,320,false],"thumbnail":["https:\/\/www.ofm.hr\/koprivnica\/wp-content\/uploads\/2014\/11\/web18_PB150036-150x150.jpg",150,150,true],"medium":["https:\/\/www.ofm.hr\/koprivnica\/wp-content\/uploads\/2014\/11\/web18_PB150036-225x300.jpg",225,300,true],"medium_large":["https:\/\/www.ofm.hr\/koprivnica\/wp-content\/uploads\/2014\/11\/web18_PB150036.jpg",480,640,false],"large":["https:\/\/www.ofm.hr\/koprivnica\/wp-content\/uploads\/2014\/11\/web18_PB150036.jpg",480,640,false],"1536x1536":["https:\/\/www.ofm.hr\/koprivnica\/wp-content\/uploads\/2014\/11\/web18_PB150036.jpg",480,640,false],"2048x2048":["https:\/\/www.ofm.hr\/koprivnica\/wp-content\/uploads\/2014\/11\/web18_PB150036.jpg",480,640,false],"qubely_landscape":["https:\/\/www.ofm.hr\/koprivnica\/wp-content\/uploads\/2014\/11\/web18_PB150036.jpg",480,640,false],"qubely_portrait":["https:\/\/www.ofm.hr\/koprivnica\/wp-content\/uploads\/2014\/11\/web18_PB150036.jpg",240,320,false],"qubely_thumbnail":["https:\/\/www.ofm.hr\/koprivnica\/wp-content\/uploads\/2014\/11\/web18_PB150036.jpg",75,100,false]},"qubely_author":{"display_name":"Branko","author_link":"https:\/\/www.ofm.hr\/koprivnica\/author\/admkp8\/"},"qubely_comment":0,"qubely_category":"<a href=\"https:\/\/www.ofm.hr\/koprivnica\/category\/poboznosti\/klanjanje\/\" rel=\"category tag\">Klanjanje<\/a>","qubely_excerpt":"Jo\u0161 davne 1773. godine zagreba\u010dki biskup Josip Galjuf odredio je raspored klanjanja pred Presvetim u tada\u0161njoj Zagreba\u010dkoj biskupiji. Tada je odre\u0111eno da se u Franjeva\u010dkom samostanu u Koprivnici svake godine odr\u017eava godi\u0161nje klanjanje 16. studenog. Na posljednjoj sjednici \u017dPV-a dogovorili smo se da dan klanjanja pomaknemo dan unaprijed jer je 16. studeni nedjelja kada su&hellip;","featured_image_urls_v2":{"full":["https:\/\/www.ofm.hr\/koprivnica\/wp-content\/uploads\/2014\/11\/web18_PB150036.jpg",480,640,false],"thumbnail":["https:\/\/www.ofm.hr\/koprivnica\/wp-content\/uploads\/2014\/11\/web18_PB150036-150x150.jpg",150,150,true],"medium":["https:\/\/www.ofm.hr\/koprivnica\/wp-content\/uploads\/2014\/11\/web18_PB150036-225x300.jpg",225,300,true],"medium_large":["https:\/\/www.ofm.hr\/koprivnica\/wp-content\/uploads\/2014\/11\/web18_PB150036.jpg",480,640,false],"large":["https:\/\/www.ofm.hr\/koprivnica\/wp-content\/uploads\/2014\/11\/web18_PB150036.jpg",480,640,false],"1536x1536":["https:\/\/www.ofm.hr\/koprivnica\/wp-content\/uploads\/2014\/11\/web18_PB150036.jpg",480,640,false],"2048x2048":["https:\/\/www.ofm.hr\/koprivnica\/wp-content\/uploads\/2014\/11\/web18_PB150036.jpg",480,640,false],"qubely_landscape":["https:\/\/www.ofm.hr\/koprivnica\/wp-content\/uploads\/2014\/11\/web18_PB150036.jpg",480,640,false],"qubely_portrait":["https:\/\/www.ofm.hr\/koprivnica\/wp-content\/uploads\/2014\/11\/web18_PB150036.jpg",240,320,false],"qubely_thumbnail":["https:\/\/www.ofm.hr\/koprivnica\/wp-content\/uploads\/2014\/11\/web18_PB150036.jpg",75,100,false]},"post_excerpt_stackable_v2":"<p>Jo\u0161 davne 1773. godine zagreba\u010dki biskup Josip Galjuf odredio je raspored klanjanja pred Presvetim u tada\u0161njoj Zagreba\u010dkoj biskupiji. Tada je odre\u0111eno da se u Franjeva\u010dkom samostanu u Koprivnici svake godine odr\u017eava godi\u0161nje klanjanje 16. studenog. Na posljednjoj sjednici \u017dPV-a dogovorili smo se da dan klanjanja pomaknemo dan unaprijed jer je 16. studeni nedjelja kada su \u010detiri euharistijska slavlja pa bi klanjanje bilo te\u017ee odr\u017eati. Ovako smo imali lijep odaziv vjernika i na sve\u010danoj misi ve\u0107inu sve\u0107enika koprivni\u010dkog dekanata. Misu je predvodio i propovijedao vl\u010d. Nenad Piska\u010d, \u017eupnik iz Starigrada. Samo klanjanje bilo je organizirano na taj na\u010din da su se&hellip;<\/p>\n","category_list_v2":"<a href=\"https:\/\/www.ofm.hr\/koprivnica\/category\/poboznosti\/klanjanje\/\" rel=\"category tag\">Klanjanje<\/a>","author_info_v2":{"name":"Branko","url":"https:\/\/www.ofm.hr\/koprivnica\/author\/admkp8\/"},"comments_num_v2":"0 comments","_links":{"self":[{"href":"https:\/\/www.ofm.hr\/koprivnica\/wp-json\/wp\/v2\/posts\/1629","targetHints":{"allow":["GET"]}}],"collection":[{"href":"https:\/\/www.ofm.hr\/koprivnica\/wp-json\/wp\/v2\/posts"}],"about":[{"href":"https:\/\/www.ofm.hr\/koprivnica\/wp-json\/wp\/v2\/types\/post"}],"author":[{"embeddable":true,"href":"https:\/\/www.ofm.hr\/koprivnica\/wp-json\/wp\/v2\/users\/1"}],"replies":[{"embeddable":true,"href":"https:\/\/www.ofm.hr\/koprivnica\/wp-json\/wp\/v2\/comments?post=1629"}],"version-history":[{"count":3,"href":"https:\/\/www.ofm.hr\/koprivnica\/wp-json\/wp\/v2\/posts\/1629\/revisions"}],"predecessor-version":[{"id":10337,"href":"https:\/\/www.ofm.hr\/koprivnica\/wp-json\/wp\/v2\/posts\/1629\/revisions\/10337"}],"wp:featuredmedia":[{"embeddable":true,"href":"https:\/\/www.ofm.hr\/koprivnica\/wp-json\/wp\/v2\/media\/1609"}],"wp:attachment":[{"href":"https:\/\/www.ofm.hr\/koprivnica\/wp-json\/wp\/v2\/media?parent=1629"}],"wp:term":[{"taxonomy":"category","embeddable":true,"href":"https:\/\/www.ofm.hr\/koprivnica\/wp-json\/wp\/v2\/categories?post=1629"},{"taxonomy":"post_tag","embeddable":true,"href":"https:\/\/www.ofm.hr\/koprivnica\/wp-json\/wp\/v2\/tags?post=1629"}],"curies":[{"name":"wp","href":"https:\/\/api.w.org\/{rel}","templated":true}]}}