{"id":16328,"date":"2025-05-21T13:36:08","date_gmt":"2025-05-21T11:36:08","guid":{"rendered":"https:\/\/www.ofm.hr\/koprivnica\/?p=16328"},"modified":"2025-05-21T13:36:09","modified_gmt":"2025-05-21T11:36:09","slug":"kratko-izvjesce-sa-skupstine-fsr-a-6-5-2025","status":"publish","type":"post","link":"https:\/\/www.ofm.hr\/koprivnica\/kratko-izvjesce-sa-skupstine-fsr-a-6-5-2025\/","title":{"rendered":"Kratko izvje\u0161\u0107e sa Skup\u0161tine FSR-a 6. 5. 2025."},"content":{"rendered":"\n<p>Skup\u0161tini je prisustvovalo 30-etak bra\u0107e i sestara, te na\u0161 duhovnik fra Zoran Bibi\u0107. Skup\u0161tinu smo zapo\u010deli pjesmom i molitvom &nbsp;\u010casoslova. <strong><em>Podijeljeni su informativni listi\u0107i<\/em><\/strong><em> za slijede\u0107e razdoblje i data su poja\u0161njenja: 13.5. \u2013 Neformalni susret (Lectio divina); 14.5. \u2013 OFS\/FRAMA animira klanjanje nakon ve\u010dernje Mise; 20.5. \u2013 Neformalni susret (Lectio divina); 31.5. \u2013 Obe\u0107anja FRAMA za vrijeme Mise; Svibanjske pobo\u017enosti \u2013 utorak OFS predmoli Krunicu; &nbsp;&nbsp;&nbsp;&nbsp;&nbsp;<strong>Najave<\/strong>: 14.6. \u2013 Obiteljski dan Vara\u017edinske biskupije u Ludbregu; 21.6. \u2013 \u017dupno hodo\u010da\u0161\u0107e na Trsat; 21.6. \u2013 Nacionalno hodo\u010da\u0161\u0107e OFS-a u \u0160ibenik; 10.-13.7. \u2013 Tabor duhovne vje\u017ebe.<\/em><\/p>\n\n\n\n<p>Na Skup\u0161tini smo skupljali priloge za obitelj Martinaga, vezano za operaciju njihovog sina. Fra Zoran Bibi\u0107 je odr\u017eao predavanje sa temom: &nbsp;<strong>Utjecaj korupcije na dru\u0161tvo i na \u017eivot svjetovnog franjevca<\/strong><\/p>\n\n\n\n<p>Papa Franjo korupciju naziva korovom koji napada politiku, dru\u0161tvo, gospodarstvo, a ni Crkva nije po\u0161te\u0111ena. Papa smatra korupciju te\u017eom od grijeha jer korumpirani \u010dovjek postaje zarazan za dru\u0161tvo, tra\u017ei suu\u010desnike koje uvla\u010di u mre\u017eu koruptivne pristranosti i pogodovanja. Korupcija zna\u010di podmi\u0107ivanje, pokvarenost, kori\u0161tenje javne du\u017enosti radi osobnog probitka, zlouporabu polo\u017eaja s ciljem stjecanja materijalne ili neke druge koristi, gdje se osobni interesi stavljaju ispred op\u0107eg dobra. Korupcija uni\u0161tava temeljne ljudske vrijednosti \u2013 po\u0161tenje, pravednost i povjerenje. Korupcija se razma\u0161e kada \u010dovjek zaboravi na Boga i zanemaruje istinske ljudske vrijednosti. Kao izvor korupcije Isus izdvaja nutrinu \u010dovjekovog srca iz kojeg izlaze zle namjere i \u010dini. \u010clanovi FSR-a uzimaju Evan\u0111elje kao kriterij koji oblikuje svakodnevni \u017eivot, gdje nadahnuti franjeva\u010dkom duhovno\u0161\u0107u,<\/p>\n\n\n\n<p>primjerom i djelima promi\u010du evan\u0111eoske vrijednosti u svijetu. Njeguju\u0107i bratsko zajedni\u0161tvo, vr\u0161e\u0107i odgovorno obiteljske du\u017enosti, savjesno obavljaju\u0107i profesionalne poslove na dobro i korist cijeloga dru\u0161tva, preuzimaju\u0107i dru\u0161tvenu odgovornost zauzimaju\u0107i se za po\u0161tivanje kr\u0161\u0107anskih vrijednosti na svim podru\u010djima, djeluju uvijek kao kvasac u sredini u kojoj \u017eive. Nikad ne zaboraviti da smo pred Bogom svi isti.<\/p>\n\n\n\n<p>Poslije predavanja se razvila bogata diskusija o ovoj sveprisutnoj temi.<strong><em><\/em><\/strong><\/p>\n\n\n\n<p><strong><em>MIR i DOBRO!<\/em><\/strong><\/p>\n","protected":false},"excerpt":{"rendered":"<p>Skup\u0161tini je prisustvovalo 30-etak bra\u0107e i sestara, te na\u0161 duhovnik fra Zoran Bibi\u0107. Skup\u0161tinu smo zapo\u010deli pjesmom i molitvom &nbsp;\u010casoslova. Podijeljeni su informativni listi\u0107i za slijede\u0107e razdoblje i data su poja\u0161njenja: 13.5. \u2013 Neformalni susret (Lectio divina); 14.5. \u2013 OFS\/FRAMA animira klanjanje nakon ve\u010dernje Mise; 20.5. \u2013 Neformalni susret (Lectio divina); 31.5. \u2013 Obe\u0107anja FRAMA [&hellip;]<\/p>\n","protected":false},"author":1,"featured_media":0,"comment_status":"closed","ping_status":"open","sticky":false,"template":"","format":"standard","meta":{"qubely_global_settings":"","qubely_interactions":"","footnotes":""},"categories":[39],"tags":[],"class_list":["post-16328","post","type-post","status-publish","format-standard","hentry","category-fsr-ofs"],"blocksy_meta":[],"qubely_featured_image_url":null,"qubely_author":{"display_name":"Branko","author_link":"https:\/\/www.ofm.hr\/koprivnica\/author\/admkp8\/"},"qubely_comment":0,"qubely_category":"<a href=\"https:\/\/www.ofm.hr\/koprivnica\/category\/fsr-ofs\/\" rel=\"category tag\">FSR (OFS)<\/a>","qubely_excerpt":"Skup\u0161tini je prisustvovalo 30-etak bra\u0107e i sestara, te na\u0161 duhovnik fra Zoran Bibi\u0107. Skup\u0161tinu smo zapo\u010deli pjesmom i molitvom &nbsp;\u010casoslova. Podijeljeni su informativni listi\u0107i za slijede\u0107e razdoblje i data su poja\u0161njenja: 13.5. \u2013 Neformalni susret (Lectio divina); 14.5. \u2013 OFS\/FRAMA animira klanjanje nakon ve\u010dernje Mise; 20.5. \u2013 Neformalni susret (Lectio divina); 31.5. \u2013 Obe\u0107anja FRAMA&hellip;","featured_image_urls_v2":{"full":"","thumbnail":"","medium":"","medium_large":"","large":"","1536x1536":"","2048x2048":"","qubely_landscape":"","qubely_portrait":"","qubely_thumbnail":""},"post_excerpt_stackable_v2":"<p>Skup\u0161tini je prisustvovalo 30-etak bra\u0107e i sestara, te na\u0161 duhovnik fra Zoran Bibi\u0107. Skup\u0161tinu smo zapo\u010deli pjesmom i molitvom &nbsp;\u010casoslova. Podijeljeni su informativni listi\u0107i za slijede\u0107e razdoblje i data su poja\u0161njenja: 13.5. \u2013 Neformalni susret (Lectio divina); 14.5. \u2013 OFS\/FRAMA animira klanjanje nakon ve\u010dernje Mise; 20.5. \u2013 Neformalni susret (Lectio divina); 31.5. \u2013 Obe\u0107anja FRAMA za vrijeme Mise; Svibanjske pobo\u017enosti \u2013 utorak OFS predmoli Krunicu; &nbsp;&nbsp;&nbsp;&nbsp;&nbsp;Najave: 14.6. \u2013 Obiteljski dan Vara\u017edinske biskupije u Ludbregu; 21.6. \u2013 \u017dupno hodo\u010da\u0161\u0107e na Trsat; 21.6. \u2013 Nacionalno hodo\u010da\u0161\u0107e OFS-a u \u0160ibenik; 10.-13.7. \u2013 Tabor duhovne vje\u017ebe. Na Skup\u0161tini smo skupljali priloge za obitelj Martinaga,&hellip;<\/p>\n","category_list_v2":"<a href=\"https:\/\/www.ofm.hr\/koprivnica\/category\/fsr-ofs\/\" rel=\"category tag\">FSR (OFS)<\/a>","author_info_v2":{"name":"Branko","url":"https:\/\/www.ofm.hr\/koprivnica\/author\/admkp8\/"},"comments_num_v2":"0 comments","_links":{"self":[{"href":"https:\/\/www.ofm.hr\/koprivnica\/wp-json\/wp\/v2\/posts\/16328","targetHints":{"allow":["GET"]}}],"collection":[{"href":"https:\/\/www.ofm.hr\/koprivnica\/wp-json\/wp\/v2\/posts"}],"about":[{"href":"https:\/\/www.ofm.hr\/koprivnica\/wp-json\/wp\/v2\/types\/post"}],"author":[{"embeddable":true,"href":"https:\/\/www.ofm.hr\/koprivnica\/wp-json\/wp\/v2\/users\/1"}],"replies":[{"embeddable":true,"href":"https:\/\/www.ofm.hr\/koprivnica\/wp-json\/wp\/v2\/comments?post=16328"}],"version-history":[{"count":1,"href":"https:\/\/www.ofm.hr\/koprivnica\/wp-json\/wp\/v2\/posts\/16328\/revisions"}],"predecessor-version":[{"id":16329,"href":"https:\/\/www.ofm.hr\/koprivnica\/wp-json\/wp\/v2\/posts\/16328\/revisions\/16329"}],"wp:attachment":[{"href":"https:\/\/www.ofm.hr\/koprivnica\/wp-json\/wp\/v2\/media?parent=16328"}],"wp:term":[{"taxonomy":"category","embeddable":true,"href":"https:\/\/www.ofm.hr\/koprivnica\/wp-json\/wp\/v2\/categories?post=16328"},{"taxonomy":"post_tag","embeddable":true,"href":"https:\/\/www.ofm.hr\/koprivnica\/wp-json\/wp\/v2\/tags?post=16328"}],"curies":[{"name":"wp","href":"https:\/\/api.w.org\/{rel}","templated":true}]}}