{"id":16521,"date":"2025-07-08T12:59:06","date_gmt":"2025-07-08T10:59:06","guid":{"rendered":"https:\/\/www.ofm.hr\/koprivnica\/?p=16521"},"modified":"2025-07-08T12:59:07","modified_gmt":"2025-07-08T10:59:07","slug":"kratko-izvjesce-sa-skupstine-fsr-a-1-7-2025","status":"publish","type":"post","link":"https:\/\/www.ofm.hr\/koprivnica\/kratko-izvjesce-sa-skupstine-fsr-a-1-7-2025\/","title":{"rendered":"Kratko izvje\u0161\u0107e sa Skup\u0161tine FSR-a 1. 7. 2025."},"content":{"rendered":"\n<p>Iako je vrijeme odlazaka na godi\u0161nji odmor, a i vru\u0107ine su pritisnule, ipak Skup\u0161tina se ne propu\u0161ta. Poslije ve\u010dernje Mise skupilo se u dobroj vjeri 18 bra\u0107e i sestara. Skup\u0161tinu smo zapo\u010deli&nbsp; molitvom &nbsp;\u010casoslova. Najavljeno je cijelono\u0107no klanjanje u kolovozu pred Isusom \u201eZa Koprivnicu\u201c.&nbsp; Na\u0161e bratstvo \u0107e sudjelovati u rujnu na glazbeno-pjesni\u010dkom festivalu u Zagrebu na Sigetu povodom obilje\u017eavanja 800-te obljetnice <em>Pjesme brata Sunca<\/em> na\u0161eg svetog oca Franje. Tra\u017ei se da u ovom slavlju u\u010destvuje \u010dim ve\u0107i broj na\u0161ih FSR-ovaca, bez obzira na pjeva\u010dke sposobnosti. Ostatak Skup\u0161tine je bio posve\u0107en intrigantnom pitanju za sve prisutne: \u0160to nas odvaja od Isusa? Tema je dotaknula na\u0161u nutrinu, pokazuje na\u0161e slabosti, no vjera koja je najve\u0107i dar na\u0161ih \u017eivota, vra\u0107a nas u okrilje Isusovog milosr\u0111a i ljubavi. Gotovo svi su u\u010destvovali u otvaranju svoje intime, no ova te\u0161ka tema pokazala je koliko imamo povjerenja jedni u druge.<\/p>\n\n\n\n<p><strong><em>MIR i DOBRO!<\/em><\/strong><\/p>\n","protected":false},"excerpt":{"rendered":"<p>Iako je vrijeme odlazaka na godi\u0161nji odmor, a i vru\u0107ine su pritisnule, ipak Skup\u0161tina se ne propu\u0161ta. Poslije ve\u010dernje Mise skupilo se u dobroj vjeri 18 bra\u0107e i sestara. Skup\u0161tinu smo zapo\u010deli&nbsp; molitvom &nbsp;\u010casoslova. Najavljeno je cijelono\u0107no klanjanje u kolovozu pred Isusom \u201eZa Koprivnicu\u201c.&nbsp; Na\u0161e bratstvo \u0107e sudjelovati u rujnu na glazbeno-pjesni\u010dkom festivalu u Zagrebu [&hellip;]<\/p>\n","protected":false},"author":1,"featured_media":0,"comment_status":"closed","ping_status":"open","sticky":false,"template":"","format":"standard","meta":{"qubely_global_settings":"","qubely_interactions":"","footnotes":""},"categories":[39],"tags":[],"class_list":["post-16521","post","type-post","status-publish","format-standard","hentry","category-fsr-ofs"],"blocksy_meta":[],"qubely_featured_image_url":null,"qubely_author":{"display_name":"Branko","author_link":"https:\/\/www.ofm.hr\/koprivnica\/author\/admkp8\/"},"qubely_comment":0,"qubely_category":"<a href=\"https:\/\/www.ofm.hr\/koprivnica\/category\/fsr-ofs\/\" rel=\"category tag\">FSR (OFS)<\/a>","qubely_excerpt":"Iako je vrijeme odlazaka na godi\u0161nji odmor, a i vru\u0107ine su pritisnule, ipak Skup\u0161tina se ne propu\u0161ta. Poslije ve\u010dernje Mise skupilo se u dobroj vjeri 18 bra\u0107e i sestara. Skup\u0161tinu smo zapo\u010deli&nbsp; molitvom &nbsp;\u010casoslova. Najavljeno je cijelono\u0107no klanjanje u kolovozu pred Isusom \u201eZa Koprivnicu\u201c.&nbsp; Na\u0161e bratstvo \u0107e sudjelovati u rujnu na glazbeno-pjesni\u010dkom festivalu u Zagrebu&hellip;","featured_image_urls_v2":{"full":"","thumbnail":"","medium":"","medium_large":"","large":"","1536x1536":"","2048x2048":"","qubely_landscape":"","qubely_portrait":"","qubely_thumbnail":""},"post_excerpt_stackable_v2":"<p>Iako je vrijeme odlazaka na godi\u0161nji odmor, a i vru\u0107ine su pritisnule, ipak Skup\u0161tina se ne propu\u0161ta. Poslije ve\u010dernje Mise skupilo se u dobroj vjeri 18 bra\u0107e i sestara. Skup\u0161tinu smo zapo\u010deli&nbsp; molitvom &nbsp;\u010casoslova. Najavljeno je cijelono\u0107no klanjanje u kolovozu pred Isusom \u201eZa Koprivnicu\u201c.&nbsp; Na\u0161e bratstvo \u0107e sudjelovati u rujnu na glazbeno-pjesni\u010dkom festivalu u Zagrebu na Sigetu povodom obilje\u017eavanja 800-te obljetnice Pjesme brata Sunca na\u0161eg svetog oca Franje. Tra\u017ei se da u ovom slavlju u\u010destvuje \u010dim ve\u0107i broj na\u0161ih FSR-ovaca, bez obzira na pjeva\u010dke sposobnosti. Ostatak Skup\u0161tine je bio posve\u0107en intrigantnom pitanju za sve prisutne: \u0160to nas odvaja od Isusa?&hellip;<\/p>\n","category_list_v2":"<a href=\"https:\/\/www.ofm.hr\/koprivnica\/category\/fsr-ofs\/\" rel=\"category tag\">FSR (OFS)<\/a>","author_info_v2":{"name":"Branko","url":"https:\/\/www.ofm.hr\/koprivnica\/author\/admkp8\/"},"comments_num_v2":"0 comments","_links":{"self":[{"href":"https:\/\/www.ofm.hr\/koprivnica\/wp-json\/wp\/v2\/posts\/16521","targetHints":{"allow":["GET"]}}],"collection":[{"href":"https:\/\/www.ofm.hr\/koprivnica\/wp-json\/wp\/v2\/posts"}],"about":[{"href":"https:\/\/www.ofm.hr\/koprivnica\/wp-json\/wp\/v2\/types\/post"}],"author":[{"embeddable":true,"href":"https:\/\/www.ofm.hr\/koprivnica\/wp-json\/wp\/v2\/users\/1"}],"replies":[{"embeddable":true,"href":"https:\/\/www.ofm.hr\/koprivnica\/wp-json\/wp\/v2\/comments?post=16521"}],"version-history":[{"count":1,"href":"https:\/\/www.ofm.hr\/koprivnica\/wp-json\/wp\/v2\/posts\/16521\/revisions"}],"predecessor-version":[{"id":16522,"href":"https:\/\/www.ofm.hr\/koprivnica\/wp-json\/wp\/v2\/posts\/16521\/revisions\/16522"}],"wp:attachment":[{"href":"https:\/\/www.ofm.hr\/koprivnica\/wp-json\/wp\/v2\/media?parent=16521"}],"wp:term":[{"taxonomy":"category","embeddable":true,"href":"https:\/\/www.ofm.hr\/koprivnica\/wp-json\/wp\/v2\/categories?post=16521"},{"taxonomy":"post_tag","embeddable":true,"href":"https:\/\/www.ofm.hr\/koprivnica\/wp-json\/wp\/v2\/tags?post=16521"}],"curies":[{"name":"wp","href":"https:\/\/api.w.org\/{rel}","templated":true}]}}