{"id":16614,"date":"2025-09-14T14:35:46","date_gmt":"2025-09-14T12:35:46","guid":{"rendered":"https:\/\/www.ofm.hr\/koprivnica\/?p=16614"},"modified":"2025-09-14T14:35:47","modified_gmt":"2025-09-14T12:35:47","slug":"kratko-izvjesce-sa-skupstine-fsr-a-2-9-2025","status":"publish","type":"post","link":"https:\/\/www.ofm.hr\/koprivnica\/kratko-izvjesce-sa-skupstine-fsr-a-2-9-2025\/","title":{"rendered":"Kratko izvje\u0161\u0107e sa Skup\u0161tine FSR-a 2. 9. 2025."},"content":{"rendered":"\n<p>Skup\u0161tini je prisustvovalo 24-ero bra\u0107e i sestara, te na\u0161 duhovnik fra Zoran Bibi\u0107. Nakon molitve Ve\u010dernje, te molitve na nakanu Pape i mjese\u010dne nakane OFS-a, pater je pro\u010ditao to\u010dku 4, drugog poglavlja Pravilo &nbsp;i generalne konstitucije OFS-a:<\/p>\n\n\n\n<ul class=\"wp-block-list\" data-block-type=\"core\">\n<li data-block-type=\"core\"><strong>Pravilo i \u017eivot svjetovnih franjevca jest ovo: opslu\u017eivati Evan\u0111elje Gospodina na\u0161ega Isusa Krista, slijede\u0107i primjer sv. Franje Asi\u0161koga koji je Krista u\u010dinio nadahniteljem i sredi\u0161tem svoga \u017eivota s Bogom i s ljudima. Krist, dar O\u010deve ljubavi, put je koji nas vodi k Ocu, istina u koju nas uvodi Duh Sveti i \u017eivot kojega nam je On do\u0161ao dati u izobilju. Neka se svjetovni franjevci osim toga obve\u017eu da \u0107e \u010desto \u010ditati Evan\u0111elje, prelaze\u0107i iz Evan\u0111elja u \u017eivot i iz \u017eivota u Evan\u0111elje.<\/strong><\/li>\n<\/ul>\n\n\n\n<p><strong>Podijeljeni su informativni listi\u0107i za slijede\u0107e razdoblje i data su poja\u0161njenja<\/strong>: 9.9.- neformalni susret&nbsp; Lectio divina; 10.9.- klanjanje animira OFS\/FRAMA; 16.9.- neformalni susre Lectio divina; 17.9.- Rane sv. Franje; 28.9.- glazbeni festival u Zagrebu \u2013 Siget \u017dupa sv. Kri\u017ea; 25.9. \u2013 3.10. devetnica sv. Franji Asi\u0161kom (molitva za sve \u010dlanove franjeva\u010dke obitelji i duhovna zvanja); 1.10. \u2013 3.10. trodnevnica sv. Franji; 4.10.- nakon ve\u010dernje mise sve\u010dana skup\u0161tina OFS-a.<\/p>\n\n\n\n<p>Napravljen je raspored molitve i posta po danima od listopada do Uskrsa kao nakana za duhovna zvanja u franjeva\u010dkoj obitelji. Napravljen je i popis zainteresiranih za nastup na festivalu 28.9.<\/p>\n\n\n\n<p><strong>Fra Zoran Bibi\u0107 je odr\u017eao predavanje sa temom: Vrijednost tijela<\/strong><\/p>\n\n\n\n<p>U uvodnom dijelu podsjetili smo se kako je tijelo bilo promatrano negativno kao izvor po\u017eude, strasti i ograni\u010denja. U novije vrijeme tijelo, kao nerazdvojivo od duha promatrano je kao dio iste stvarnosti. Svjetovni \u2013 krivi pogled, uzdi\u017ee tijelo do bo\u017eanstva ili pak kao predmet iskori\u0161tavanja. Sv. Franjo da bi se branio od po\u017eude bacao se u grmlje \u2013 kasnije pak naziva svoje tijelo bratom magarcem. Bilo je govora i o, \u010desto zanemarivanoj, (pred)bra\u010dnoj \u010disto\u0107i te suprotno njoj, konkubinatu. Brak je ustanovljen od samoga Boga, dok je konkubinat ozbiljno naru\u0161avanje istine o braku. Budu\u0107i da su duh, du\u0161a i tijelo zajedni\u0161tvo jedne osobe, tako i sam tjelesni \u010din uklju\u010duje kompletnu osobu. Roditelji postaju suradnici Bo\u017eji \u2013 smiju polagati ruke na glavu svoga djeteta. U takvom pogledu bra\u010dni \u010din je liturgijski \u010din bra\u010dnih supru\u017enika,&nbsp; te ima dodatne 2 dimenzije \u2013 jedinstvo i plodnost. Suvremeni pak stav o tijelu izra\u017eava jedno idolopoklonstvo tijelu, te poni\u017eavanje kroz zlouporabu plodnosti (pornografija, pretjerana tjelovje\u017eba i dijeta kao izraz neprihva\u0107anja svojeg tijela). Djevi\u010danstvo, nasuprot tome, nije samo tjelesna kategorija \u2013 ono je povratak izvornom stanju prije grijeha koje je mogu\u0107e zahvaljuju\u0107i Kristovom otkupljenju. Ne obeshrabrujmo se, Krist nas &nbsp;zove na Sveti put i za to nam daje obilatu milost.<\/p>\n\n\n\n<p>MIR i DOBRO<\/p>\n","protected":false},"excerpt":{"rendered":"<p>Skup\u0161tini je prisustvovalo 24-ero bra\u0107e i sestara, te na\u0161 duhovnik fra Zoran Bibi\u0107. Nakon molitve Ve\u010dernje, te molitve na nakanu Pape i mjese\u010dne nakane OFS-a, pater je pro\u010ditao to\u010dku 4, drugog poglavlja Pravilo &nbsp;i generalne konstitucije OFS-a: Podijeljeni su informativni listi\u0107i za slijede\u0107e razdoblje i data su poja\u0161njenja: 9.9.- neformalni susret&nbsp; Lectio divina; 10.9.- klanjanje [&hellip;]<\/p>\n","protected":false},"author":1,"featured_media":0,"comment_status":"closed","ping_status":"open","sticky":false,"template":"","format":"standard","meta":{"qubely_global_settings":"","qubely_interactions":"","footnotes":""},"categories":[39],"tags":[],"class_list":["post-16614","post","type-post","status-publish","format-standard","hentry","category-fsr-ofs"],"blocksy_meta":[],"qubely_featured_image_url":null,"qubely_author":{"display_name":"Branko","author_link":"https:\/\/www.ofm.hr\/koprivnica\/author\/admkp8\/"},"qubely_comment":0,"qubely_category":"<a href=\"https:\/\/www.ofm.hr\/koprivnica\/category\/fsr-ofs\/\" rel=\"category tag\">FSR (OFS)<\/a>","qubely_excerpt":"Skup\u0161tini je prisustvovalo 24-ero bra\u0107e i sestara, te na\u0161 duhovnik fra Zoran Bibi\u0107. Nakon molitve Ve\u010dernje, te molitve na nakanu Pape i mjese\u010dne nakane OFS-a, pater je pro\u010ditao to\u010dku 4, drugog poglavlja Pravilo &nbsp;i generalne konstitucije OFS-a: Podijeljeni su informativni listi\u0107i za slijede\u0107e razdoblje i data su poja\u0161njenja: 9.9.- neformalni susret&nbsp; Lectio divina; 10.9.- klanjanje&hellip;","featured_image_urls_v2":{"full":"","thumbnail":"","medium":"","medium_large":"","large":"","1536x1536":"","2048x2048":"","qubely_landscape":"","qubely_portrait":"","qubely_thumbnail":""},"post_excerpt_stackable_v2":"<p>Skup\u0161tini je prisustvovalo 24-ero bra\u0107e i sestara, te na\u0161 duhovnik fra Zoran Bibi\u0107. Nakon molitve Ve\u010dernje, te molitve na nakanu Pape i mjese\u010dne nakane OFS-a, pater je pro\u010ditao to\u010dku 4, drugog poglavlja Pravilo &nbsp;i generalne konstitucije OFS-a: Pravilo i \u017eivot svjetovnih franjevca jest ovo: opslu\u017eivati Evan\u0111elje Gospodina na\u0161ega Isusa Krista, slijede\u0107i primjer sv. Franje Asi\u0161koga koji je Krista u\u010dinio nadahniteljem i sredi\u0161tem svoga \u017eivota s Bogom i s ljudima. Krist, dar O\u010deve ljubavi, put je koji nas vodi k Ocu, istina u koju nas uvodi Duh Sveti i \u017eivot kojega nam je On do\u0161ao dati u izobilju. Neka se svjetovni&hellip;<\/p>\n","category_list_v2":"<a href=\"https:\/\/www.ofm.hr\/koprivnica\/category\/fsr-ofs\/\" rel=\"category tag\">FSR (OFS)<\/a>","author_info_v2":{"name":"Branko","url":"https:\/\/www.ofm.hr\/koprivnica\/author\/admkp8\/"},"comments_num_v2":"0 comments","_links":{"self":[{"href":"https:\/\/www.ofm.hr\/koprivnica\/wp-json\/wp\/v2\/posts\/16614","targetHints":{"allow":["GET"]}}],"collection":[{"href":"https:\/\/www.ofm.hr\/koprivnica\/wp-json\/wp\/v2\/posts"}],"about":[{"href":"https:\/\/www.ofm.hr\/koprivnica\/wp-json\/wp\/v2\/types\/post"}],"author":[{"embeddable":true,"href":"https:\/\/www.ofm.hr\/koprivnica\/wp-json\/wp\/v2\/users\/1"}],"replies":[{"embeddable":true,"href":"https:\/\/www.ofm.hr\/koprivnica\/wp-json\/wp\/v2\/comments?post=16614"}],"version-history":[{"count":1,"href":"https:\/\/www.ofm.hr\/koprivnica\/wp-json\/wp\/v2\/posts\/16614\/revisions"}],"predecessor-version":[{"id":16615,"href":"https:\/\/www.ofm.hr\/koprivnica\/wp-json\/wp\/v2\/posts\/16614\/revisions\/16615"}],"wp:attachment":[{"href":"https:\/\/www.ofm.hr\/koprivnica\/wp-json\/wp\/v2\/media?parent=16614"}],"wp:term":[{"taxonomy":"category","embeddable":true,"href":"https:\/\/www.ofm.hr\/koprivnica\/wp-json\/wp\/v2\/categories?post=16614"},{"taxonomy":"post_tag","embeddable":true,"href":"https:\/\/www.ofm.hr\/koprivnica\/wp-json\/wp\/v2\/tags?post=16614"}],"curies":[{"name":"wp","href":"https:\/\/api.w.org\/{rel}","templated":true}]}}