{"id":16774,"date":"2025-10-12T19:24:05","date_gmt":"2025-10-12T17:24:05","guid":{"rendered":"https:\/\/www.ofm.hr\/koprivnica\/?p=16774"},"modified":"2025-10-18T21:10:24","modified_gmt":"2025-10-18T19:10:24","slug":"kratko-izvjesce-sa-svecane-skupstine-fsr-a-4-10-2025","status":"publish","type":"post","link":"https:\/\/www.ofm.hr\/koprivnica\/kratko-izvjesce-sa-svecane-skupstine-fsr-a-4-10-2025\/","title":{"rendered":"Kratko izvje\u0161\u0107e sa sve\u010dane Skup\u0161tine FSR-a 4. 10. 2025."},"content":{"rendered":"\n<p>Poslije trodnevnice koju je dr\u017eao fra Zoran Bibi\u0107, a vezana za \u017eivot Sv.Franje, slijedila je Misa u \u010dast na\u0161ega duhovnoga oca Sv.Franje Asi\u0161kog. Poslije Mise smo imali sve\u010danu skup\u0161tinu FSR-a i FRAME sa prigodnim programom, vezano za \u017eivot i djelo na\u0161eg serafskog oca. Na kraju smo imali malu zakusku sa dru\u017eenjem. Skromno, ali toplo i nadahnuto franjeva\u010dkom karizmom, koju nam je ostavio Sv.Franjo, kao nadahnu\u0107e prema ljubavi Isusa Krista i njegovog Evan\u0111elja, te kao&nbsp; dar koji nas prati prema Kraljevstvu Bo\u017ejem i \u017eivotu vje\u010dnome. &nbsp;<\/p>\n\n\n\n<p>MIR i DOBRO<\/p>\n","protected":false},"excerpt":{"rendered":"<p>Poslije trodnevnice koju je dr\u017eao fra Zoran Bibi\u0107, a vezana za \u017eivot Sv.Franje, slijedila je Misa u \u010dast na\u0161ega duhovnoga oca Sv.Franje Asi\u0161kog. Poslije Mise smo imali sve\u010danu skup\u0161tinu FSR-a i FRAME sa prigodnim programom, vezano za \u017eivot i djelo na\u0161eg serafskog oca. Na kraju smo imali malu zakusku sa dru\u017eenjem. Skromno, ali toplo i [&hellip;]<\/p>\n","protected":false},"author":1,"featured_media":0,"comment_status":"closed","ping_status":"open","sticky":false,"template":"","format":"standard","meta":{"qubely_global_settings":"","qubely_interactions":"","footnotes":""},"categories":[39,154],"tags":[],"class_list":["post-16774","post","type-post","status-publish","format-standard","hentry","category-fsr-ofs","category-naslovna"],"blocksy_meta":[],"qubely_featured_image_url":null,"qubely_author":{"display_name":"Branko","author_link":"https:\/\/www.ofm.hr\/koprivnica\/author\/admkp8\/"},"qubely_comment":0,"qubely_category":"<a href=\"https:\/\/www.ofm.hr\/koprivnica\/category\/fsr-ofs\/\" rel=\"category tag\">FSR (OFS)<\/a> <a href=\"https:\/\/www.ofm.hr\/koprivnica\/category\/naslovna\/\" rel=\"category tag\">NASLOVNA<\/a>","qubely_excerpt":"Poslije trodnevnice koju je dr\u017eao fra Zoran Bibi\u0107, a vezana za \u017eivot Sv.Franje, slijedila je Misa u \u010dast na\u0161ega duhovnoga oca Sv.Franje Asi\u0161kog. Poslije Mise smo imali sve\u010danu skup\u0161tinu FSR-a i FRAME sa prigodnim programom, vezano za \u017eivot i djelo na\u0161eg serafskog oca. Na kraju smo imali malu zakusku sa dru\u017eenjem. Skromno, ali toplo i&hellip;","featured_image_urls_v2":{"full":"","thumbnail":"","medium":"","medium_large":"","large":"","1536x1536":"","2048x2048":"","qubely_landscape":"","qubely_portrait":"","qubely_thumbnail":""},"post_excerpt_stackable_v2":"<p>Poslije trodnevnice koju je dr\u017eao fra Zoran Bibi\u0107, a vezana za \u017eivot Sv.Franje, slijedila je Misa u \u010dast na\u0161ega duhovnoga oca Sv.Franje Asi\u0161kog. Poslije Mise smo imali sve\u010danu skup\u0161tinu FSR-a i FRAME sa prigodnim programom, vezano za \u017eivot i djelo na\u0161eg serafskog oca. Na kraju smo imali malu zakusku sa dru\u017eenjem. Skromno, ali toplo i nadahnuto franjeva\u010dkom karizmom, koju nam je ostavio Sv.Franjo, kao nadahnu\u0107e prema ljubavi Isusa Krista i njegovog Evan\u0111elja, te kao&nbsp; dar koji nas prati prema Kraljevstvu Bo\u017ejem i \u017eivotu vje\u010dnome. &nbsp; MIR i DOBRO<\/p>\n","category_list_v2":"<a href=\"https:\/\/www.ofm.hr\/koprivnica\/category\/fsr-ofs\/\" rel=\"category tag\">FSR (OFS)<\/a>, <a href=\"https:\/\/www.ofm.hr\/koprivnica\/category\/naslovna\/\" rel=\"category tag\">NASLOVNA<\/a>","author_info_v2":{"name":"Branko","url":"https:\/\/www.ofm.hr\/koprivnica\/author\/admkp8\/"},"comments_num_v2":"0 comments","_links":{"self":[{"href":"https:\/\/www.ofm.hr\/koprivnica\/wp-json\/wp\/v2\/posts\/16774","targetHints":{"allow":["GET"]}}],"collection":[{"href":"https:\/\/www.ofm.hr\/koprivnica\/wp-json\/wp\/v2\/posts"}],"about":[{"href":"https:\/\/www.ofm.hr\/koprivnica\/wp-json\/wp\/v2\/types\/post"}],"author":[{"embeddable":true,"href":"https:\/\/www.ofm.hr\/koprivnica\/wp-json\/wp\/v2\/users\/1"}],"replies":[{"embeddable":true,"href":"https:\/\/www.ofm.hr\/koprivnica\/wp-json\/wp\/v2\/comments?post=16774"}],"version-history":[{"count":1,"href":"https:\/\/www.ofm.hr\/koprivnica\/wp-json\/wp\/v2\/posts\/16774\/revisions"}],"predecessor-version":[{"id":16775,"href":"https:\/\/www.ofm.hr\/koprivnica\/wp-json\/wp\/v2\/posts\/16774\/revisions\/16775"}],"wp:attachment":[{"href":"https:\/\/www.ofm.hr\/koprivnica\/wp-json\/wp\/v2\/media?parent=16774"}],"wp:term":[{"taxonomy":"category","embeddable":true,"href":"https:\/\/www.ofm.hr\/koprivnica\/wp-json\/wp\/v2\/categories?post=16774"},{"taxonomy":"post_tag","embeddable":true,"href":"https:\/\/www.ofm.hr\/koprivnica\/wp-json\/wp\/v2\/tags?post=16774"}],"curies":[{"name":"wp","href":"https:\/\/api.w.org\/{rel}","templated":true}]}}