{"id":16872,"date":"2025-11-23T20:17:23","date_gmt":"2025-11-23T19:17:23","guid":{"rendered":"https:\/\/www.ofm.hr\/koprivnica\/?p=16872"},"modified":"2025-11-23T20:17:25","modified_gmt":"2025-11-23T19:17:25","slug":"zupne-obavijesti-od-23-11-30-11-2025","status":"publish","type":"post","link":"https:\/\/www.ofm.hr\/koprivnica\/zupne-obavijesti-od-23-11-30-11-2025\/","title":{"rendered":"\u017dupne obavijesti od 23. 11. &#8211; 30. 11. 2025."},"content":{"rendered":"\n<p><strong><u>ZORNICE U NA\u0160OJ CRKVI<\/u><\/strong><\/p>\n\n\n\n<p>Od sljede\u0107e nedjelje, 30. studenog za vrijeme Do\u0161a\u0161\u0107a svakog dana misa zornica je u 6 sati ujutro. Poslije zornice u samostanskoj dvorani bit \u0107e radnim danom uobi\u010dajeno dru\u017eenje. Svi ste pozvani!<\/p>\n\n\n\n<p><strong><u>PALJENJE ADVENTSKE SVIJE\u0106E<\/u><\/strong><\/p>\n\n\n\n<p>Ove subote, 29. studenog, uo\u010di 1. nedjelje Do\u0161a\u0161\u0107a u 18,30 upaliti \u0107emo prvu svije\u0107u na adventskom vijencu koji kroz cijelo Do\u0161a\u0161\u0107e stoji ispred na\u0161e crkve. Ne zaboravimo ponijeti svije\u0107e.<\/p>\n\n\n\n<p><strong><u>PREDSTAVLJANJE PRVOPRI\u010cESNIKA<\/u><\/strong><\/p>\n\n\n\n<p>Ovogodi\u0161nji prvopri\u010desnici imat \u0107e predstavljanje \u017eupnoj zajednici na Prvu nedjelju do\u0161a\u0161\u0107a u 11,30. Pozvani su roditelji i rodbina da ih podr\u017ee!<\/p>\n","protected":false},"excerpt":{"rendered":"<p>ZORNICE U NA\u0160OJ CRKVI Od sljede\u0107e nedjelje, 30. studenog za vrijeme Do\u0161a\u0161\u0107a svakog dana misa zornica je u 6 sati ujutro. Poslije zornice u samostanskoj dvorani bit \u0107e radnim danom uobi\u010dajeno dru\u017eenje. Svi ste pozvani! PALJENJE ADVENTSKE SVIJE\u0106E Ove subote, 29. studenog, uo\u010di 1. nedjelje Do\u0161a\u0161\u0107a u 18,30 upaliti \u0107emo prvu svije\u0107u na adventskom vijencu [&hellip;]<\/p>\n","protected":false},"author":1,"featured_media":0,"comment_status":"closed","ping_status":"open","sticky":false,"template":"","format":"standard","meta":{"qubely_global_settings":"","qubely_interactions":"","footnotes":""},"categories":[45],"tags":[],"class_list":["post-16872","post","type-post","status-publish","format-standard","hentry","category-obavjesti"],"blocksy_meta":[],"qubely_featured_image_url":null,"qubely_author":{"display_name":"Branko","author_link":"https:\/\/www.ofm.hr\/koprivnica\/author\/admkp8\/"},"qubely_comment":0,"qubely_category":"<a href=\"https:\/\/www.ofm.hr\/koprivnica\/category\/obavjesti\/\" rel=\"category tag\">OBAVIJESTI<\/a>","qubely_excerpt":"ZORNICE U NA\u0160OJ CRKVI Od sljede\u0107e nedjelje, 30. studenog za vrijeme Do\u0161a\u0161\u0107a svakog dana misa zornica je u 6 sati ujutro. Poslije zornice u samostanskoj dvorani bit \u0107e radnim danom uobi\u010dajeno dru\u017eenje. Svi ste pozvani! PALJENJE ADVENTSKE SVIJE\u0106E Ove subote, 29. studenog, uo\u010di 1. nedjelje Do\u0161a\u0161\u0107a u 18,30 upaliti \u0107emo prvu svije\u0107u na adventskom vijencu&hellip;","featured_image_urls_v2":{"full":"","thumbnail":"","medium":"","medium_large":"","large":"","1536x1536":"","2048x2048":"","qubely_landscape":"","qubely_portrait":"","qubely_thumbnail":""},"post_excerpt_stackable_v2":"<p>ZORNICE U NA\u0160OJ CRKVI Od sljede\u0107e nedjelje, 30. studenog za vrijeme Do\u0161a\u0161\u0107a svakog dana misa zornica je u 6 sati ujutro. Poslije zornice u samostanskoj dvorani bit \u0107e radnim danom uobi\u010dajeno dru\u017eenje. Svi ste pozvani! PALJENJE ADVENTSKE SVIJE\u0106E Ove subote, 29. studenog, uo\u010di 1. nedjelje Do\u0161a\u0161\u0107a u 18,30 upaliti \u0107emo prvu svije\u0107u na adventskom vijencu koji kroz cijelo Do\u0161a\u0161\u0107e stoji ispred na\u0161e crkve. Ne zaboravimo ponijeti svije\u0107e. PREDSTAVLJANJE PRVOPRI\u010cESNIKA Ovogodi\u0161nji prvopri\u010desnici imat \u0107e predstavljanje \u017eupnoj zajednici na Prvu nedjelju do\u0161a\u0161\u0107a u 11,30. Pozvani su roditelji i rodbina da ih podr\u017ee!<\/p>\n","category_list_v2":"<a href=\"https:\/\/www.ofm.hr\/koprivnica\/category\/obavjesti\/\" rel=\"category tag\">OBAVIJESTI<\/a>","author_info_v2":{"name":"Branko","url":"https:\/\/www.ofm.hr\/koprivnica\/author\/admkp8\/"},"comments_num_v2":"0 comments","_links":{"self":[{"href":"https:\/\/www.ofm.hr\/koprivnica\/wp-json\/wp\/v2\/posts\/16872","targetHints":{"allow":["GET"]}}],"collection":[{"href":"https:\/\/www.ofm.hr\/koprivnica\/wp-json\/wp\/v2\/posts"}],"about":[{"href":"https:\/\/www.ofm.hr\/koprivnica\/wp-json\/wp\/v2\/types\/post"}],"author":[{"embeddable":true,"href":"https:\/\/www.ofm.hr\/koprivnica\/wp-json\/wp\/v2\/users\/1"}],"replies":[{"embeddable":true,"href":"https:\/\/www.ofm.hr\/koprivnica\/wp-json\/wp\/v2\/comments?post=16872"}],"version-history":[{"count":1,"href":"https:\/\/www.ofm.hr\/koprivnica\/wp-json\/wp\/v2\/posts\/16872\/revisions"}],"predecessor-version":[{"id":16873,"href":"https:\/\/www.ofm.hr\/koprivnica\/wp-json\/wp\/v2\/posts\/16872\/revisions\/16873"}],"wp:attachment":[{"href":"https:\/\/www.ofm.hr\/koprivnica\/wp-json\/wp\/v2\/media?parent=16872"}],"wp:term":[{"taxonomy":"category","embeddable":true,"href":"https:\/\/www.ofm.hr\/koprivnica\/wp-json\/wp\/v2\/categories?post=16872"},{"taxonomy":"post_tag","embeddable":true,"href":"https:\/\/www.ofm.hr\/koprivnica\/wp-json\/wp\/v2\/tags?post=16872"}],"curies":[{"name":"wp","href":"https:\/\/api.w.org\/{rel}","templated":true}]}}