{"id":16959,"date":"2025-12-06T16:40:08","date_gmt":"2025-12-06T15:40:08","guid":{"rendered":"https:\/\/www.ofm.hr\/koprivnica\/?p=16959"},"modified":"2025-12-06T16:40:11","modified_gmt":"2025-12-06T15:40:11","slug":"vjera-i-svijetlo","status":"publish","type":"post","link":"https:\/\/www.ofm.hr\/koprivnica\/vjera-i-svijetlo\/","title":{"rendered":"&#8220;Vjera i Svijetlo&#8221;"},"content":{"rendered":"\n<div class=\"wp-block-qubely-wrapper qubely-block-2008b2\"><div class=\"qubely-block-wrapper-block \">\n<p> &#8220;Vjera i Svjetlo&#8221; Koprivnica i ove godine je organiziralo ve\u0107 tradicionalnu prodajnu izlo\u017ebu kod crkve sv. Antuna, na nedjelju Krista Kralja, podr\u017eavaju\u0107i osobe s posebnim potrebama i njihove obitelji. Uz mno\u0161tvo kreativnih radova i osmijeha, ova zajednica slavi 15 godina postojanja u Koprivnici, 32 godine u Hrvatskoj i impresivnih 55 godina u Europi! \u2764\ufe0f<\/p>\n\n\n\n<figure class=\"wp-block-gallery has-nested-images columns-8 is-cropped wp-block-gallery-1 is-layout-flex wp-block-gallery-is-layout-flex\" data-block-type=\"core\">\n<figure class=\"wp-block-image size-large\" data-block-type=\"core\"><a href=\"https:\/\/www.ofm.hr\/koprivnica\/wp-content\/uploads\/2025\/11\/vis24.11.2025-1.jpg\"><img loading=\"lazy\" decoding=\"async\" width=\"640\" height=\"480\" data-id=\"16881\" src=\"https:\/\/www.ofm.hr\/koprivnica\/wp-content\/uploads\/2025\/11\/vis24.11.2025-1.jpg\" alt=\"\" class=\"wp-image-16881\" srcset=\"https:\/\/www.ofm.hr\/koprivnica\/wp-content\/uploads\/2025\/11\/vis24.11.2025-1.jpg 640w, https:\/\/www.ofm.hr\/koprivnica\/wp-content\/uploads\/2025\/11\/vis24.11.2025-1-300x225.jpg 300w\" sizes=\"auto, (max-width: 640px) 100vw, 640px\" \/><\/a><\/figure>\n\n\n\n<figure class=\"wp-block-image size-large\" data-block-type=\"core\"><a href=\"https:\/\/www.ofm.hr\/koprivnica\/wp-content\/uploads\/2025\/11\/vis24.11.2025-2.jpg\"><img loading=\"lazy\" decoding=\"async\" width=\"480\" height=\"640\" data-id=\"16888\" src=\"https:\/\/www.ofm.hr\/koprivnica\/wp-content\/uploads\/2025\/11\/vis24.11.2025-2.jpg\" alt=\"\" class=\"wp-image-16888\" srcset=\"https:\/\/www.ofm.hr\/koprivnica\/wp-content\/uploads\/2025\/11\/vis24.11.2025-2.jpg 480w, https:\/\/www.ofm.hr\/koprivnica\/wp-content\/uploads\/2025\/11\/vis24.11.2025-2-225x300.jpg 225w\" sizes=\"auto, (max-width: 480px) 100vw, 480px\" \/><\/a><\/figure>\n\n\n\n<figure class=\"wp-block-image size-large\" data-block-type=\"core\"><a href=\"https:\/\/www.ofm.hr\/koprivnica\/wp-content\/uploads\/2025\/11\/vis24.11.2025-3.jpg\"><img loading=\"lazy\" decoding=\"async\" width=\"640\" height=\"480\" data-id=\"16883\" src=\"https:\/\/www.ofm.hr\/koprivnica\/wp-content\/uploads\/2025\/11\/vis24.11.2025-3.jpg\" alt=\"\" class=\"wp-image-16883\" srcset=\"https:\/\/www.ofm.hr\/koprivnica\/wp-content\/uploads\/2025\/11\/vis24.11.2025-3.jpg 640w, https:\/\/www.ofm.hr\/koprivnica\/wp-content\/uploads\/2025\/11\/vis24.11.2025-3-300x225.jpg 300w\" sizes=\"auto, (max-width: 640px) 100vw, 640px\" \/><\/a><\/figure>\n\n\n\n<figure class=\"wp-block-image size-large\" data-block-type=\"core\"><a href=\"https:\/\/www.ofm.hr\/koprivnica\/wp-content\/uploads\/2025\/11\/vis24.11.2025-4.jpg\"><img loading=\"lazy\" decoding=\"async\" width=\"480\" height=\"640\" data-id=\"16884\" src=\"https:\/\/www.ofm.hr\/koprivnica\/wp-content\/uploads\/2025\/11\/vis24.11.2025-4.jpg\" alt=\"\" class=\"wp-image-16884\" srcset=\"https:\/\/www.ofm.hr\/koprivnica\/wp-content\/uploads\/2025\/11\/vis24.11.2025-4.jpg 480w, https:\/\/www.ofm.hr\/koprivnica\/wp-content\/uploads\/2025\/11\/vis24.11.2025-4-225x300.jpg 225w\" sizes=\"auto, (max-width: 480px) 100vw, 480px\" \/><\/a><\/figure>\n\n\n\n<figure class=\"wp-block-image size-large\" data-block-type=\"core\"><a href=\"https:\/\/www.ofm.hr\/koprivnica\/wp-content\/uploads\/2025\/11\/vis24.11.2025-5.jpg\"><img loading=\"lazy\" decoding=\"async\" width=\"640\" height=\"480\" data-id=\"16885\" src=\"https:\/\/www.ofm.hr\/koprivnica\/wp-content\/uploads\/2025\/11\/vis24.11.2025-5.jpg\" alt=\"\" class=\"wp-image-16885\" srcset=\"https:\/\/www.ofm.hr\/koprivnica\/wp-content\/uploads\/2025\/11\/vis24.11.2025-5.jpg 640w, https:\/\/www.ofm.hr\/koprivnica\/wp-content\/uploads\/2025\/11\/vis24.11.2025-5-300x225.jpg 300w\" sizes=\"auto, (max-width: 640px) 100vw, 640px\" \/><\/a><\/figure>\n\n\n\n<figure class=\"wp-block-image size-large\" data-block-type=\"core\"><a href=\"https:\/\/www.ofm.hr\/koprivnica\/wp-content\/uploads\/2025\/11\/vis24.11.2025-6.jpg\"><img loading=\"lazy\" decoding=\"async\" width=\"640\" height=\"480\" data-id=\"16882\" src=\"https:\/\/www.ofm.hr\/koprivnica\/wp-content\/uploads\/2025\/11\/vis24.11.2025-6.jpg\" alt=\"\" class=\"wp-image-16882\" srcset=\"https:\/\/www.ofm.hr\/koprivnica\/wp-content\/uploads\/2025\/11\/vis24.11.2025-6.jpg 640w, https:\/\/www.ofm.hr\/koprivnica\/wp-content\/uploads\/2025\/11\/vis24.11.2025-6-300x225.jpg 300w\" sizes=\"auto, (max-width: 640px) 100vw, 640px\" \/><\/a><\/figure>\n\n\n\n<figure class=\"wp-block-image size-large\" data-block-type=\"core\"><a href=\"https:\/\/www.ofm.hr\/koprivnica\/wp-content\/uploads\/2025\/11\/vis24.11.2025-7.jpg\"><img loading=\"lazy\" decoding=\"async\" width=\"640\" height=\"480\" data-id=\"16887\" src=\"https:\/\/www.ofm.hr\/koprivnica\/wp-content\/uploads\/2025\/11\/vis24.11.2025-7.jpg\" alt=\"\" class=\"wp-image-16887\" srcset=\"https:\/\/www.ofm.hr\/koprivnica\/wp-content\/uploads\/2025\/11\/vis24.11.2025-7.jpg 640w, https:\/\/www.ofm.hr\/koprivnica\/wp-content\/uploads\/2025\/11\/vis24.11.2025-7-300x225.jpg 300w\" sizes=\"auto, (max-width: 640px) 100vw, 640px\" \/><\/a><\/figure>\n\n\n\n<figure class=\"wp-block-image size-large\" data-block-type=\"core\"><a href=\"https:\/\/www.ofm.hr\/koprivnica\/wp-content\/uploads\/2025\/11\/vis24.11.2025-8.jpg\"><img loading=\"lazy\" decoding=\"async\" width=\"480\" height=\"640\" data-id=\"16886\" src=\"https:\/\/www.ofm.hr\/koprivnica\/wp-content\/uploads\/2025\/11\/vis24.11.2025-8.jpg\" alt=\"\" class=\"wp-image-16886\" srcset=\"https:\/\/www.ofm.hr\/koprivnica\/wp-content\/uploads\/2025\/11\/vis24.11.2025-8.jpg 480w, https:\/\/www.ofm.hr\/koprivnica\/wp-content\/uploads\/2025\/11\/vis24.11.2025-8-225x300.jpg 225w\" sizes=\"auto, (max-width: 480px) 100vw, 480px\" \/><\/a><\/figure>\n<\/figure>\n<\/div><\/div>\n","protected":false},"excerpt":{"rendered":"","protected":false},"author":1,"featured_media":0,"comment_status":"closed","ping_status":"open","sticky":false,"template":"","format":"standard","meta":{"qubely_global_settings":"","qubely_interactions":"","footnotes":""},"categories":[41],"tags":[],"class_list":["post-16959","post","type-post","status-publish","format-standard","hentry","category-vjera-i-svjetlo"],"blocksy_meta":[],"qubely_featured_image_url":null,"qubely_author":{"display_name":"Branko","author_link":"https:\/\/www.ofm.hr\/koprivnica\/author\/admkp8\/"},"qubely_comment":0,"qubely_category":"<a href=\"https:\/\/www.ofm.hr\/koprivnica\/category\/pastoralne-aktivnosti\/vjera-i-svjetlo\/\" rel=\"category tag\">VJERA I SVJETLO<\/a>","qubely_excerpt":null,"featured_image_urls_v2":{"full":"","thumbnail":"","medium":"","medium_large":"","large":"","1536x1536":"","2048x2048":"","qubely_landscape":"","qubely_portrait":"","qubely_thumbnail":""},"post_excerpt_stackable_v2":"<p>&#8220;Vjera i Svjetlo&#8221; Koprivnica i ove godine je organiziralo ve\u0107 tradicionalnu prodajnu izlo\u017ebu kod crkve sv. Antuna, na nedjelju Krista Kralja, podr\u017eavaju\u0107i osobe s posebnim potrebama i njihove obitelji. Uz mno\u0161tvo kreativnih radova i osmijeha, ova zajednica slavi 15 godina postojanja u Koprivnici, 32 godine u Hrvatskoj i impresivnih 55 godina u Europi! \u2764\ufe0f<\/p>\n","category_list_v2":"<a href=\"https:\/\/www.ofm.hr\/koprivnica\/category\/pastoralne-aktivnosti\/vjera-i-svjetlo\/\" rel=\"category tag\">VJERA I SVJETLO<\/a>","author_info_v2":{"name":"Branko","url":"https:\/\/www.ofm.hr\/koprivnica\/author\/admkp8\/"},"comments_num_v2":"0 comments","_links":{"self":[{"href":"https:\/\/www.ofm.hr\/koprivnica\/wp-json\/wp\/v2\/posts\/16959","targetHints":{"allow":["GET"]}}],"collection":[{"href":"https:\/\/www.ofm.hr\/koprivnica\/wp-json\/wp\/v2\/posts"}],"about":[{"href":"https:\/\/www.ofm.hr\/koprivnica\/wp-json\/wp\/v2\/types\/post"}],"author":[{"embeddable":true,"href":"https:\/\/www.ofm.hr\/koprivnica\/wp-json\/wp\/v2\/users\/1"}],"replies":[{"embeddable":true,"href":"https:\/\/www.ofm.hr\/koprivnica\/wp-json\/wp\/v2\/comments?post=16959"}],"version-history":[{"count":1,"href":"https:\/\/www.ofm.hr\/koprivnica\/wp-json\/wp\/v2\/posts\/16959\/revisions"}],"predecessor-version":[{"id":16960,"href":"https:\/\/www.ofm.hr\/koprivnica\/wp-json\/wp\/v2\/posts\/16959\/revisions\/16960"}],"wp:attachment":[{"href":"https:\/\/www.ofm.hr\/koprivnica\/wp-json\/wp\/v2\/media?parent=16959"}],"wp:term":[{"taxonomy":"category","embeddable":true,"href":"https:\/\/www.ofm.hr\/koprivnica\/wp-json\/wp\/v2\/categories?post=16959"},{"taxonomy":"post_tag","embeddable":true,"href":"https:\/\/www.ofm.hr\/koprivnica\/wp-json\/wp\/v2\/tags?post=16959"}],"curies":[{"name":"wp","href":"https:\/\/api.w.org\/{rel}","templated":true}]}}