{"id":16976,"date":"2025-12-14T14:30:23","date_gmt":"2025-12-14T13:30:23","guid":{"rendered":"https:\/\/www.ofm.hr\/koprivnica\/?p=16976"},"modified":"2025-12-14T14:30:26","modified_gmt":"2025-12-14T13:30:26","slug":"zupne-obavijesti-od-14-12-21-12-2025","status":"publish","type":"post","link":"https:\/\/www.ofm.hr\/koprivnica\/zupne-obavijesti-od-14-12-21-12-2025\/","title":{"rendered":"\u017dupne obavijesti od 14. 12. &#8211; 21. 12. 2025."},"content":{"rendered":"\n<p><strong><u>ZORNICE U NA\u0160OJ CRKVI<\/u><\/strong><\/p>\n\n\n\n<p><strong>Za vrijeme Do\u0161a\u0161\u0107a svakog dana misa zornica je u 6 sati ujutro.<\/strong><\/p>\n\n\n\n<p><strong><u>ISPOVIJED SEDMA\u0160A I KRIZMANIKA<\/u><\/strong><\/p>\n\n\n\n<p><strong>U \u010detvrtak, 18. prosinca u 16 sati biti \u0107e ispovijed u\u010denika sedmih razreda, a u petak, 19. prosinca u 16,30 biti \u0107e ispovijed krizmanika.<\/strong><\/p>\n\n\n\n<p><strong><u>VELIKA ISPOVIJED U \u017dUPI<\/u><\/strong><\/p>\n\n\n\n<p><strong>U subotu, 20. prosinca u 8,30 velika je ispovijed za Bo\u017ei\u0107 u na\u0161oj crkvi. U \u017eupi bl. Alojzija Stepinca u 14 sati<\/strong><\/p>\n\n\n\n<p><strong><u>BLAGOSLOV OBITELJI<\/u><\/strong><\/p>\n\n\n\n<p><strong>I ove je godine poslije Bo\u017ei\u0107a posjet obitelji ili blagoslov obitelji. Lijepo vas molimo, ukoliko ima \u017eupljana koji su se ove godine doselili u na\u0161u \u017eupu, a \u017eele posjet sve\u0107enika, neka se prijave u \u017dupnom uredu ili sakristiji kako bi vas uvrstili u raspored.<\/strong><\/p>\n\n\n\n<p><strong>U \u010detvrtak, 26. prosinca poslije podne zapo\u010det \u0107e blagoslov obitelji u na\u0161oj \u017eupi. Raspored \u0107e biti objavljen u nedjelju, 21. prosinca. Mo\u0107i \u0107ete ga uzeti u crkvi ili pro\u010ditati na na\u0161oj web stranici: <a href=\"http:\/\/www.ofm.hr\/koprivnica\">www.ofm.hr\/koprivnica<\/a><\/strong><\/p>\n\n\n\n<p><strong><u>PROMJENA ADRESE STANOVANJA<\/u><\/strong><\/p>\n\n\n\n<p><strong>Svake godine odre\u0111eni broj obitelji mijenja svoje boravi\u0161te. Molimo one koji su doselili tokom ove godine, a \u017eele blagoslov, da se prijave u \u017dupnom uredu ili sakristiji. Molimo i one koji su odselili iz \u017eupe ili promijenili adresu unutar \u017eupe da nam to jave.<\/strong><\/p>\n\n\n\n<p><strong><u>PRVA PRI\u010cEST I KRIZMA<\/u><\/strong><\/p>\n\n\n\n<p><strong>Ovih dana primili smo obavijest iz Vara\u017edinske biskupije da \u0107e krizma u na\u0161oj \u017eupi biti u subotu, 16. svibnja u 10 sati. Prva pri\u010dest biti \u0107e dan kasnije, u nedjelju, 17. svibnja u 9,30.<\/strong><\/p>\n","protected":false},"excerpt":{"rendered":"<p>ZORNICE U NA\u0160OJ CRKVI Za vrijeme Do\u0161a\u0161\u0107a svakog dana misa zornica je u 6 sati ujutro. ISPOVIJED SEDMA\u0160A I KRIZMANIKA U \u010detvrtak, 18. prosinca u 16 sati biti \u0107e ispovijed u\u010denika sedmih razreda, a u petak, 19. prosinca u 16,30 biti \u0107e ispovijed krizmanika. VELIKA ISPOVIJED U \u017dUPI U subotu, 20. prosinca u 8,30 velika [&hellip;]<\/p>\n","protected":false},"author":1,"featured_media":0,"comment_status":"closed","ping_status":"open","sticky":false,"template":"","format":"standard","meta":{"qubely_global_settings":"","qubely_interactions":"","footnotes":""},"categories":[45],"tags":[],"class_list":["post-16976","post","type-post","status-publish","format-standard","hentry","category-obavjesti"],"blocksy_meta":[],"qubely_featured_image_url":null,"qubely_author":{"display_name":"Branko","author_link":"https:\/\/www.ofm.hr\/koprivnica\/author\/admkp8\/"},"qubely_comment":0,"qubely_category":"<a href=\"https:\/\/www.ofm.hr\/koprivnica\/category\/obavjesti\/\" rel=\"category tag\">OBAVIJESTI<\/a>","qubely_excerpt":"ZORNICE U NA\u0160OJ CRKVI Za vrijeme Do\u0161a\u0161\u0107a svakog dana misa zornica je u 6 sati ujutro. ISPOVIJED SEDMA\u0160A I KRIZMANIKA U \u010detvrtak, 18. prosinca u 16 sati biti \u0107e ispovijed u\u010denika sedmih razreda, a u petak, 19. prosinca u 16,30 biti \u0107e ispovijed krizmanika. VELIKA ISPOVIJED U \u017dUPI U subotu, 20. prosinca u 8,30 velika&hellip;","featured_image_urls_v2":{"full":"","thumbnail":"","medium":"","medium_large":"","large":"","1536x1536":"","2048x2048":"","qubely_landscape":"","qubely_portrait":"","qubely_thumbnail":""},"post_excerpt_stackable_v2":"<p>ZORNICE U NA\u0160OJ CRKVI Za vrijeme Do\u0161a\u0161\u0107a svakog dana misa zornica je u 6 sati ujutro. ISPOVIJED SEDMA\u0160A I KRIZMANIKA U \u010detvrtak, 18. prosinca u 16 sati biti \u0107e ispovijed u\u010denika sedmih razreda, a u petak, 19. prosinca u 16,30 biti \u0107e ispovijed krizmanika. VELIKA ISPOVIJED U \u017dUPI U subotu, 20. prosinca u 8,30 velika je ispovijed za Bo\u017ei\u0107 u na\u0161oj crkvi. U \u017eupi bl. Alojzija Stepinca u 14 sati BLAGOSLOV OBITELJI I ove je godine poslije Bo\u017ei\u0107a posjet obitelji ili blagoslov obitelji. Lijepo vas molimo, ukoliko ima \u017eupljana koji su se ove godine doselili u na\u0161u \u017eupu, a \u017eele&hellip;<\/p>\n","category_list_v2":"<a href=\"https:\/\/www.ofm.hr\/koprivnica\/category\/obavjesti\/\" rel=\"category tag\">OBAVIJESTI<\/a>","author_info_v2":{"name":"Branko","url":"https:\/\/www.ofm.hr\/koprivnica\/author\/admkp8\/"},"comments_num_v2":"0 comments","_links":{"self":[{"href":"https:\/\/www.ofm.hr\/koprivnica\/wp-json\/wp\/v2\/posts\/16976","targetHints":{"allow":["GET"]}}],"collection":[{"href":"https:\/\/www.ofm.hr\/koprivnica\/wp-json\/wp\/v2\/posts"}],"about":[{"href":"https:\/\/www.ofm.hr\/koprivnica\/wp-json\/wp\/v2\/types\/post"}],"author":[{"embeddable":true,"href":"https:\/\/www.ofm.hr\/koprivnica\/wp-json\/wp\/v2\/users\/1"}],"replies":[{"embeddable":true,"href":"https:\/\/www.ofm.hr\/koprivnica\/wp-json\/wp\/v2\/comments?post=16976"}],"version-history":[{"count":1,"href":"https:\/\/www.ofm.hr\/koprivnica\/wp-json\/wp\/v2\/posts\/16976\/revisions"}],"predecessor-version":[{"id":16977,"href":"https:\/\/www.ofm.hr\/koprivnica\/wp-json\/wp\/v2\/posts\/16976\/revisions\/16977"}],"wp:attachment":[{"href":"https:\/\/www.ofm.hr\/koprivnica\/wp-json\/wp\/v2\/media?parent=16976"}],"wp:term":[{"taxonomy":"category","embeddable":true,"href":"https:\/\/www.ofm.hr\/koprivnica\/wp-json\/wp\/v2\/categories?post=16976"},{"taxonomy":"post_tag","embeddable":true,"href":"https:\/\/www.ofm.hr\/koprivnica\/wp-json\/wp\/v2\/tags?post=16976"}],"curies":[{"name":"wp","href":"https:\/\/api.w.org\/{rel}","templated":true}]}}