{"id":17099,"date":"2026-01-25T18:25:57","date_gmt":"2026-01-25T17:25:57","guid":{"rendered":"https:\/\/www.ofm.hr\/koprivnica\/?p=17099"},"modified":"2026-01-25T18:25:58","modified_gmt":"2026-01-25T17:25:58","slug":"raspored-citaca-od-26-1-1-2-2026","status":"publish","type":"post","link":"https:\/\/www.ofm.hr\/koprivnica\/raspored-citaca-od-26-1-1-2-2026\/","title":{"rendered":"Raspored \u010dita\u010da od 26. 1. &#8211; 1. 2. 2026."},"content":{"rendered":"\n<p><strong>Ponedjeljak &#8211; 26. sije\u010danj 2026.<\/strong><\/p>\n\n\n\n<p>Misa u 7:00<\/p>\n\n\n\n<p>Nada Jerki\u0107<\/p>\n\n\n\n<p>Misa u 18:30<\/p>\n\n\n\n<ol class=\"wp-block-list\" data-block-type=\"core\">\n<li data-block-type=\"core\">\u010citanje, psalam &#8211; Margareta \u017dini\u0107 <\/li>\n\n\n\n<li data-block-type=\"core\">Molitve vjernika &#8211; vjernici<\/li>\n<\/ol>\n\n\n\n<p><strong>Utorak &#8211; 27. sije\u010danj 2026.<\/strong><\/p>\n\n\n\n<p>Misa u 7:00<\/p>\n\n\n\n<p>Dubravka Emer\u0161i\u0107<\/p>\n\n\n\n<p>Misa u 18:30<\/p>\n\n\n\n<ol class=\"wp-block-list\" data-block-type=\"core\">\n<li data-block-type=\"core\">\u010citanje &#8211; Vesna Vincekovi\u0107<br>Psalam &#8211; Mirjana Ma\u0111eri\u0107 <\/li>\n\n\n\n<li data-block-type=\"core\">Molitva vjernika &#8211; Mirjana Ma\u0111eri\u0107<\/li>\n<\/ol>\n\n\n\n<p><strong>Srijeda &#8211; 25. sije\u010danj 2026.<\/strong><\/p>\n\n\n\n<p>Misa u 7:00<\/p>\n\n\n\n<p>Marija Maleti\u0107<\/p>\n\n\n\n<p>Misa u 18:30<\/p>\n\n\n\n<ol class=\"wp-block-list\" data-block-type=\"core\">\n<li data-block-type=\"core\">\u010citanje, psalam &#8211; Vesna Buni\u0107 <\/li>\n\n\n\n<li data-block-type=\"core\">Molitva vjernika &#8211; vjernici<\/li>\n<\/ol>\n\n\n\n<p><strong>\u010cetvrtak &#8211; 29. sije\u010danj 2026.<\/strong><\/p>\n\n\n\n<p>Misa u 7:00<\/p>\n\n\n\n<p>Lidija Kos<\/p>\n\n\n\n<p>Misa u 18:30<\/p>\n\n\n\n<ol class=\"wp-block-list\" data-block-type=\"core\">\n<li data-block-type=\"core\">\u010citanje, psalam &#8211; Verica Ujlaki <\/li>\n\n\n\n<li data-block-type=\"core\">Molitva vjernika &#8211; vjernici<\/li>\n<\/ol>\n\n\n\n<p><strong>Petak &#8211; 30. sije\u010danj 2026.<\/strong><\/p>\n\n\n\n<p>Misa u 7:00<\/p>\n\n\n\n<p>Marija Dini\u0107<\/p>\n\n\n\n<p>Misa u 18:30<\/p>\n\n\n\n<ol class=\"wp-block-list\" data-block-type=\"core\">\n<li data-block-type=\"core\">\u010citanje, psalam &#8211; Katarina Kopri\u0107anec <\/li>\n\n\n\n<li data-block-type=\"core\">Molitva vjernika &#8211; vjernici<\/li>\n<\/ol>\n\n\n\n<p><strong>Subota &#8211; 31. sije\u010danj 2026.<\/strong><\/p>\n\n\n\n<p>Misa u 7:00<\/p>\n\n\n\n<p>Marija Ku\u0161er<\/p>\n\n\n\n<p>Misa 18:30<\/p>\n\n\n\n<ol class=\"wp-block-list\" data-block-type=\"core\">\n<li data-block-type=\"core\">\u010citanje, psalam &#8211; Branko Ore\u0161ki <\/li>\n\n\n\n<li data-block-type=\"core\">Molitve vjernika &#8211; vjernici<\/li>\n<\/ol>\n\n\n\n<ol class=\"wp-block-list\" data-block-type=\"core\"><\/ol>\n\n\n\n<p><strong>Nedjelja &#8211; 01. velja\u010de 2026.<\/strong><\/p>\n\n\n\n<p>Misa u 7:00<\/p>\n\n\n\n<ol class=\"wp-block-list\" data-block-type=\"core\">\n<li data-block-type=\"core\">\u010citanje &#8211; Alen Lazar<br>Psalam &#8211; Mirjana Su\u0161ilovi\u0107<\/li>\n\n\n\n<li data-block-type=\"core\">\u010citanje &#8211; Nada Jerki\u0107 <\/li>\n\n\n\n<li data-block-type=\"core\">Molitva vjernika &#8211; Dubravka Emer\u0161i\u0107<\/li>\n<\/ol>\n\n\n\n<p>Misa u 9:30<\/p>\n\n\n\n<ol class=\"wp-block-list\" data-block-type=\"core\">\n<li data-block-type=\"core\">\u010citanje &#8211; Nikola Terzi\u0107<br>Psalam &#8211; pjeva se<\/li>\n\n\n\n<li data-block-type=\"core\">\u010citanje &#8211; Filip \u0160okec <\/li>\n\n\n\n<li data-block-type=\"core\">Molitva vjernika &#8211; Renata Pintarec<\/li>\n<\/ol>\n\n\n\n<p>Misa u 11:30<\/p>\n\n\n\n<ol class=\"wp-block-list\" data-block-type=\"core\">\n<li data-block-type=\"core\">\u010citanje &#8211; Marija Maleti\u0107<br>Psalam &#8211; Branko Ore\u0161ki<\/li>\n\n\n\n<li data-block-type=\"core\">\u010citanje &#8211; Vesna Buni\u0107 <\/li>\n\n\n\n<li data-block-type=\"core\">Molitva vjernika &#8211; Vesna Buni\u0107<\/li>\n<\/ol>\n\n\n\n<p>Misa u 18:30<\/p>\n\n\n\n<ol class=\"wp-block-list\" data-block-type=\"core\">\n<li data-block-type=\"core\">\u010citanje &#8211; Mirjana Ma\u0111eri\u0107<br>Psalam &#8211; Verica Ujlaki<\/li>\n\n\n\n<li data-block-type=\"core\">\u010citanje &#8211; Stjepan Vlah <\/li>\n\n\n\n<li data-block-type=\"core\">Molitva vjernika &#8211; Verica Ujlaki<\/li>\n<\/ol>\n","protected":false},"excerpt":{"rendered":"<p>Ponedjeljak &#8211; 26. sije\u010danj 2026. Misa u 7:00 Nada Jerki\u0107 Misa u 18:30 Utorak &#8211; 27. sije\u010danj 2026. Misa u 7:00 Dubravka Emer\u0161i\u0107 Misa u 18:30 Srijeda &#8211; 25. sije\u010danj 2026. Misa u 7:00 Marija Maleti\u0107 Misa u 18:30 \u010cetvrtak &#8211; 29. sije\u010danj 2026. Misa u 7:00 Lidija Kos Misa u 18:30 Petak &#8211; 30. [&hellip;]<\/p>\n","protected":false},"author":1,"featured_media":0,"comment_status":"closed","ping_status":"open","sticky":false,"template":"","format":"standard","meta":{"qubely_global_settings":"","qubely_interactions":"","footnotes":""},"categories":[247],"tags":[],"class_list":["post-17099","post","type-post","status-publish","format-standard","hentry","category-citaci"],"blocksy_meta":[],"qubely_featured_image_url":null,"qubely_author":{"display_name":"Branko","author_link":"https:\/\/www.ofm.hr\/koprivnica\/author\/admkp8\/"},"qubely_comment":0,"qubely_category":"<a href=\"https:\/\/www.ofm.hr\/koprivnica\/category\/citaci\/\" rel=\"category tag\">\u010cITA\u010cI<\/a>","qubely_excerpt":"Ponedjeljak &#8211; 26. sije\u010danj 2026. Misa u 7:00 Nada Jerki\u0107 Misa u 18:30 Utorak &#8211; 27. sije\u010danj 2026. Misa u 7:00 Dubravka Emer\u0161i\u0107 Misa u 18:30 Srijeda &#8211; 25. sije\u010danj 2026. Misa u 7:00 Marija Maleti\u0107 Misa u 18:30 \u010cetvrtak &#8211; 29. sije\u010danj 2026. Misa u 7:00 Lidija Kos Misa u 18:30 Petak &#8211; 30.&hellip;","featured_image_urls_v2":{"full":"","thumbnail":"","medium":"","medium_large":"","large":"","1536x1536":"","2048x2048":"","qubely_landscape":"","qubely_portrait":"","qubely_thumbnail":""},"post_excerpt_stackable_v2":"<p>Ponedjeljak &#8211; 26. sije\u010danj 2026. Misa u 7:00 Nada Jerki\u0107 Misa u 18:30 \u010citanje, psalam &#8211; Margareta \u017dini\u0107 Molitve vjernika &#8211; vjernici Utorak &#8211; 27. sije\u010danj 2026. Misa u 7:00 Dubravka Emer\u0161i\u0107 Misa u 18:30 \u010citanje &#8211; Vesna Vincekovi\u0107Psalam &#8211; Mirjana Ma\u0111eri\u0107 Molitva vjernika &#8211; Mirjana Ma\u0111eri\u0107 Srijeda &#8211; 25. sije\u010danj 2026. Misa u 7:00 Marija Maleti\u0107 Misa u 18:30 \u010citanje, psalam &#8211; Vesna Buni\u0107 Molitva vjernika &#8211; vjernici \u010cetvrtak &#8211; 29. sije\u010danj 2026. Misa u 7:00 Lidija Kos Misa u 18:30 \u010citanje, psalam &#8211; Verica Ujlaki Molitva vjernika &#8211; vjernici Petak &#8211; 30. sije\u010danj 2026. Misa u 7:00 Marija&hellip;<\/p>\n","category_list_v2":"<a href=\"https:\/\/www.ofm.hr\/koprivnica\/category\/citaci\/\" rel=\"category tag\">\u010cITA\u010cI<\/a>","author_info_v2":{"name":"Branko","url":"https:\/\/www.ofm.hr\/koprivnica\/author\/admkp8\/"},"comments_num_v2":"0 comments","_links":{"self":[{"href":"https:\/\/www.ofm.hr\/koprivnica\/wp-json\/wp\/v2\/posts\/17099","targetHints":{"allow":["GET"]}}],"collection":[{"href":"https:\/\/www.ofm.hr\/koprivnica\/wp-json\/wp\/v2\/posts"}],"about":[{"href":"https:\/\/www.ofm.hr\/koprivnica\/wp-json\/wp\/v2\/types\/post"}],"author":[{"embeddable":true,"href":"https:\/\/www.ofm.hr\/koprivnica\/wp-json\/wp\/v2\/users\/1"}],"replies":[{"embeddable":true,"href":"https:\/\/www.ofm.hr\/koprivnica\/wp-json\/wp\/v2\/comments?post=17099"}],"version-history":[{"count":1,"href":"https:\/\/www.ofm.hr\/koprivnica\/wp-json\/wp\/v2\/posts\/17099\/revisions"}],"predecessor-version":[{"id":17100,"href":"https:\/\/www.ofm.hr\/koprivnica\/wp-json\/wp\/v2\/posts\/17099\/revisions\/17100"}],"wp:attachment":[{"href":"https:\/\/www.ofm.hr\/koprivnica\/wp-json\/wp\/v2\/media?parent=17099"}],"wp:term":[{"taxonomy":"category","embeddable":true,"href":"https:\/\/www.ofm.hr\/koprivnica\/wp-json\/wp\/v2\/categories?post=17099"},{"taxonomy":"post_tag","embeddable":true,"href":"https:\/\/www.ofm.hr\/koprivnica\/wp-json\/wp\/v2\/tags?post=17099"}],"curies":[{"name":"wp","href":"https:\/\/api.w.org\/{rel}","templated":true}]}}