{"id":17165,"date":"2026-02-08T13:24:07","date_gmt":"2026-02-08T12:24:07","guid":{"rendered":"https:\/\/www.ofm.hr\/koprivnica\/?p=17165"},"modified":"2026-02-08T13:24:08","modified_gmt":"2026-02-08T12:24:08","slug":"zupne-obavijesti-od-8-2-15-2-2026","status":"publish","type":"post","link":"https:\/\/www.ofm.hr\/koprivnica\/zupne-obavijesti-od-8-2-15-2-2026\/","title":{"rendered":"\u017dupne obavijesti od 8. 2. &#8211; 15. 2. 2026."},"content":{"rendered":"\n<p><strong>BLAGDAN BL. ALOJZIJA STEPINCA<\/strong><\/p>\n\n\n\n<p>U utorak je blagdan bl. Alojzija Stepinca. U \u017eupi bl. Alojzija Stepinca odr\u017eavaju se <em>Stepin\u010devi dani <\/em>koji zavr\u0161avaju u utorak u 11 sati sve\u010danom misom koju predvodi mons. Bo\u017ee Rado\u0161, vara\u017edinski biskup.<\/p>\n\n\n\n<p><strong>GOSPA LURDSKA<\/strong><\/p>\n\n\n\n<p>U tijeku je devetnica Gospi Lurdskoj koja zavr\u0161ava u srijedu, 11. velja\u010de s misom u 18,30<\/p>\n\n\n\n<p><strong>\u017dUPNI VJERONAUK<\/strong><\/p>\n\n\n\n<p>Prvopri\u010desnici i krizmanici imaju vjeronauk po ustaljenom rasporedu.<\/p>\n","protected":false},"excerpt":{"rendered":"<p>BLAGDAN BL. ALOJZIJA STEPINCA U utorak je blagdan bl. Alojzija Stepinca. U \u017eupi bl. Alojzija Stepinca odr\u017eavaju se Stepin\u010devi dani koji zavr\u0161avaju u utorak u 11 sati sve\u010danom misom koju predvodi mons. Bo\u017ee Rado\u0161, vara\u017edinski biskup. GOSPA LURDSKA U tijeku je devetnica Gospi Lurdskoj koja zavr\u0161ava u srijedu, 11. velja\u010de s misom u 18,30 \u017dUPNI [&hellip;]<\/p>\n","protected":false},"author":1,"featured_media":0,"comment_status":"closed","ping_status":"open","sticky":false,"template":"","format":"standard","meta":{"qubely_global_settings":"","qubely_interactions":"","footnotes":""},"categories":[45],"tags":[],"class_list":["post-17165","post","type-post","status-publish","format-standard","hentry","category-obavjesti"],"blocksy_meta":[],"qubely_featured_image_url":null,"qubely_author":{"display_name":"Branko","author_link":"https:\/\/www.ofm.hr\/koprivnica\/author\/admkp8\/"},"qubely_comment":0,"qubely_category":"<a href=\"https:\/\/www.ofm.hr\/koprivnica\/category\/obavjesti\/\" rel=\"category tag\">OBAVIJESTI<\/a>","qubely_excerpt":"BLAGDAN BL. ALOJZIJA STEPINCA U utorak je blagdan bl. Alojzija Stepinca. U \u017eupi bl. Alojzija Stepinca odr\u017eavaju se Stepin\u010devi dani koji zavr\u0161avaju u utorak u 11 sati sve\u010danom misom koju predvodi mons. Bo\u017ee Rado\u0161, vara\u017edinski biskup. GOSPA LURDSKA U tijeku je devetnica Gospi Lurdskoj koja zavr\u0161ava u srijedu, 11. velja\u010de s misom u 18,30 \u017dUPNI&hellip;","featured_image_urls_v2":{"full":"","thumbnail":"","medium":"","medium_large":"","large":"","1536x1536":"","2048x2048":"","qubely_landscape":"","qubely_portrait":"","qubely_thumbnail":""},"post_excerpt_stackable_v2":"<p>BLAGDAN BL. ALOJZIJA STEPINCA U utorak je blagdan bl. Alojzija Stepinca. U \u017eupi bl. Alojzija Stepinca odr\u017eavaju se Stepin\u010devi dani koji zavr\u0161avaju u utorak u 11 sati sve\u010danom misom koju predvodi mons. Bo\u017ee Rado\u0161, vara\u017edinski biskup. GOSPA LURDSKA U tijeku je devetnica Gospi Lurdskoj koja zavr\u0161ava u srijedu, 11. velja\u010de s misom u 18,30 \u017dUPNI VJERONAUK Prvopri\u010desnici i krizmanici imaju vjeronauk po ustaljenom rasporedu.<\/p>\n","category_list_v2":"<a href=\"https:\/\/www.ofm.hr\/koprivnica\/category\/obavjesti\/\" rel=\"category tag\">OBAVIJESTI<\/a>","author_info_v2":{"name":"Branko","url":"https:\/\/www.ofm.hr\/koprivnica\/author\/admkp8\/"},"comments_num_v2":"0 comments","_links":{"self":[{"href":"https:\/\/www.ofm.hr\/koprivnica\/wp-json\/wp\/v2\/posts\/17165","targetHints":{"allow":["GET"]}}],"collection":[{"href":"https:\/\/www.ofm.hr\/koprivnica\/wp-json\/wp\/v2\/posts"}],"about":[{"href":"https:\/\/www.ofm.hr\/koprivnica\/wp-json\/wp\/v2\/types\/post"}],"author":[{"embeddable":true,"href":"https:\/\/www.ofm.hr\/koprivnica\/wp-json\/wp\/v2\/users\/1"}],"replies":[{"embeddable":true,"href":"https:\/\/www.ofm.hr\/koprivnica\/wp-json\/wp\/v2\/comments?post=17165"}],"version-history":[{"count":1,"href":"https:\/\/www.ofm.hr\/koprivnica\/wp-json\/wp\/v2\/posts\/17165\/revisions"}],"predecessor-version":[{"id":17166,"href":"https:\/\/www.ofm.hr\/koprivnica\/wp-json\/wp\/v2\/posts\/17165\/revisions\/17166"}],"wp:attachment":[{"href":"https:\/\/www.ofm.hr\/koprivnica\/wp-json\/wp\/v2\/media?parent=17165"}],"wp:term":[{"taxonomy":"category","embeddable":true,"href":"https:\/\/www.ofm.hr\/koprivnica\/wp-json\/wp\/v2\/categories?post=17165"},{"taxonomy":"post_tag","embeddable":true,"href":"https:\/\/www.ofm.hr\/koprivnica\/wp-json\/wp\/v2\/tags?post=17165"}],"curies":[{"name":"wp","href":"https:\/\/api.w.org\/{rel}","templated":true}]}}