{"id":17177,"date":"2026-02-15T09:10:50","date_gmt":"2026-02-15T08:10:50","guid":{"rendered":"https:\/\/www.ofm.hr\/koprivnica\/?p=17177"},"modified":"2026-02-15T09:10:52","modified_gmt":"2026-02-15T08:10:52","slug":"zupne-obavijesti-od-15-2-22-2-2026","status":"publish","type":"post","link":"https:\/\/www.ofm.hr\/koprivnica\/zupne-obavijesti-od-15-2-22-2-2026\/","title":{"rendered":"\u017dupne obavijesti od 15. 2. &#8211; 22. 2. 2026."},"content":{"rendered":"\n<p><strong><u>EUHARISTIJSKO KLANJANJE UO\u010cI KORIZME<\/u><\/strong><\/p>\n\n\n\n<p>Euharistijsko klanjanje ovaj tjedan biti \u0107e na pokladni utorak kao znak zadovolj\u0161tine za grijehe koje se ovih dana \u010dine u ma\u0161karama i neodgovornom na\u010dinu \u017eivljenja. Organizira ga Franjeva\u010dki Svjetovni Red, a pozvani su svi koji osje\u0107aju potrebu dati zadovolj\u0161tinu Isusu u Presvetom Oltarskom Sakramentu. Klanjanje zapo\u010dinje poslije ve\u010dernje mise. Na Pepelnicu ne\u0107e biti klanjanja.<\/p>\n\n\n\n<p><strong><u>\u017dUPNI VJERONAUK U OVOME TJEDNU<\/u><\/strong><\/p>\n\n\n\n<p>Prvopri\u010desnici i krizmanici imaju \u017eupni vjeronauk po ustaljenom rasporedu.<\/p>\n\n\n\n<p><strong>2. razredi \u2013 19.2. \u010detvrtak<\/strong><\/p>\n\n\n\n<p><strong>7. razredi \u2013 26.2. \u010detvrtak<\/strong><\/p>\n\n\n\n<p><strong><u>KORIZMENE PONUDE<\/u><\/strong><\/p>\n\n\n\n<p>Kroz ovu Korizmu imat \u0107emo priliku u na\u0161oj \u017eupnoj zajednici zajedni\u010dki se pripravljati za svetkovinu Kristova Uskrsnu\u0107a na vi\u0161e na\u010dina:<\/p>\n\n\n\n<p><strong>Ponedjeljkom<\/strong> poslije ve\u010dernje mise <strong>BIBLIJSKI SAT<\/strong><\/p>\n\n\n\n<p><strong>Nedjeljom i petkom <\/strong>u 18 biti \u0107e pobo\u017enost <strong>KRI\u017dNOG PUTA<\/strong> nakon kojeg slijedi sveta misa.<\/p>\n\n\n\n<p><strong>Srijedom<\/strong> poslije ve\u010dernje mise slijedi <strong>EUHARISTIJSKO KLANJANJE<\/strong><\/p>\n","protected":false},"excerpt":{"rendered":"<p>EUHARISTIJSKO KLANJANJE UO\u010cI KORIZME Euharistijsko klanjanje ovaj tjedan biti \u0107e na pokladni utorak kao znak zadovolj\u0161tine za grijehe koje se ovih dana \u010dine u ma\u0161karama i neodgovornom na\u010dinu \u017eivljenja. Organizira ga Franjeva\u010dki Svjetovni Red, a pozvani su svi koji osje\u0107aju potrebu dati zadovolj\u0161tinu Isusu u Presvetom Oltarskom Sakramentu. Klanjanje zapo\u010dinje poslije ve\u010dernje mise. Na Pepelnicu [&hellip;]<\/p>\n","protected":false},"author":1,"featured_media":0,"comment_status":"closed","ping_status":"open","sticky":false,"template":"","format":"standard","meta":{"qubely_global_settings":"","qubely_interactions":"","footnotes":""},"categories":[45],"tags":[],"class_list":["post-17177","post","type-post","status-publish","format-standard","hentry","category-obavjesti"],"blocksy_meta":[],"qubely_featured_image_url":null,"qubely_author":{"display_name":"Branko","author_link":"https:\/\/www.ofm.hr\/koprivnica\/author\/admkp8\/"},"qubely_comment":0,"qubely_category":"<a href=\"https:\/\/www.ofm.hr\/koprivnica\/category\/obavjesti\/\" rel=\"category tag\">OBAVIJESTI<\/a>","qubely_excerpt":"EUHARISTIJSKO KLANJANJE UO\u010cI KORIZME Euharistijsko klanjanje ovaj tjedan biti \u0107e na pokladni utorak kao znak zadovolj\u0161tine za grijehe koje se ovih dana \u010dine u ma\u0161karama i neodgovornom na\u010dinu \u017eivljenja. Organizira ga Franjeva\u010dki Svjetovni Red, a pozvani su svi koji osje\u0107aju potrebu dati zadovolj\u0161tinu Isusu u Presvetom Oltarskom Sakramentu. Klanjanje zapo\u010dinje poslije ve\u010dernje mise. Na Pepelnicu&hellip;","featured_image_urls_v2":{"full":"","thumbnail":"","medium":"","medium_large":"","large":"","1536x1536":"","2048x2048":"","qubely_landscape":"","qubely_portrait":"","qubely_thumbnail":""},"post_excerpt_stackable_v2":"<p>EUHARISTIJSKO KLANJANJE UO\u010cI KORIZME Euharistijsko klanjanje ovaj tjedan biti \u0107e na pokladni utorak kao znak zadovolj\u0161tine za grijehe koje se ovih dana \u010dine u ma\u0161karama i neodgovornom na\u010dinu \u017eivljenja. Organizira ga Franjeva\u010dki Svjetovni Red, a pozvani su svi koji osje\u0107aju potrebu dati zadovolj\u0161tinu Isusu u Presvetom Oltarskom Sakramentu. Klanjanje zapo\u010dinje poslije ve\u010dernje mise. Na Pepelnicu ne\u0107e biti klanjanja. \u017dUPNI VJERONAUK U OVOME TJEDNU Prvopri\u010desnici i krizmanici imaju \u017eupni vjeronauk po ustaljenom rasporedu. 2. razredi \u2013 19.2. \u010detvrtak 7. razredi \u2013 26.2. \u010detvrtak KORIZMENE PONUDE Kroz ovu Korizmu imat \u0107emo priliku u na\u0161oj \u017eupnoj zajednici zajedni\u010dki se pripravljati za svetkovinu Kristova&hellip;<\/p>\n","category_list_v2":"<a href=\"https:\/\/www.ofm.hr\/koprivnica\/category\/obavjesti\/\" rel=\"category tag\">OBAVIJESTI<\/a>","author_info_v2":{"name":"Branko","url":"https:\/\/www.ofm.hr\/koprivnica\/author\/admkp8\/"},"comments_num_v2":"0 comments","_links":{"self":[{"href":"https:\/\/www.ofm.hr\/koprivnica\/wp-json\/wp\/v2\/posts\/17177","targetHints":{"allow":["GET"]}}],"collection":[{"href":"https:\/\/www.ofm.hr\/koprivnica\/wp-json\/wp\/v2\/posts"}],"about":[{"href":"https:\/\/www.ofm.hr\/koprivnica\/wp-json\/wp\/v2\/types\/post"}],"author":[{"embeddable":true,"href":"https:\/\/www.ofm.hr\/koprivnica\/wp-json\/wp\/v2\/users\/1"}],"replies":[{"embeddable":true,"href":"https:\/\/www.ofm.hr\/koprivnica\/wp-json\/wp\/v2\/comments?post=17177"}],"version-history":[{"count":1,"href":"https:\/\/www.ofm.hr\/koprivnica\/wp-json\/wp\/v2\/posts\/17177\/revisions"}],"predecessor-version":[{"id":17178,"href":"https:\/\/www.ofm.hr\/koprivnica\/wp-json\/wp\/v2\/posts\/17177\/revisions\/17178"}],"wp:attachment":[{"href":"https:\/\/www.ofm.hr\/koprivnica\/wp-json\/wp\/v2\/media?parent=17177"}],"wp:term":[{"taxonomy":"category","embeddable":true,"href":"https:\/\/www.ofm.hr\/koprivnica\/wp-json\/wp\/v2\/categories?post=17177"},{"taxonomy":"post_tag","embeddable":true,"href":"https:\/\/www.ofm.hr\/koprivnica\/wp-json\/wp\/v2\/tags?post=17177"}],"curies":[{"name":"wp","href":"https:\/\/api.w.org\/{rel}","templated":true}]}}