{"id":17228,"date":"2026-02-28T21:23:11","date_gmt":"2026-02-28T20:23:11","guid":{"rendered":"https:\/\/www.ofm.hr\/koprivnica\/?p=17228"},"modified":"2026-02-28T21:23:13","modified_gmt":"2026-02-28T20:23:13","slug":"zupni-listic-br-8-2-korizmena-nedjelja-godina-a","status":"publish","type":"post","link":"https:\/\/www.ofm.hr\/koprivnica\/zupni-listic-br-8-2-korizmena-nedjelja-godina-a\/","title":{"rendered":"\u017dupni listi\u0107 br. 8 &#8211; 2.  korizmena nedjelja &#8211; godina A"},"content":{"rendered":"\n<h3 class=\"wp-block-heading has-text-align-center\" data-block-type=\"core\">PUTOKAZI NA\u0160EG KR\u0160\u0106ANSKOG \u017dIVOTA<\/h3>\n\n\n\n<p>Evan\u0111elje\u2003Mt 17,1-9<\/p>\n\n\n\n<p>\u010citanje svetog Evan\u0111elja po Mateju<\/p>\n\n\n\n<p>U ono vrijeme: Isus uze sa sobom Petra, Jakova i Ivana, brata njegova, te ih \u00adpovede na goru visoku, u osamu, i preobrazi se pred njima. I zasja mu lice kao sunce, a haljine mu posta\u00addo\u0161e bijele kao svjetlost. I gle: ukaza\u0161e im se Mojsije i Ilija te razgovarahu s njime. A Petar prihvati i re\u010de Isusu: \u00bbGo\u00adspodine, dobro nam je ovdje biti. Ako ho\u0107e\u0161, na\u010dinit \u0107u ovdje tri sjenice, tebi jednu, Mojsiju jednu i Iliji jednu.\u00ab<\/p>\n\n\n\n<p>Dok je on jo\u0161 govorio, gle, svijetao ih oblak zasjeni, a glas iz oblaka govora\u0161e: \u00bbOvo je Sin moj ljubljeni! U njemu mi sva milina! Slu\u0161ajte ga!\u00ab \u010cuv\u0161i glas, u\u010denici pado\u0161e licem na zemlju i silno se prestra\u0161i\u0161e. Pristupi k njima Isus, dotakne ih i re\u010de: \u00bbUstanite, ne bojte se!\u00ab Podigo\u0161e o\u010di, ali ne vidje\u0161e nikoga \u00addoli Isusa sama. Dok su silazili s gore, \u00adzapovjedi im Isus: \u00bbNikomu ne kazujte vi\u0111enje dok Sin \u010covje\u010dji od mrtvih ne uskrsne.\u00ab<\/p>\n\n\n\n<p>Rije\u010d Gospodnja.<\/p>\n\n\n\n<p class=\"has-text-align-center\"><em><strong>Ostala \u010ditanja: Post 12,1-4; 2 Tim 1,8b-10;<\/strong><\/em><\/p>\n\n\n\n<p>Prvo \u010ditanje druge nedjelje Korizme je odlomak uzet iz Knjige Postan\u00adka u kojemu \u010ditamo o Abrahamovu pozivu. Nije bezna\u010dajna okolnost kada i sveti pisac uo\u010dava to da je Abraham tada ve\u0107 imao 75 godina! Bo\u017eji poziv je stalan, nitko nije previ\u0161e star da \u010duje Bo\u017eju rije\u010d i da mu bude poslu\u0161an.<\/p>\n\n\n\n<p>Drugo \u010ditanje je ohrabrenje iz Druge poslanice svetog Pavla Timoteju. Tu je tako\u0111er rije\u010d o pozivu \u0161to ga sveti Pavao naziva \u00bbsvetim pozivom\u00ab, jer svaki prihva\u0107eni poziv Bo\u017eji je ujedno i put svetosti za pozvanog.<\/p>\n\n\n\n<p>Evan\u0111elje druge nedjelje Korizme opisuje preobra\u017eenje na\u0161eg Gos\u00adpodina. Teologija ovaj doga\u0111aj obja\u0161njava kao objavu Isusova bo\u017eanstva. Isusa sam Otac predstavlja trojici u\u010denika, a dva starozavjetna proroka, Mojsije i Ilija, stoje kao svjedoci pred u\u010denicima.<\/p>\n\n\n\n<p>Mo\u017ee se, me\u0111utim, ovaj evan\u0111eoski prizor shvatiti i kao temeljni mo\u00addel na\u0161eg kr\u0161\u0107anskog bi\u0107a. Doga\u0111aj, naime, mo\u017eemo ra\u0161\u010dlaniti na pet slika.<\/p>\n\n\n\n<p><strong>Prva slika:<\/strong> Isus poziva k sebi trojicu od svojih u\u010denika, Petra, Jakova i Ivana. To zna\u010di da nisu svi u\u010denici mogli biti prisutni, ve\u0107 samo oni koje je Isus izabrao i pozvao. Mo\u017eemo promisliti da \u0107e to\u010dno ta trojica izabranih u\u010denika biti svjedocima Isusove agonije u Maslinskom vrtu.<\/p>\n\n\n\n<p><strong>Druga slika:<\/strong> Isus ih je odveo na visoko brdo. Ovdje uglavnom mislimo na brdo Tabor, koje dodu\u0161e nije previsoko, ali je te\u0161ko pristupa\u010dno. Ovdje brdo nije bitno, ve\u0107 \u010dinjenica da je Isus na neki na\u010din istrgao ove ljude iz svakodnevnice i odveo ih na osamljeno mjesto da se tamo mole. Brdo je, naime, u Svetom pismu uvijek mjesto molitve i Bo\u017eje objave. Mojsije je na Sinajskom brdu dobio Deset zapovijedi.<\/p>\n\n\n\n<p><strong>Tre\u0107a slika:<\/strong> Isus je tri u\u010denika odveo na brdo zato da budu s njime. Sre\u00addi\u0161nji lik je ovdje Isus, a ne u\u010denici, koji jo\u0161 ni ne znaju kamo ih Isus vodi i za\u0161to, ali se pouzdaju u njega i slijede ga.<\/p>\n\n\n\n<p><strong>\u010cetvrta slika:<\/strong> Isus se pred njima na brdu pokazuje u proslavljenom liku. To zna\u010di da su u\u010denici ugledali jedno novo lice Isusovo koje je do tada bilo skriveno od njih.<\/p>\n\n\n\n<p><strong>Peta slika:<\/strong> Poslije \u010dudesnog prizora Isus svoje u\u010denike vra\u0107a u dolinu, u svakodnevni \u017eivot.<\/p>\n\n\n\n<p>Ovih pet slika putokaz su za na\u0161 kr\u0161\u0107anski \u017eivot.<\/p>\n\n\n\n<p><strong>Prvi putokaz:<\/strong> I nas je pozvao Isus, kao ona tri izabrana u\u010denika. Biti kr\u00ad\u0161\u0107aninom nije samo na\u0161a odluka, ve\u0107 je to na\u0161 odgovor na Bo\u017eji poziv. To ima posljedice. Ponekad osje\u0107amo da je izvrsna stvar biti kr\u0161\u0107aninom, za\u00adhvalni smo na tomu \u0161to imamo vjeru, Crkvu, papu, sve\u0107enike i crkve gdje se mo\u017eemo moliti. Me\u0111utim, pripadnost Isusu ima i svoju cijenu. Ponekad na\u0161e kr\u0161\u0107anstvo prate i pote\u0161ko\u0107e. Diskriminiraju nas, ismijavaju nas, dr\u017ee nas zaostalima. Biti kr\u0161\u0107aninom ne zna\u010di samo razumsko prihva\u0107anje kr\u00ad\u0161\u0107anskih istina, ve\u0107 i povjerenje i ljubav prema Isusu.<\/p>\n\n\n\n<p><strong>Drugi putokaz:<\/strong> Isus je svoje u\u010denike odveo na visoku goru. Kr\u0161\u0107an\u00adstvo dosta nalikuje na visoku planinu. Isus nas poziva na uzvi\u0161ene ideale: ljubav prema neprijatelju, bezuvjetno pra\u0161tanje, velikodu\u0161nost, vjernost u braku, itd. Neka nas ne smeta ako nam se ljudi zbog na\u0161e vjere i na\u0161ih uvjerenja rugaju: onaj tko ne vjeruje u Isusa Krista ionako ne\u0107e razumjeti za\u0161to se pona\u0161amo ovako ili onako. Mnogi nisu razumjeli svetog Franju Asi\u0161kog koji je, odrekav\u0161i se svega, postao Kristov siromah, sv. Majku Tereziju iz Kalkute koja je prihvatila sudbinu najsiroma\u0161nijih, bl. Charlesa de Foucaulda koji je me\u0111u beduinima postao beduin i umro mu\u010deni\u010dkom smr\u0107u.<\/p>\n\n\n\n<p><strong>Tre\u0107i putokaz:<\/strong> Isus je svoje u\u010denike odveo na brdo zato da budu s nji\u00adme. Biti s Isusom, to je bit na\u0161eg kr\u0161\u0107anstva. Kr\u0161\u0107anstvo nije vjera zakona, zabrana i zapovijedi, ve\u0107 vjere i ljubavi. U sredi\u0161tu na\u0161e vjere stoji Isus, o kome sveti Pavao potreseno svjedo\u010di: \u00bbLjubio me je i predao se zbog mene\u00ab. U sredi\u0161tu na\u0161e molitve i crkvenih obreda stoji Isus.<\/p>\n\n\n\n<p><strong>\u010cetvrti putokaz:<\/strong> Isus je pokazao svojim u\u010denicima svoje proslavljeno lice. Dinamizam na\u0161e kr\u0161\u0107anske duhovnosti sastoji se u tome da uvijek iznova otkrijemo neko od Isusovih lica koje nam je trenuta\u010dno potrebno: patni\u010dko lice kada patimo, milosrdno lice ako nas mu\u010di teret grijeha, pro\u00adslavljeno lice kada osje\u0107amo da se na svijetu ra\u0161irilo zlo.<\/p>\n\n\n\n<p><strong>Peti putokaz:<\/strong> Isus vra\u0107a svoje u\u010denike u dolinu. Kr\u0161\u0107anstvo nije samo vjera blagdana ve\u0107 i vjera svagda\u0161njice. Na\u0161u vjeru \u017eivimo uz svagda\u0161nje djelatnosti. Izvana se ni u \u010demu ne razlikujemo od onih, koji ne vjeruju u Isusa Krista. Ali sli\u010dno u\u010denicima, s kr\u0161\u0107anstvom se u nama dogodila kor\u00adjenita promjena: vidjeli smo Isusa. Zato na\u0161 \u017eivot dalje ide na kolosijeku ljubavi.<\/p>\n\n\n\n<p>Preobra\u017eenje na\u0161eg Gospodina skre\u0107e na\u0161u pozornost na to da avantu\u00adra na\u0161eg \u017eivota nije plod slu\u010dajnosti, ve\u0107 nas Bog vodi preko svakojakih \u017ei\u00advotnih iskustava. Na neki na\u010din Isus priprema put za predstoje\u0107e doga\u0111aje u na\u0161em \u017eivotu kako je pripremio i u\u010denike na svoju predstoje\u0107u muku. Na\u0161a \u017eivotna iskustva nisu odvojena jedno od drugog, ve\u0107 se ugra\u0111uju u Bo\u017eji nevidljivi plan o nama koji je protkan njegovom ljubavlju prema nama.<\/p>\n\n\n\n<div class=\"wp-block-file\" data-block-type=\"core\"><a id=\"wp-block-file--media-244d9f9b-5be0-45cf-bd42-26c1fedef753\" href=\"https:\/\/www.ofm.hr\/koprivnica\/wp-content\/uploads\/2026\/02\/listicXIX_8.pdf\" target=\"_blank\" rel=\"noreferrer noopener\">listicXIX_8<\/a><a href=\"https:\/\/www.ofm.hr\/koprivnica\/wp-content\/uploads\/2026\/02\/listicXIX_8.pdf\" class=\"wp-block-file__button wp-element-button\" download aria-describedby=\"wp-block-file--media-244d9f9b-5be0-45cf-bd42-26c1fedef753\">Preuzmi<\/a><\/div>\n","protected":false},"excerpt":{"rendered":"<p>PUTOKAZI NA\u0160EG KR\u0160\u0106ANSKOG \u017dIVOTA Evan\u0111elje\u2003Mt 17,1-9 \u010citanje svetog Evan\u0111elja po Mateju U ono vrijeme: Isus uze sa sobom Petra, Jakova i Ivana, brata njegova, te ih \u00adpovede na goru visoku, u osamu, i preobrazi se pred njima. I zasja mu lice kao sunce, a haljine mu posta\u00addo\u0161e bijele kao svjetlost. I gle: ukaza\u0161e im se [&hellip;]<\/p>\n","protected":false},"author":1,"featured_media":0,"comment_status":"closed","ping_status":"open","sticky":false,"template":"","format":"standard","meta":{"qubely_global_settings":"","qubely_interactions":"","footnotes":""},"categories":[43],"tags":[],"class_list":["post-17228","post","type-post","status-publish","format-standard","hentry","category-zupni-listic"],"blocksy_meta":[],"qubely_featured_image_url":null,"qubely_author":{"display_name":"Branko","author_link":"https:\/\/www.ofm.hr\/koprivnica\/author\/admkp8\/"},"qubely_comment":0,"qubely_category":"<a href=\"https:\/\/www.ofm.hr\/koprivnica\/category\/zupni-listic\/\" rel=\"category tag\">\u017dUPNI LISTI\u0106<\/a>","qubely_excerpt":"PUTOKAZI NA\u0160EG KR\u0160\u0106ANSKOG \u017dIVOTA Evan\u0111elje\u2003Mt 17,1-9 \u010citanje svetog Evan\u0111elja po Mateju U ono vrijeme: Isus uze sa sobom Petra, Jakova i Ivana, brata njegova, te ih \u00adpovede na goru visoku, u osamu, i preobrazi se pred njima. I zasja mu lice kao sunce, a haljine mu posta\u00addo\u0161e bijele kao svjetlost. I gle: ukaza\u0161e im se&hellip;","featured_image_urls_v2":{"full":"","thumbnail":"","medium":"","medium_large":"","large":"","1536x1536":"","2048x2048":"","qubely_landscape":"","qubely_portrait":"","qubely_thumbnail":""},"post_excerpt_stackable_v2":"<p>PUTOKAZI NA\u0160EG KR\u0160\u0106ANSKOG \u017dIVOTA Evan\u0111elje\u2003Mt 17,1-9 \u010citanje svetog Evan\u0111elja po Mateju U ono vrijeme: Isus uze sa sobom Petra, Jakova i Ivana, brata njegova, te ih \u00adpovede na goru visoku, u osamu, i preobrazi se pred njima. I zasja mu lice kao sunce, a haljine mu posta\u00addo\u0161e bijele kao svjetlost. I gle: ukaza\u0161e im se Mojsije i Ilija te razgovarahu s njime. A Petar prihvati i re\u010de Isusu: \u00bbGo\u00adspodine, dobro nam je ovdje biti. Ako ho\u0107e\u0161, na\u010dinit \u0107u ovdje tri sjenice, tebi jednu, Mojsiju jednu i Iliji jednu.\u00ab Dok je on jo\u0161 govorio, gle, svijetao ih oblak zasjeni, a glas&hellip;<\/p>\n","category_list_v2":"<a href=\"https:\/\/www.ofm.hr\/koprivnica\/category\/zupni-listic\/\" rel=\"category tag\">\u017dUPNI LISTI\u0106<\/a>","author_info_v2":{"name":"Branko","url":"https:\/\/www.ofm.hr\/koprivnica\/author\/admkp8\/"},"comments_num_v2":"0 comments","_links":{"self":[{"href":"https:\/\/www.ofm.hr\/koprivnica\/wp-json\/wp\/v2\/posts\/17228","targetHints":{"allow":["GET"]}}],"collection":[{"href":"https:\/\/www.ofm.hr\/koprivnica\/wp-json\/wp\/v2\/posts"}],"about":[{"href":"https:\/\/www.ofm.hr\/koprivnica\/wp-json\/wp\/v2\/types\/post"}],"author":[{"embeddable":true,"href":"https:\/\/www.ofm.hr\/koprivnica\/wp-json\/wp\/v2\/users\/1"}],"replies":[{"embeddable":true,"href":"https:\/\/www.ofm.hr\/koprivnica\/wp-json\/wp\/v2\/comments?post=17228"}],"version-history":[{"count":1,"href":"https:\/\/www.ofm.hr\/koprivnica\/wp-json\/wp\/v2\/posts\/17228\/revisions"}],"predecessor-version":[{"id":17230,"href":"https:\/\/www.ofm.hr\/koprivnica\/wp-json\/wp\/v2\/posts\/17228\/revisions\/17230"}],"wp:attachment":[{"href":"https:\/\/www.ofm.hr\/koprivnica\/wp-json\/wp\/v2\/media?parent=17228"}],"wp:term":[{"taxonomy":"category","embeddable":true,"href":"https:\/\/www.ofm.hr\/koprivnica\/wp-json\/wp\/v2\/categories?post=17228"},{"taxonomy":"post_tag","embeddable":true,"href":"https:\/\/www.ofm.hr\/koprivnica\/wp-json\/wp\/v2\/tags?post=17228"}],"curies":[{"name":"wp","href":"https:\/\/api.w.org\/{rel}","templated":true}]}}