{"id":1723,"date":"2022-01-07T21:40:59","date_gmt":"2022-01-07T20:40:59","guid":{"rendered":"https:\/\/ofm.hr\/koprivnica-wp\/?p=1723"},"modified":"2022-01-07T21:40:59","modified_gmt":"2022-01-07T20:40:59","slug":"ix-duhovni-kapitul-u-okucanima","status":"publish","type":"post","link":"https:\/\/www.ofm.hr\/koprivnica\/ix-duhovni-kapitul-u-okucanima\/","title":{"rendered":"IX. Duhovni kapitul  u  Oku\u010danima"},"content":{"rendered":"<p style=\"text-align: justify;\">{ppgallery}<\/p>\n<p style=\"text-align: justify;\"><img loading=\"lazy\" decoding=\"async\" class=\" alignleft size-full wp-image-1698\" src=\"https:\/\/www.ofm.hr\/koprivnica\/wp-content\/uploads\/2014\/10\/web18_1743.jpg\" alt=\"\" width=\"119\" height=\"90\" style=\"margin: 3px; float: left;\" srcset=\"https:\/\/www.ofm.hr\/koprivnica\/wp-content\/uploads\/2014\/10\/web18_1743.jpg 640w, https:\/\/www.ofm.hr\/koprivnica\/wp-content\/uploads\/2014\/10\/web18_1743-600x450.jpg 600w, https:\/\/www.ofm.hr\/koprivnica\/wp-content\/uploads\/2014\/10\/web18_1743-300x225.jpg 300w\" sizes=\"auto, (max-width: 119px) 100vw, 119px\" \/><\/p>\n<p style=\"text-align: justify;\">{\/ppgallery}<\/p>\n<p style=\"text-align: justify;\"><span style=\"color: #ff0000;\"><strong>Naprotiv, najve\u0107i me\u0111u vama neka bude kao najmla\u0111i, i predstojnik kao poslu\u017eitelj. (Lk 22, 26)<\/strong><\/span><br \/>Jedanaestero koprivni\u010dkih Frama&scaron;a sudjelovalo je na IX. duhovnom kapitulu, koji se odr\u017eavao od 26. do 28. rujna 2014. u Oku\u010danima. Dru\u017eili su se s ostalim Frama&scaron;ima Zagreba\u010dkog podru\u010dnog bratsva i upoznali puno novih ljudi. Otkrili su puno novih talenata, &scaron;to vlastitih, &scaron;to jedni kod drugih, a evo i njihovih osobnih dojmova:<br \/>&bdquo;Na Kapitulu smo upoznali mnogo drugih frama&scaron;a, sigurno bismo ih upoznali i vi&scaron;e da se nismo dr\u017eali &#8220;za sebe&#8221;, ali mislim da je i ovako bilo u redu jer smo me\u0111usobno dijelili iskustva, u\u010dili jedni od drugih, pazili jedni na druge i <span style=\"color: #ff0000;\"><strong>postajali bra\u0107a i sestre<\/strong><\/span> u pravom smislu rije\u010di. Imali smo pregr&scaron;t prilika <span style=\"color: #ff0000;\"><strong>oslu&scaron;kivati Boga<\/strong><\/span>, bilo u ti&scaron;ini klanjanja pred Presvetim, bilo u predavanjima fra Marka i gospo\u0111e Zvjezdane, bilo u pri\u010dama bra\u0107e iz ostalih Frama tijekom grupnog rada, bilo u radionicama, bilo u slobodnom vremenu, bilo u radu. Sredi&scaron;nje su nam teme bili sv. Ljudevit Posavski i <span style=\"color: #ff0000;\"><strong>siroma&scaron;tvo<\/strong><\/span>. Vrlo je pou\u010dno dijeliti iskustva na takav na\u010din i na tu temu, mo\u017eemo primjenjivati ono &scaron;to je u drugim Framama dobro funkcioniralo te nam se \u010dinilo kao dobra ideja. Lijepo je &scaron;to smo mogli prisustvovati u primanjima i prvim obe\u0107anjima Frame Oku\u010dani, vidjelo se da je njima to puno zna\u010dilo. Srce mi se jako veseli <strong><span style=\"color: #ff0000;\">zajedni&scaron;tvu<\/span><\/strong> koje je po\u010delo rasti jo&scaron; na duhovnoj obnovi. Gledam bra\u0107u i sestre iz susreta u susret i primje\u0107ujem kako smo sve bli\u017ei jedni drugima. Ono &scaron;to ja vidim u njima jest skupina predivnih mladih ljudi na kojima Bog nikako nije &scaron;tedio dijele\u0107i <span style=\"color: #ff0000;\"><strong>talente<\/strong><\/span>.&ldquo;<br \/>&nbsp;&nbsp; &nbsp;&nbsp;&nbsp; &nbsp;&nbsp;&nbsp; &nbsp;&nbsp;&nbsp; &nbsp;&nbsp;&nbsp; &nbsp;&nbsp;&nbsp; &nbsp;&nbsp;&nbsp; &nbsp;&nbsp;&nbsp; &nbsp;&nbsp;&nbsp; &nbsp;&nbsp;&nbsp; &nbsp;&nbsp;&nbsp; &nbsp;Anja Sever<\/p>\n<p style=\"text-align: justify;\">{ppgallery}<img loading=\"lazy\" decoding=\"async\" class=\" size-full wp-image-1699\" src=\"https:\/\/www.ofm.hr\/koprivnica\/wp-content\/uploads\/2014\/10\/web18_P9260023.jpg\" alt=\"\" width=\"119\" height=\"90\" srcset=\"https:\/\/www.ofm.hr\/koprivnica\/wp-content\/uploads\/2014\/10\/web18_P9260023.jpg 640w, https:\/\/www.ofm.hr\/koprivnica\/wp-content\/uploads\/2014\/10\/web18_P9260023-600x450.jpg 600w, https:\/\/www.ofm.hr\/koprivnica\/wp-content\/uploads\/2014\/10\/web18_P9260023-300x225.jpg 300w\" sizes=\"auto, (max-width: 119px) 100vw, 119px\" \/> <img loading=\"lazy\" decoding=\"async\" class=\" size-full wp-image-1700\" src=\"https:\/\/www.ofm.hr\/koprivnica\/wp-content\/uploads\/2014\/10\/web18_P9261355.jpg\" alt=\"\" width=\"119\" height=\"90\" srcset=\"https:\/\/www.ofm.hr\/koprivnica\/wp-content\/uploads\/2014\/10\/web18_P9261355.jpg 640w, https:\/\/www.ofm.hr\/koprivnica\/wp-content\/uploads\/2014\/10\/web18_P9261355-600x450.jpg 600w, https:\/\/www.ofm.hr\/koprivnica\/wp-content\/uploads\/2014\/10\/web18_P9261355-300x225.jpg 300w\" sizes=\"auto, (max-width: 119px) 100vw, 119px\" \/> <img loading=\"lazy\" decoding=\"async\" class=\" size-full wp-image-1701\" src=\"https:\/\/www.ofm.hr\/koprivnica\/wp-content\/uploads\/2014\/10\/web18_P9270049.jpg\" alt=\"\" width=\"119\" height=\"90\" \/> <img loading=\"lazy\" decoding=\"async\" class=\" size-full wp-image-1702\" src=\"https:\/\/www.ofm.hr\/koprivnica\/wp-content\/uploads\/2014\/10\/web18_P9270061.jpg\" alt=\"\" width=\"119\" height=\"90\" srcset=\"https:\/\/www.ofm.hr\/koprivnica\/wp-content\/uploads\/2014\/10\/web18_P9270061.jpg 640w, https:\/\/www.ofm.hr\/koprivnica\/wp-content\/uploads\/2014\/10\/web18_P9270061-600x450.jpg 600w, https:\/\/www.ofm.hr\/koprivnica\/wp-content\/uploads\/2014\/10\/web18_P9270061-300x225.jpg 300w\" sizes=\"auto, (max-width: 119px) 100vw, 119px\" \/> <img loading=\"lazy\" decoding=\"async\" class=\" size-full wp-image-1703\" src=\"https:\/\/www.ofm.hr\/koprivnica\/wp-content\/uploads\/2014\/10\/web18_P9270118.jpg\" alt=\"\" width=\"119\" height=\"90\" srcset=\"https:\/\/www.ofm.hr\/koprivnica\/wp-content\/uploads\/2014\/10\/web18_P9270118.jpg 640w, https:\/\/www.ofm.hr\/koprivnica\/wp-content\/uploads\/2014\/10\/web18_P9270118-600x450.jpg 600w, https:\/\/www.ofm.hr\/koprivnica\/wp-content\/uploads\/2014\/10\/web18_P9270118-300x225.jpg 300w\" sizes=\"auto, (max-width: 119px) 100vw, 119px\" \/> <img loading=\"lazy\" decoding=\"async\" class=\" size-full wp-image-1704\" src=\"https:\/\/www.ofm.hr\/koprivnica\/wp-content\/uploads\/2014\/10\/web18_P9270124.jpg\" alt=\"\" width=\"119\" height=\"90\" srcset=\"https:\/\/www.ofm.hr\/koprivnica\/wp-content\/uploads\/2014\/10\/web18_P9270124.jpg 640w, https:\/\/www.ofm.hr\/koprivnica\/wp-content\/uploads\/2014\/10\/web18_P9270124-600x450.jpg 600w, https:\/\/www.ofm.hr\/koprivnica\/wp-content\/uploads\/2014\/10\/web18_P9270124-300x225.jpg 300w\" sizes=\"auto, (max-width: 119px) 100vw, 119px\" \/> <img loading=\"lazy\" decoding=\"async\" class=\" size-full wp-image-1705\" src=\"https:\/\/www.ofm.hr\/koprivnica\/wp-content\/uploads\/2014\/10\/web18_P9271473.jpg\" alt=\"\" width=\"119\" height=\"90\" srcset=\"https:\/\/www.ofm.hr\/koprivnica\/wp-content\/uploads\/2014\/10\/web18_P9271473.jpg 640w, https:\/\/www.ofm.hr\/koprivnica\/wp-content\/uploads\/2014\/10\/web18_P9271473-600x450.jpg 600w, https:\/\/www.ofm.hr\/koprivnica\/wp-content\/uploads\/2014\/10\/web18_P9271473-300x225.jpg 300w\" sizes=\"auto, (max-width: 119px) 100vw, 119px\" \/>{\/ppgallery}<\/p>\n<p>&nbsp;<\/p>\n<p>&nbsp;<\/p>\n<p>&nbsp;<\/p>\n<p>&nbsp;<\/p>\n<p>&nbsp;<\/p>\n<p>&nbsp;<\/p>\n<p>&nbsp;<\/p>\n<p style=\"text-align: justify;\">&bdquo;Duhovni kapitul u Oku\u010danima bilo je prekrasno iskustvo za mene. Iako je ovo ve\u0107 deveti kapitul, moj je tek prvi. Tema kapitula bila je <span style=\"color: #ff0000;\"><strong>poniznost<\/strong><\/span>. O njoj smo slu&scaron;ali u evan\u0111elju, na radionicama i predavanju koje je vodio fra Marko Pusti&scaron;ek i stvarno se trudimo <strong><span style=\"color: #ff0000;\">primijeniti<\/span><\/strong> je. Nau\u010dio sam da ona nije samo tema za razgovor ili raspravu, ve\u0107 <span style=\"color: #ff0000;\"><strong>na\u010din \u017eivota<\/strong><\/span>, u kojem se svi trebamo prona\u0107i, posebno mi, kr&scaron;\u0107ani. Sve mi je bilo lijepo, od zajedni\u010dke pjesme i popularne franjeva\u010dke radosti do zajedni\u010dke molitve i klanjanja. Drago mi je &scaron;to sam upoznao druge frama&scaron;e i podijelio neka nova iskustva s njima. Vratili smo se svojim&nbsp; ku\u0107ama puni radosti, punog trbuha, ali ono najva\u017enije &ndash; <span style=\"color: #ff0000;\"><strong>punog duha<\/strong><\/span>. Nadam se da ovo nije kraj, ve\u0107 novi po\u010detak u mom mladom frama&scaron;kom \u017eivotu.&ldquo;<br \/>&nbsp;&nbsp; &nbsp;&nbsp;&nbsp; &nbsp;&nbsp;&nbsp; &nbsp;&nbsp;&nbsp; &nbsp;&nbsp;&nbsp; &nbsp;&nbsp;&nbsp; &nbsp;&nbsp;&nbsp; &nbsp;&nbsp;&nbsp; &nbsp;&nbsp;&nbsp; &nbsp;&nbsp;&nbsp; &nbsp;Matija Kor\u010danin<\/p>\n<p style=\"text-align: justify;\">{ppgallery}<img loading=\"lazy\" decoding=\"async\" class=\" size-full wp-image-1706\" src=\"https:\/\/www.ofm.hr\/koprivnica\/wp-content\/uploads\/2014\/10\/web18_P9271500.jpg\" alt=\"\" width=\"119\" height=\"90\" srcset=\"https:\/\/www.ofm.hr\/koprivnica\/wp-content\/uploads\/2014\/10\/web18_P9271500.jpg 640w, https:\/\/www.ofm.hr\/koprivnica\/wp-content\/uploads\/2014\/10\/web18_P9271500-600x450.jpg 600w, https:\/\/www.ofm.hr\/koprivnica\/wp-content\/uploads\/2014\/10\/web18_P9271500-300x225.jpg 300w\" sizes=\"auto, (max-width: 119px) 100vw, 119px\" \/> <img loading=\"lazy\" decoding=\"async\" class=\" size-full wp-image-1707\" src=\"https:\/\/www.ofm.hr\/koprivnica\/wp-content\/uploads\/2014\/10\/web18_P9271509.jpg\" alt=\"\" width=\"119\" height=\"90\" \/> <img loading=\"lazy\" decoding=\"async\" class=\" size-full wp-image-1708\" src=\"https:\/\/www.ofm.hr\/koprivnica\/wp-content\/uploads\/2014\/10\/web18_P9271559.jpg\" alt=\"\" width=\"119\" height=\"90\" srcset=\"https:\/\/www.ofm.hr\/koprivnica\/wp-content\/uploads\/2014\/10\/web18_P9271559.jpg 640w, https:\/\/www.ofm.hr\/koprivnica\/wp-content\/uploads\/2014\/10\/web18_P9271559-600x450.jpg 600w, https:\/\/www.ofm.hr\/koprivnica\/wp-content\/uploads\/2014\/10\/web18_P9271559-300x225.jpg 300w\" sizes=\"auto, (max-width: 119px) 100vw, 119px\" \/> <img loading=\"lazy\" decoding=\"async\" class=\" size-full wp-image-1709\" src=\"https:\/\/www.ofm.hr\/koprivnica\/wp-content\/uploads\/2014\/10\/web18_P9280146.jpg\" alt=\"\" width=\"119\" height=\"90\" srcset=\"https:\/\/www.ofm.hr\/koprivnica\/wp-content\/uploads\/2014\/10\/web18_P9280146.jpg 640w, https:\/\/www.ofm.hr\/koprivnica\/wp-content\/uploads\/2014\/10\/web18_P9280146-600x450.jpg 600w, https:\/\/www.ofm.hr\/koprivnica\/wp-content\/uploads\/2014\/10\/web18_P9280146-300x225.jpg 300w\" sizes=\"auto, (max-width: 119px) 100vw, 119px\" \/> <img loading=\"lazy\" decoding=\"async\" class=\" size-full wp-image-1710\" src=\"https:\/\/www.ofm.hr\/koprivnica\/wp-content\/uploads\/2014\/10\/web18_P9280150.jpg\" alt=\"\" width=\"119\" height=\"90\" srcset=\"https:\/\/www.ofm.hr\/koprivnica\/wp-content\/uploads\/2014\/10\/web18_P9280150.jpg 640w, https:\/\/www.ofm.hr\/koprivnica\/wp-content\/uploads\/2014\/10\/web18_P9280150-600x450.jpg 600w, https:\/\/www.ofm.hr\/koprivnica\/wp-content\/uploads\/2014\/10\/web18_P9280150-300x225.jpg 300w\" sizes=\"auto, (max-width: 119px) 100vw, 119px\" \/> <img loading=\"lazy\" decoding=\"async\" class=\" size-full wp-image-1711\" src=\"https:\/\/www.ofm.hr\/koprivnica\/wp-content\/uploads\/2014\/10\/web18_P9280161.jpg\" alt=\"\" width=\"119\" height=\"90\" srcset=\"https:\/\/www.ofm.hr\/koprivnica\/wp-content\/uploads\/2014\/10\/web18_P9280161.jpg 640w, https:\/\/www.ofm.hr\/koprivnica\/wp-content\/uploads\/2014\/10\/web18_P9280161-600x450.jpg 600w, https:\/\/www.ofm.hr\/koprivnica\/wp-content\/uploads\/2014\/10\/web18_P9280161-300x225.jpg 300w\" sizes=\"auto, (max-width: 119px) 100vw, 119px\" \/> <img loading=\"lazy\" decoding=\"async\" class=\" size-full wp-image-1712\" src=\"https:\/\/www.ofm.hr\/koprivnica\/wp-content\/uploads\/2014\/10\/web18_P9280196.jpg\" alt=\"\" width=\"119\" height=\"90\" srcset=\"https:\/\/www.ofm.hr\/koprivnica\/wp-content\/uploads\/2014\/10\/web18_P9280196.jpg 640w, https:\/\/www.ofm.hr\/koprivnica\/wp-content\/uploads\/2014\/10\/web18_P9280196-600x450.jpg 600w, https:\/\/www.ofm.hr\/koprivnica\/wp-content\/uploads\/2014\/10\/web18_P9280196-300x225.jpg 300w\" sizes=\"auto, (max-width: 119px) 100vw, 119px\" \/>{\/ppgallery}<\/p>\n<p>&nbsp;<\/p>\n<p>&nbsp;<\/p>\n<p>&nbsp;<\/p>\n<p>&nbsp;<\/p>\n<p>&nbsp;<\/p>\n<p>&nbsp;<\/p>\n<p>&nbsp;<\/p>\n<p style=\"text-align: justify;\">&bdquo;Naprotiv, najve\u0107i me\u0111u vama neka bude kao najmla\u0111i; i predstojnik kao poslu\u017eitelj.&ldquo; &ndash; ta me re\u010denica pratila cijelo vrijeme Kapitula. Bio mi je to jedan od najljep&scaron;ih vikenda do sada u \u017eivotu. Od slu&scaron;anja predavanja, slu\u017eenja Bogu, sudjelovanju na <span style=\"color: #ff0000;\"><strong>euharistiji<\/strong><\/span> pa do razgovora i dru\u017eenja s najdra\u017eim mi ljudima, Frama&scaron;ima. Osjetio sam ne&scaron;to predivno, zove se <span style=\"color: #ff0000;\"><strong>franjeva\u010dka radost<\/strong><\/span> koju i sada osje\u0107am. Uz frama&scaron;e i na&scaron;e duhovne asistente osjetio sam pravu<span style=\"color: #ff0000;\"><strong> blizinu Boga<\/strong><\/span>. Sv. sam Franju puno bolje upoznao kroz mjuzikl &bdquo; Sa sv. Franjom zajedno&ldquo; koji nas je sve oraspolo\u017eio i dao nam snage za na&scaron;e slu\u017eenje Bogu i svima s kojima \u017eivimo. Na Kapitulu sam upoznao mnogo novih prijatelja s kojima sam mogao podijeliti svoja iskustva. Potpuno sam se obnovio i &bdquo;napunio baterije&ldquo; za dalje. Sada znam kako je to biti pravi frama&scaron; i puno mi je stvari postalo jasnijima. Svi smo mi <span style=\"color: #ff0000;\"><strong>pozvani<\/strong><\/span> od na&scaron;ega Oca, ali se trebamo <span style=\"color: #ff0000;\"><strong>odazvati<\/strong><\/span> jer nam na&scaron; odaziv donosi ne&scaron;to &scaron;to se ne mo\u017ee opisati rije\u010dima.&ldquo;<br \/>&nbsp;&nbsp; &nbsp;&nbsp;&nbsp; &nbsp;&nbsp;&nbsp; &nbsp;&nbsp;&nbsp; &nbsp;&nbsp;&nbsp; &nbsp;&nbsp;&nbsp; &nbsp;&nbsp;&nbsp; &nbsp;&nbsp;&nbsp; &nbsp;&nbsp;&nbsp; &nbsp;&nbsp;&nbsp; &nbsp;&nbsp;&nbsp; &nbsp;Ivan Sr&scaron;i\u0107<\/p>\n<p style=\"text-align: justify;\">{ppgallery}<img loading=\"lazy\" decoding=\"async\" class=\" size-full wp-image-1713\" src=\"https:\/\/www.ofm.hr\/koprivnica\/wp-content\/uploads\/2014\/10\/web18_P9280197.jpg\" alt=\"\" width=\"119\" height=\"90\" srcset=\"https:\/\/www.ofm.hr\/koprivnica\/wp-content\/uploads\/2014\/10\/web18_P9280197.jpg 640w, https:\/\/www.ofm.hr\/koprivnica\/wp-content\/uploads\/2014\/10\/web18_P9280197-600x450.jpg 600w, https:\/\/www.ofm.hr\/koprivnica\/wp-content\/uploads\/2014\/10\/web18_P9280197-300x225.jpg 300w\" sizes=\"auto, (max-width: 119px) 100vw, 119px\" \/> <img loading=\"lazy\" decoding=\"async\" class=\" size-full wp-image-1714\" src=\"https:\/\/www.ofm.hr\/koprivnica\/wp-content\/uploads\/2014\/10\/web18_P9280198.jpg\" alt=\"\" width=\"119\" height=\"90\" srcset=\"https:\/\/www.ofm.hr\/koprivnica\/wp-content\/uploads\/2014\/10\/web18_P9280198.jpg 640w, https:\/\/www.ofm.hr\/koprivnica\/wp-content\/uploads\/2014\/10\/web18_P9280198-600x450.jpg 600w, https:\/\/www.ofm.hr\/koprivnica\/wp-content\/uploads\/2014\/10\/web18_P9280198-300x225.jpg 300w\" sizes=\"auto, (max-width: 119px) 100vw, 119px\" \/> <img loading=\"lazy\" decoding=\"async\" class=\" size-full wp-image-1715\" src=\"https:\/\/www.ofm.hr\/koprivnica\/wp-content\/uploads\/2014\/10\/web18_P9280211.jpg\" alt=\"\" width=\"119\" height=\"90\" srcset=\"https:\/\/www.ofm.hr\/koprivnica\/wp-content\/uploads\/2014\/10\/web18_P9280211.jpg 640w, https:\/\/www.ofm.hr\/koprivnica\/wp-content\/uploads\/2014\/10\/web18_P9280211-600x450.jpg 600w, https:\/\/www.ofm.hr\/koprivnica\/wp-content\/uploads\/2014\/10\/web18_P9280211-300x225.jpg 300w\" sizes=\"auto, (max-width: 119px) 100vw, 119px\" \/> <img loading=\"lazy\" decoding=\"async\" class=\" size-full wp-image-1716\" src=\"https:\/\/www.ofm.hr\/koprivnica\/wp-content\/uploads\/2014\/10\/web18_P9280225-1.jpg\" alt=\"P9280225-1\" width=\"120\" height=\"90\" srcset=\"https:\/\/www.ofm.hr\/koprivnica\/wp-content\/uploads\/2014\/10\/web18_P9280225-1.jpg 640w, https:\/\/www.ofm.hr\/koprivnica\/wp-content\/uploads\/2014\/10\/web18_P9280225-1-600x450.jpg 600w, https:\/\/www.ofm.hr\/koprivnica\/wp-content\/uploads\/2014\/10\/web18_P9280225-1-300x225.jpg 300w\" sizes=\"auto, (max-width: 120px) 100vw, 120px\" \/> <img loading=\"lazy\" decoding=\"async\" class=\" size-full wp-image-1717\" src=\"https:\/\/www.ofm.hr\/koprivnica\/wp-content\/uploads\/2014\/10\/web18_P9280234.jpg\" alt=\"\" width=\"119\" height=\"90\" srcset=\"https:\/\/www.ofm.hr\/koprivnica\/wp-content\/uploads\/2014\/10\/web18_P9280234.jpg 640w, https:\/\/www.ofm.hr\/koprivnica\/wp-content\/uploads\/2014\/10\/web18_P9280234-600x450.jpg 600w, https:\/\/www.ofm.hr\/koprivnica\/wp-content\/uploads\/2014\/10\/web18_P9280234-300x225.jpg 300w\" sizes=\"auto, (max-width: 119px) 100vw, 119px\" \/> <img loading=\"lazy\" decoding=\"async\" class=\" size-full wp-image-1718\" src=\"https:\/\/www.ofm.hr\/koprivnica\/wp-content\/uploads\/2014\/10\/web18_P9281588.jpg\" alt=\"\" width=\"119\" height=\"90\" srcset=\"https:\/\/www.ofm.hr\/koprivnica\/wp-content\/uploads\/2014\/10\/web18_P9281588.jpg 640w, https:\/\/www.ofm.hr\/koprivnica\/wp-content\/uploads\/2014\/10\/web18_P9281588-600x450.jpg 600w, https:\/\/www.ofm.hr\/koprivnica\/wp-content\/uploads\/2014\/10\/web18_P9281588-300x225.jpg 300w\" sizes=\"auto, (max-width: 119px) 100vw, 119px\" \/> <img loading=\"lazy\" decoding=\"async\" class=\" size-full wp-image-1719\" src=\"https:\/\/www.ofm.hr\/koprivnica\/wp-content\/uploads\/2014\/10\/web18_P9281807.jpg\" alt=\"\" width=\"119\" height=\"90\" srcset=\"https:\/\/www.ofm.hr\/koprivnica\/wp-content\/uploads\/2014\/10\/web18_P9281807.jpg 640w, https:\/\/www.ofm.hr\/koprivnica\/wp-content\/uploads\/2014\/10\/web18_P9281807-600x450.jpg 600w, https:\/\/www.ofm.hr\/koprivnica\/wp-content\/uploads\/2014\/10\/web18_P9281807-300x225.jpg 300w\" sizes=\"auto, (max-width: 119px) 100vw, 119px\" \/> <img loading=\"lazy\" decoding=\"async\" class=\" size-full wp-image-1720\" src=\"https:\/\/www.ofm.hr\/koprivnica\/wp-content\/uploads\/2014\/10\/web18_P9281815.jpg\" alt=\"\" width=\"119\" height=\"90\" srcset=\"https:\/\/www.ofm.hr\/koprivnica\/wp-content\/uploads\/2014\/10\/web18_P9281815.jpg 640w, https:\/\/www.ofm.hr\/koprivnica\/wp-content\/uploads\/2014\/10\/web18_P9281815-600x450.jpg 600w, https:\/\/www.ofm.hr\/koprivnica\/wp-content\/uploads\/2014\/10\/web18_P9281815-300x225.jpg 300w\" sizes=\"auto, (max-width: 119px) 100vw, 119px\" \/> <img loading=\"lazy\" decoding=\"async\" class=\" size-full wp-image-1721\" src=\"https:\/\/www.ofm.hr\/koprivnica\/wp-content\/uploads\/2014\/10\/web18_P9281837.jpg\" alt=\"\" width=\"119\" height=\"90\" srcset=\"https:\/\/www.ofm.hr\/koprivnica\/wp-content\/uploads\/2014\/10\/web18_P9281837.jpg 640w, https:\/\/www.ofm.hr\/koprivnica\/wp-content\/uploads\/2014\/10\/web18_P9281837-600x450.jpg 600w, https:\/\/www.ofm.hr\/koprivnica\/wp-content\/uploads\/2014\/10\/web18_P9281837-300x225.jpg 300w\" sizes=\"auto, (max-width: 119px) 100vw, 119px\" \/> <img loading=\"lazy\" decoding=\"async\" class=\" size-full wp-image-1722\" src=\"https:\/\/www.ofm.hr\/koprivnica\/wp-content\/uploads\/2014\/10\/web18_P9291934.jpg\" alt=\"\" width=\"119\" height=\"90\" srcset=\"https:\/\/www.ofm.hr\/koprivnica\/wp-content\/uploads\/2014\/10\/web18_P9291934.jpg 640w, https:\/\/www.ofm.hr\/koprivnica\/wp-content\/uploads\/2014\/10\/web18_P9291934-600x450.jpg 600w, https:\/\/www.ofm.hr\/koprivnica\/wp-content\/uploads\/2014\/10\/web18_P9291934-300x225.jpg 300w\" sizes=\"auto, (max-width: 119px) 100vw, 119px\" \/> &nbsp;{\/ppgallery}<\/p>\n","protected":false},"excerpt":{"rendered":"<p>{ppgallery} {\/ppgallery} Naprotiv, najve\u0107i me\u0111u vama neka bude kao najmla\u0111i, i predstojnik kao poslu\u017eitelj. (Lk 22, 26)Jedanaestero koprivni\u010dkih Frama&scaron;a sudjelovalo je na IX. duhovnom kapitulu, koji se odr\u017eavao od 26. do 28. rujna 2014. u Oku\u010danima. Dru\u017eili su se s ostalim Frama&scaron;ima Zagreba\u010dkog podru\u010dnog bratsva i upoznali puno novih ljudi. Otkrili su puno novih talenata, [&hellip;]<\/p>\n","protected":false},"author":1,"featured_media":1698,"comment_status":"open","ping_status":"open","sticky":true,"template":"","format":"standard","meta":{"qubely_global_settings":"","qubely_interactions":"","footnotes":""},"categories":[40],"tags":[],"class_list":["post-1723","post","type-post","status-publish","format-standard","has-post-thumbnail","hentry","category-frama"],"blocksy_meta":{"styles_descriptor":{"styles":{"desktop":"","tablet":"","mobile":""},"google_fonts":[],"version":6}},"qubely_featured_image_url":{"full":["https:\/\/www.ofm.hr\/koprivnica\/wp-content\/uploads\/2014\/10\/web18_1743.jpg",640,480,false],"landscape":["https:\/\/www.ofm.hr\/koprivnica\/wp-content\/uploads\/2014\/10\/web18_1743.jpg",640,480,false],"portraits":["https:\/\/www.ofm.hr\/koprivnica\/wp-content\/uploads\/2014\/10\/web18_1743.jpg",427,320,false],"thumbnail":["https:\/\/www.ofm.hr\/koprivnica\/wp-content\/uploads\/2014\/10\/web18_1743-150x150.jpg",150,150,true],"medium":["https:\/\/www.ofm.hr\/koprivnica\/wp-content\/uploads\/2014\/10\/web18_1743-300x225.jpg",300,225,true],"medium_large":["https:\/\/www.ofm.hr\/koprivnica\/wp-content\/uploads\/2014\/10\/web18_1743.jpg",640,480,false],"large":["https:\/\/www.ofm.hr\/koprivnica\/wp-content\/uploads\/2014\/10\/web18_1743.jpg",640,480,false],"1536x1536":["https:\/\/www.ofm.hr\/koprivnica\/wp-content\/uploads\/2014\/10\/web18_1743.jpg",640,480,false],"2048x2048":["https:\/\/www.ofm.hr\/koprivnica\/wp-content\/uploads\/2014\/10\/web18_1743.jpg",640,480,false],"qubely_landscape":["https:\/\/www.ofm.hr\/koprivnica\/wp-content\/uploads\/2014\/10\/web18_1743.jpg",640,480,false],"qubely_portrait":["https:\/\/www.ofm.hr\/koprivnica\/wp-content\/uploads\/2014\/10\/web18_1743.jpg",427,320,false],"qubely_thumbnail":["https:\/\/www.ofm.hr\/koprivnica\/wp-content\/uploads\/2014\/10\/web18_1743.jpg",133,100,false]},"qubely_author":{"display_name":"Branko","author_link":"https:\/\/www.ofm.hr\/koprivnica\/author\/admkp8\/"},"qubely_comment":0,"qubely_category":"<a href=\"https:\/\/www.ofm.hr\/koprivnica\/category\/frama\/\" rel=\"category tag\">FRAMA<\/a>","qubely_excerpt":"{ppgallery} {\/ppgallery} Naprotiv, najve\u0107i me\u0111u vama neka bude kao najmla\u0111i, i predstojnik kao poslu\u017eitelj. (Lk 22, 26)Jedanaestero koprivni\u010dkih Frama&scaron;a sudjelovalo je na IX. duhovnom kapitulu, koji se odr\u017eavao od 26. do 28. rujna 2014. u Oku\u010danima. Dru\u017eili su se s ostalim Frama&scaron;ima Zagreba\u010dkog podru\u010dnog bratsva i upoznali puno novih ljudi. Otkrili su puno novih talenata,&hellip;","featured_image_urls_v2":{"full":["https:\/\/www.ofm.hr\/koprivnica\/wp-content\/uploads\/2014\/10\/web18_1743.jpg",640,480,false],"thumbnail":["https:\/\/www.ofm.hr\/koprivnica\/wp-content\/uploads\/2014\/10\/web18_1743-150x150.jpg",150,150,true],"medium":["https:\/\/www.ofm.hr\/koprivnica\/wp-content\/uploads\/2014\/10\/web18_1743-300x225.jpg",300,225,true],"medium_large":["https:\/\/www.ofm.hr\/koprivnica\/wp-content\/uploads\/2014\/10\/web18_1743.jpg",640,480,false],"large":["https:\/\/www.ofm.hr\/koprivnica\/wp-content\/uploads\/2014\/10\/web18_1743.jpg",640,480,false],"1536x1536":["https:\/\/www.ofm.hr\/koprivnica\/wp-content\/uploads\/2014\/10\/web18_1743.jpg",640,480,false],"2048x2048":["https:\/\/www.ofm.hr\/koprivnica\/wp-content\/uploads\/2014\/10\/web18_1743.jpg",640,480,false],"qubely_landscape":["https:\/\/www.ofm.hr\/koprivnica\/wp-content\/uploads\/2014\/10\/web18_1743.jpg",640,480,false],"qubely_portrait":["https:\/\/www.ofm.hr\/koprivnica\/wp-content\/uploads\/2014\/10\/web18_1743.jpg",427,320,false],"qubely_thumbnail":["https:\/\/www.ofm.hr\/koprivnica\/wp-content\/uploads\/2014\/10\/web18_1743.jpg",133,100,false]},"post_excerpt_stackable_v2":"<p>{ppgallery} {\/ppgallery} Naprotiv, najve\u0107i me\u0111u vama neka bude kao najmla\u0111i, i predstojnik kao poslu\u017eitelj. (Lk 22, 26)Jedanaestero koprivni\u010dkih Frama&scaron;a sudjelovalo je na IX. duhovnom kapitulu, koji se odr\u017eavao od 26. do 28. rujna 2014. u Oku\u010danima. Dru\u017eili su se s ostalim Frama&scaron;ima Zagreba\u010dkog podru\u010dnog bratsva i upoznali puno novih ljudi. Otkrili su puno novih talenata, &scaron;to vlastitih, &scaron;to jedni kod drugih, a evo i njihovih osobnih dojmova:&bdquo;Na Kapitulu smo upoznali mnogo drugih frama&scaron;a, sigurno bismo ih upoznali i vi&scaron;e da se nismo dr\u017eali &#8220;za sebe&#8221;, ali mislim da je i ovako bilo u redu jer smo me\u0111usobno dijelili iskustva, u\u010dili&hellip;<\/p>\n","category_list_v2":"<a href=\"https:\/\/www.ofm.hr\/koprivnica\/category\/frama\/\" rel=\"category tag\">FRAMA<\/a>","author_info_v2":{"name":"Branko","url":"https:\/\/www.ofm.hr\/koprivnica\/author\/admkp8\/"},"comments_num_v2":"0 comments","_links":{"self":[{"href":"https:\/\/www.ofm.hr\/koprivnica\/wp-json\/wp\/v2\/posts\/1723","targetHints":{"allow":["GET"]}}],"collection":[{"href":"https:\/\/www.ofm.hr\/koprivnica\/wp-json\/wp\/v2\/posts"}],"about":[{"href":"https:\/\/www.ofm.hr\/koprivnica\/wp-json\/wp\/v2\/types\/post"}],"author":[{"embeddable":true,"href":"https:\/\/www.ofm.hr\/koprivnica\/wp-json\/wp\/v2\/users\/1"}],"replies":[{"embeddable":true,"href":"https:\/\/www.ofm.hr\/koprivnica\/wp-json\/wp\/v2\/comments?post=1723"}],"version-history":[{"count":1,"href":"https:\/\/www.ofm.hr\/koprivnica\/wp-json\/wp\/v2\/posts\/1723\/revisions"}],"predecessor-version":[{"id":10184,"href":"https:\/\/www.ofm.hr\/koprivnica\/wp-json\/wp\/v2\/posts\/1723\/revisions\/10184"}],"wp:featuredmedia":[{"embeddable":true,"href":"https:\/\/www.ofm.hr\/koprivnica\/wp-json\/wp\/v2\/media\/1698"}],"wp:attachment":[{"href":"https:\/\/www.ofm.hr\/koprivnica\/wp-json\/wp\/v2\/media?parent=1723"}],"wp:term":[{"taxonomy":"category","embeddable":true,"href":"https:\/\/www.ofm.hr\/koprivnica\/wp-json\/wp\/v2\/categories?post=1723"},{"taxonomy":"post_tag","embeddable":true,"href":"https:\/\/www.ofm.hr\/koprivnica\/wp-json\/wp\/v2\/tags?post=1723"}],"curies":[{"name":"wp","href":"https:\/\/api.w.org\/{rel}","templated":true}]}}