{"id":17246,"date":"2026-03-07T21:20:55","date_gmt":"2026-03-07T20:20:55","guid":{"rendered":"https:\/\/www.ofm.hr\/koprivnica\/?p=17246"},"modified":"2026-03-07T21:20:56","modified_gmt":"2026-03-07T20:20:56","slug":"zupne-obavijesti-od-8-3-15-3-2026","status":"publish","type":"post","link":"https:\/\/www.ofm.hr\/koprivnica\/zupne-obavijesti-od-8-3-15-3-2026\/","title":{"rendered":"\u017dupne obavijesti od 8. 3. &#8211; 15. 3. 2026."},"content":{"rendered":"\n<p><strong>KRI\u017dNI PUT MLADIH<\/strong><\/p>\n\n\n\n<p><strong>26. po redu Kri\u017enom putu mladih (KPM) na\u0161e biskupije odr\u017eati \u0107e se u subotu i nedjelju, 21. i 22. o\u017eujka 2026. u Me\u0111imurju. Po\u010detak je u Gori\u010danu, no\u0107enje je u Svetoj Mariji, a zavr\u0161avamo svetom misom u Kotoribi u 18 sati. Sudjelovati mogu krizmanici i mladi do 35 godina. Za vi\u0161e informacije i samu prijavu mo\u017eete se javiti fra Zoranu ili dekanatskom animatoru*. Prijave traju do \u010detvrtka<\/strong>, <strong>12. o\u017eujka<\/strong>. <strong>&nbsp;<\/strong><\/p>\n\n\n\n<p><strong>TRINAEST UTORAKA U \u010cAST SV. ANTUNU<\/strong><\/p>\n\n\n\n<p><strong>U utorak, 10. o\u017eujka zapo\u010dinje pobo\u017enost u \u010dast sv. Antunu &#8211; TRINAEST UTORAKA &#8211; pred njegov blagdan. Svaki utorak do 13. lipnja posebna je pobo\u017enost kod ve\u010dernje mise u 18,15.<\/strong><\/p>\n\n\n\n<p><strong><u>DAR ZA POTREBE \u017dUPNOG KARITASA<\/u><\/strong><\/p>\n\n\n\n<p><strong>Pribli\u017eava se Uskrs. Svjesni smo da mnogi te\u0161ko \u017eive. Za Bo\u017ei\u0107 ste pokazali solidarnost donose\u0107i namirnice za potrebne. I sada vam preporu\u010damo da na taj na\u010din pomognete koliko tko mo\u017ee. Svoj dar u hrani mo\u017eete ostaviti u sakristiji ili \u017eupnom uredu, a sve prikupljeno podijeliti \u0107emo potrebnima u \u017eupi. Rok do kojeg skupljamo je 29. o\u017eujka. Hvala unaprijed!<\/strong><\/p>\n\n\n\n<p><strong>VELIKA ISPOVIJED ZA USKRS<\/strong><\/p>\n\n\n\n<p><strong>Ove godine velika ispovijed je u subotu, 28. o\u017eujka uo\u010di Cvjetnice.&nbsp; U 8 sati zapo\u010dinje pokorni\u010dko bogoslu\u017eje i slijedi ispovijedanje u na\u0161oj crkvi do 10 sati. Od 10,30 ispovijed se nastavlja u \u017eupi sv. Nikole, a poslije podne od 14 u \u017eupi bl. Alojzija Stepinca.<\/strong><\/p>\n","protected":false},"excerpt":{"rendered":"<p>KRI\u017dNI PUT MLADIH 26. po redu Kri\u017enom putu mladih (KPM) na\u0161e biskupije odr\u017eati \u0107e se u subotu i nedjelju, 21. i 22. o\u017eujka 2026. u Me\u0111imurju. Po\u010detak je u Gori\u010danu, no\u0107enje je u Svetoj Mariji, a zavr\u0161avamo svetom misom u Kotoribi u 18 sati. Sudjelovati mogu krizmanici i mladi do 35 godina. Za vi\u0161e informacije [&hellip;]<\/p>\n","protected":false},"author":1,"featured_media":0,"comment_status":"closed","ping_status":"open","sticky":false,"template":"","format":"standard","meta":{"qubely_global_settings":"","qubely_interactions":"","footnotes":""},"categories":[45],"tags":[],"class_list":["post-17246","post","type-post","status-publish","format-standard","hentry","category-obavjesti"],"blocksy_meta":[],"qubely_featured_image_url":null,"qubely_author":{"display_name":"Branko","author_link":"https:\/\/www.ofm.hr\/koprivnica\/author\/admkp8\/"},"qubely_comment":0,"qubely_category":"<a href=\"https:\/\/www.ofm.hr\/koprivnica\/category\/obavjesti\/\" rel=\"category tag\">OBAVIJESTI<\/a>","qubely_excerpt":"KRI\u017dNI PUT MLADIH 26. po redu Kri\u017enom putu mladih (KPM) na\u0161e biskupije odr\u017eati \u0107e se u subotu i nedjelju, 21. i 22. o\u017eujka 2026. u Me\u0111imurju. Po\u010detak je u Gori\u010danu, no\u0107enje je u Svetoj Mariji, a zavr\u0161avamo svetom misom u Kotoribi u 18 sati. Sudjelovati mogu krizmanici i mladi do 35 godina. Za vi\u0161e informacije&hellip;","featured_image_urls_v2":{"full":"","thumbnail":"","medium":"","medium_large":"","large":"","1536x1536":"","2048x2048":"","qubely_landscape":"","qubely_portrait":"","qubely_thumbnail":""},"post_excerpt_stackable_v2":"<p>KRI\u017dNI PUT MLADIH 26. po redu Kri\u017enom putu mladih (KPM) na\u0161e biskupije odr\u017eati \u0107e se u subotu i nedjelju, 21. i 22. o\u017eujka 2026. u Me\u0111imurju. Po\u010detak je u Gori\u010danu, no\u0107enje je u Svetoj Mariji, a zavr\u0161avamo svetom misom u Kotoribi u 18 sati. Sudjelovati mogu krizmanici i mladi do 35 godina. Za vi\u0161e informacije i samu prijavu mo\u017eete se javiti fra Zoranu ili dekanatskom animatoru*. Prijave traju do \u010detvrtka, 12. o\u017eujka. &nbsp; TRINAEST UTORAKA U \u010cAST SV. ANTUNU U utorak, 10. o\u017eujka zapo\u010dinje pobo\u017enost u \u010dast sv. Antunu &#8211; TRINAEST UTORAKA &#8211; pred njegov blagdan. Svaki utorak do 13.&hellip;<\/p>\n","category_list_v2":"<a href=\"https:\/\/www.ofm.hr\/koprivnica\/category\/obavjesti\/\" rel=\"category tag\">OBAVIJESTI<\/a>","author_info_v2":{"name":"Branko","url":"https:\/\/www.ofm.hr\/koprivnica\/author\/admkp8\/"},"comments_num_v2":"0 comments","_links":{"self":[{"href":"https:\/\/www.ofm.hr\/koprivnica\/wp-json\/wp\/v2\/posts\/17246","targetHints":{"allow":["GET"]}}],"collection":[{"href":"https:\/\/www.ofm.hr\/koprivnica\/wp-json\/wp\/v2\/posts"}],"about":[{"href":"https:\/\/www.ofm.hr\/koprivnica\/wp-json\/wp\/v2\/types\/post"}],"author":[{"embeddable":true,"href":"https:\/\/www.ofm.hr\/koprivnica\/wp-json\/wp\/v2\/users\/1"}],"replies":[{"embeddable":true,"href":"https:\/\/www.ofm.hr\/koprivnica\/wp-json\/wp\/v2\/comments?post=17246"}],"version-history":[{"count":1,"href":"https:\/\/www.ofm.hr\/koprivnica\/wp-json\/wp\/v2\/posts\/17246\/revisions"}],"predecessor-version":[{"id":17247,"href":"https:\/\/www.ofm.hr\/koprivnica\/wp-json\/wp\/v2\/posts\/17246\/revisions\/17247"}],"wp:attachment":[{"href":"https:\/\/www.ofm.hr\/koprivnica\/wp-json\/wp\/v2\/media?parent=17246"}],"wp:term":[{"taxonomy":"category","embeddable":true,"href":"https:\/\/www.ofm.hr\/koprivnica\/wp-json\/wp\/v2\/categories?post=17246"},{"taxonomy":"post_tag","embeddable":true,"href":"https:\/\/www.ofm.hr\/koprivnica\/wp-json\/wp\/v2\/tags?post=17246"}],"curies":[{"name":"wp","href":"https:\/\/api.w.org\/{rel}","templated":true}]}}