{"id":17258,"date":"2026-03-14T20:48:12","date_gmt":"2026-03-14T19:48:12","guid":{"rendered":"https:\/\/www.ofm.hr\/koprivnica\/?p=17258"},"modified":"2026-03-14T20:48:14","modified_gmt":"2026-03-14T19:48:14","slug":"poruka-pape-lava-xiv-za-korizmu-4","status":"publish","type":"post","link":"https:\/\/www.ofm.hr\/koprivnica\/poruka-pape-lava-xiv-za-korizmu-4\/","title":{"rendered":"PORUKA PAPE LAVA XIV. ZA KORIZMU (4)"},"content":{"rendered":"\n<p><strong><em>Pod nazivom \u201c<u>Slu\u0161ati i postiti. Korizma kao vrijeme obra\u0107enja<\/u>\u201d, papa Lav XIV. objavio je svoju prvu poruku za korizmu u svojem pontifikatu. Glavne misli objavit \u0107emo u sljede\u0107im listi\u0107ima.<\/em><\/strong><\/p>\n\n\n\n<p><strong><em>Zajedno<\/em><\/strong><\/p>\n\n\n\n<p>Na posljetku, korizma isti\u010de dimenziju slu\u0161anja Bo\u017eje rije\u010di i posta u \u017eivotu zajednice. I sama Biblija na vi\u0161e na\u010dina podcrtava taj vid. Tako se, primjerice, u knjizi Nehemijinoj opisuje kako se narod okupio da slu\u0161a javno \u010ditanje knjige Zakona i pripravljao se postom za ispovijedanje vjere i klanjanje, kako bi obnovio savez s Bogom (usp.&nbsp;<em>Neh<\/em>&nbsp;9,1-3).<\/p>\n\n\n\n<p><strong>Sli\u010dno tome, na\u0161e \u017eupe, obitelji, crkvene skupine i redovni\u010dke zajednice pozvane su u korizmi poduzeti zajedni\u010dki hod, u kojem \u0107e slu\u0161anje Bo\u017eje rije\u010di i vapaja siromah\u00e2 i Zemlje postati oblik zajedni\u010dkog \u017eivota, a post temelj istinske pokore.<\/strong> U tom svjetlu, obra\u0107enje se ne odnosi samo na savjest pojedinca, ve\u0107 i na stil odnos\u00e2, kvalitetu dijaloga i sposobnost da se uhvatimo u ko\u0161tac sa izazovima koje stvarnost stavlja pred nas i da prepoznamo \u0161to uistinu vodi na\u0161e \u017eelje, bilo u na\u0161im crkvenim zajednicama, bilo u svijetu u cjelini, \u017eednom pravde i pomirenja.<\/p>\n\n\n\n<p>Predragi, molimo za milost korizme koja \u0107e na\u0161e uho u\u010diniti pozornijim prema Bogu i najmanjima me\u0111u nama. Molimo za snagu posta koji se prote\u017ee i na jezik, kako bi bilo manje rije\u010di koje bole, a vi\u0161e prostora pripalo glasovima drugoga. Nastojmo oko toga da na\u0161e zajednice budu mjesta gdje \u0107e vapaj onih koji pate biti dobrodo\u0161ao, a slu\u0161anje ra\u0111ati putove oslobo\u0111enja, kako bismo spremnije i revnije pridonosili izgradnji civilizacije ljubavi.<\/p>\n\n\n\n<p>Od srca blagoslivljam vas i va\u0161 korizmeni hod.<\/p>\n","protected":false},"excerpt":{"rendered":"<p>Pod nazivom \u201cSlu\u0161ati i postiti. Korizma kao vrijeme obra\u0107enja\u201d, papa Lav XIV. objavio je svoju prvu poruku za korizmu u svojem pontifikatu. Glavne misli objavit \u0107emo u sljede\u0107im listi\u0107ima. Zajedno Na posljetku, korizma isti\u010de dimenziju slu\u0161anja Bo\u017eje rije\u010di i posta u \u017eivotu zajednice. I sama Biblija na vi\u0161e na\u010dina podcrtava taj vid. Tako se, primjerice, [&hellip;]<\/p>\n","protected":false},"author":1,"featured_media":0,"comment_status":"closed","ping_status":"open","sticky":false,"template":"","format":"standard","meta":{"qubely_global_settings":"","qubely_interactions":"","footnotes":""},"categories":[154],"tags":[],"class_list":["post-17258","post","type-post","status-publish","format-standard","hentry","category-naslovna"],"blocksy_meta":[],"qubely_featured_image_url":null,"qubely_author":{"display_name":"Branko","author_link":"https:\/\/www.ofm.hr\/koprivnica\/author\/admkp8\/"},"qubely_comment":0,"qubely_category":"<a href=\"https:\/\/www.ofm.hr\/koprivnica\/category\/naslovna\/\" rel=\"category tag\">NASLOVNA<\/a>","qubely_excerpt":"Pod nazivom \u201cSlu\u0161ati i postiti. Korizma kao vrijeme obra\u0107enja\u201d, papa Lav XIV. objavio je svoju prvu poruku za korizmu u svojem pontifikatu. Glavne misli objavit \u0107emo u sljede\u0107im listi\u0107ima. Zajedno Na posljetku, korizma isti\u010de dimenziju slu\u0161anja Bo\u017eje rije\u010di i posta u \u017eivotu zajednice. I sama Biblija na vi\u0161e na\u010dina podcrtava taj vid. Tako se, primjerice,&hellip;","featured_image_urls_v2":{"full":"","thumbnail":"","medium":"","medium_large":"","large":"","1536x1536":"","2048x2048":"","qubely_landscape":"","qubely_portrait":"","qubely_thumbnail":""},"post_excerpt_stackable_v2":"<p>Pod nazivom \u201cSlu\u0161ati i postiti. Korizma kao vrijeme obra\u0107enja\u201d, papa Lav XIV. objavio je svoju prvu poruku za korizmu u svojem pontifikatu. Glavne misli objavit \u0107emo u sljede\u0107im listi\u0107ima. Zajedno Na posljetku, korizma isti\u010de dimenziju slu\u0161anja Bo\u017eje rije\u010di i posta u \u017eivotu zajednice. I sama Biblija na vi\u0161e na\u010dina podcrtava taj vid. Tako se, primjerice, u knjizi Nehemijinoj opisuje kako se narod okupio da slu\u0161a javno \u010ditanje knjige Zakona i pripravljao se postom za ispovijedanje vjere i klanjanje, kako bi obnovio savez s Bogom (usp.&nbsp;Neh&nbsp;9,1-3). Sli\u010dno tome, na\u0161e \u017eupe, obitelji, crkvene skupine i redovni\u010dke zajednice pozvane su u korizmi poduzeti&hellip;<\/p>\n","category_list_v2":"<a href=\"https:\/\/www.ofm.hr\/koprivnica\/category\/naslovna\/\" rel=\"category tag\">NASLOVNA<\/a>","author_info_v2":{"name":"Branko","url":"https:\/\/www.ofm.hr\/koprivnica\/author\/admkp8\/"},"comments_num_v2":"0 comments","_links":{"self":[{"href":"https:\/\/www.ofm.hr\/koprivnica\/wp-json\/wp\/v2\/posts\/17258","targetHints":{"allow":["GET"]}}],"collection":[{"href":"https:\/\/www.ofm.hr\/koprivnica\/wp-json\/wp\/v2\/posts"}],"about":[{"href":"https:\/\/www.ofm.hr\/koprivnica\/wp-json\/wp\/v2\/types\/post"}],"author":[{"embeddable":true,"href":"https:\/\/www.ofm.hr\/koprivnica\/wp-json\/wp\/v2\/users\/1"}],"replies":[{"embeddable":true,"href":"https:\/\/www.ofm.hr\/koprivnica\/wp-json\/wp\/v2\/comments?post=17258"}],"version-history":[{"count":1,"href":"https:\/\/www.ofm.hr\/koprivnica\/wp-json\/wp\/v2\/posts\/17258\/revisions"}],"predecessor-version":[{"id":17259,"href":"https:\/\/www.ofm.hr\/koprivnica\/wp-json\/wp\/v2\/posts\/17258\/revisions\/17259"}],"wp:attachment":[{"href":"https:\/\/www.ofm.hr\/koprivnica\/wp-json\/wp\/v2\/media?parent=17258"}],"wp:term":[{"taxonomy":"category","embeddable":true,"href":"https:\/\/www.ofm.hr\/koprivnica\/wp-json\/wp\/v2\/categories?post=17258"},{"taxonomy":"post_tag","embeddable":true,"href":"https:\/\/www.ofm.hr\/koprivnica\/wp-json\/wp\/v2\/tags?post=17258"}],"curies":[{"name":"wp","href":"https:\/\/api.w.org\/{rel}","templated":true}]}}