{"id":17277,"date":"2026-03-22T22:04:57","date_gmt":"2026-03-22T21:04:57","guid":{"rendered":"https:\/\/www.ofm.hr\/koprivnica\/?p=17277"},"modified":"2026-03-22T22:04:58","modified_gmt":"2026-03-22T21:04:58","slug":"zupne-obavijesti-od-22-3-29-3-2026","status":"publish","type":"post","link":"https:\/\/www.ofm.hr\/koprivnica\/zupne-obavijesti-od-22-3-29-3-2026\/","title":{"rendered":"\u017dupne obavijesti od 22. 3. &#8211; 29. 3. 2026."},"content":{"rendered":"\n<p><strong>RODITELJSKI SASTANAK ZA PRVOPRI\u010cESNIKE<\/strong><\/p>\n\n\n\n<p>U \u010detvrtak, 26. o\u017eujka odr\u017eat \u0107e se roditeljski sastanak za ovogodi\u0161nje prvopri\u010desnike, Sastanak je u crkvi poslije ve\u010dernje mise u 19,30.<\/p>\n\n\n\n<p><strong>\u017dUPNI VJERONAUK<\/strong><\/p>\n\n\n\n<p>Ovaj tjedan \u017eupni vjeronauk za prvopri\u010desnike i krizmanike je po redovitom rasporedu.<\/p>\n\n\n\n<p><strong>TRINAEST UTORAKA U \u010cAST SV. ANTUNU<\/strong><\/p>\n\n\n\n<p>U utorak, 24. o\u017eujka nastavljamo pobo\u017enost u \u010dast sv. Antunu<strong> &#8211; TRINAEST UTORAKA &#8211;<\/strong> pred njegov blagdan. Svaki utorak do 13. lipnja posebna je pobo\u017enost kod ve\u010dernje mise u 18,15.<\/p>\n\n\n\n<p><strong>VELIKA ISPOVIJED ZA USKRS<\/strong><\/p>\n\n\n\n<p>Ove godine velika ispovijed je u subotu, 28. o\u017eujka uo\u010di Cvjetnice. \u00a0U 8 sati zapo\u010dinje pokorni\u010dko bogoslu\u017eje i slijedi ispovijedanje u na\u0161oj crkvi do 10 sati. Od 10,30 ispovijed se nastavlja u \u017eupi sv. Nikole, a poslije podne od 14 u \u017eupi bl. Alojzija Stepinca.<\/p>\n\n\n\n<p><strong>CVJETNICA<\/strong><\/p>\n\n\n\n<p>Na Cvjetnicu<strong> <u>sve\u010dani blagoslov gran\u010dica biti \u0107e u 9 sati kod vanjskog oltara u dvori\u0161tu <\/u><\/strong>odakle \u0107e krenuti procesija u crkvu gdje \u0107e biti \u017eupna misa.<\/p>\n\n\n\n<p>Poslije podne u 16 sati krenut \u0107e <strong>KRI\u017dNI PUT<\/strong> po ulicama na\u0161e \u017eupe. Okupljanje je kod vanjskog oltara u samostanskom dvori\u0161tu.<\/p>\n","protected":false},"excerpt":{"rendered":"<p>RODITELJSKI SASTANAK ZA PRVOPRI\u010cESNIKE U \u010detvrtak, 26. o\u017eujka odr\u017eat \u0107e se roditeljski sastanak za ovogodi\u0161nje prvopri\u010desnike, Sastanak je u crkvi poslije ve\u010dernje mise u 19,30. \u017dUPNI VJERONAUK Ovaj tjedan \u017eupni vjeronauk za prvopri\u010desnike i krizmanike je po redovitom rasporedu. TRINAEST UTORAKA U \u010cAST SV. ANTUNU U utorak, 24. o\u017eujka nastavljamo pobo\u017enost u \u010dast sv. Antunu [&hellip;]<\/p>\n","protected":false},"author":1,"featured_media":0,"comment_status":"closed","ping_status":"open","sticky":false,"template":"","format":"standard","meta":{"qubely_global_settings":"","qubely_interactions":"","footnotes":""},"categories":[45],"tags":[],"class_list":["post-17277","post","type-post","status-publish","format-standard","hentry","category-obavjesti"],"blocksy_meta":[],"qubely_featured_image_url":null,"qubely_author":{"display_name":"Branko","author_link":"https:\/\/www.ofm.hr\/koprivnica\/author\/admkp8\/"},"qubely_comment":0,"qubely_category":"<a href=\"https:\/\/www.ofm.hr\/koprivnica\/category\/obavjesti\/\" rel=\"category tag\">OBAVIJESTI<\/a>","qubely_excerpt":"RODITELJSKI SASTANAK ZA PRVOPRI\u010cESNIKE U \u010detvrtak, 26. o\u017eujka odr\u017eat \u0107e se roditeljski sastanak za ovogodi\u0161nje prvopri\u010desnike, Sastanak je u crkvi poslije ve\u010dernje mise u 19,30. \u017dUPNI VJERONAUK Ovaj tjedan \u017eupni vjeronauk za prvopri\u010desnike i krizmanike je po redovitom rasporedu. TRINAEST UTORAKA U \u010cAST SV. ANTUNU U utorak, 24. o\u017eujka nastavljamo pobo\u017enost u \u010dast sv. Antunu&hellip;","featured_image_urls_v2":{"full":"","thumbnail":"","medium":"","medium_large":"","large":"","1536x1536":"","2048x2048":"","qubely_landscape":"","qubely_portrait":"","qubely_thumbnail":""},"post_excerpt_stackable_v2":"<p>RODITELJSKI SASTANAK ZA PRVOPRI\u010cESNIKE U \u010detvrtak, 26. o\u017eujka odr\u017eat \u0107e se roditeljski sastanak za ovogodi\u0161nje prvopri\u010desnike, Sastanak je u crkvi poslije ve\u010dernje mise u 19,30. \u017dUPNI VJERONAUK Ovaj tjedan \u017eupni vjeronauk za prvopri\u010desnike i krizmanike je po redovitom rasporedu. TRINAEST UTORAKA U \u010cAST SV. ANTUNU U utorak, 24. o\u017eujka nastavljamo pobo\u017enost u \u010dast sv. Antunu &#8211; TRINAEST UTORAKA &#8211; pred njegov blagdan. Svaki utorak do 13. lipnja posebna je pobo\u017enost kod ve\u010dernje mise u 18,15. VELIKA ISPOVIJED ZA USKRS Ove godine velika ispovijed je u subotu, 28. o\u017eujka uo\u010di Cvjetnice. \u00a0U 8 sati zapo\u010dinje pokorni\u010dko bogoslu\u017eje i slijedi ispovijedanje u&hellip;<\/p>\n","category_list_v2":"<a href=\"https:\/\/www.ofm.hr\/koprivnica\/category\/obavjesti\/\" rel=\"category tag\">OBAVIJESTI<\/a>","author_info_v2":{"name":"Branko","url":"https:\/\/www.ofm.hr\/koprivnica\/author\/admkp8\/"},"comments_num_v2":"0 comments","_links":{"self":[{"href":"https:\/\/www.ofm.hr\/koprivnica\/wp-json\/wp\/v2\/posts\/17277","targetHints":{"allow":["GET"]}}],"collection":[{"href":"https:\/\/www.ofm.hr\/koprivnica\/wp-json\/wp\/v2\/posts"}],"about":[{"href":"https:\/\/www.ofm.hr\/koprivnica\/wp-json\/wp\/v2\/types\/post"}],"author":[{"embeddable":true,"href":"https:\/\/www.ofm.hr\/koprivnica\/wp-json\/wp\/v2\/users\/1"}],"replies":[{"embeddable":true,"href":"https:\/\/www.ofm.hr\/koprivnica\/wp-json\/wp\/v2\/comments?post=17277"}],"version-history":[{"count":1,"href":"https:\/\/www.ofm.hr\/koprivnica\/wp-json\/wp\/v2\/posts\/17277\/revisions"}],"predecessor-version":[{"id":17278,"href":"https:\/\/www.ofm.hr\/koprivnica\/wp-json\/wp\/v2\/posts\/17277\/revisions\/17278"}],"wp:attachment":[{"href":"https:\/\/www.ofm.hr\/koprivnica\/wp-json\/wp\/v2\/media?parent=17277"}],"wp:term":[{"taxonomy":"category","embeddable":true,"href":"https:\/\/www.ofm.hr\/koprivnica\/wp-json\/wp\/v2\/categories?post=17277"},{"taxonomy":"post_tag","embeddable":true,"href":"https:\/\/www.ofm.hr\/koprivnica\/wp-json\/wp\/v2\/tags?post=17277"}],"curies":[{"name":"wp","href":"https:\/\/api.w.org\/{rel}","templated":true}]}}