{"id":17282,"date":"2026-03-22T22:10:42","date_gmt":"2026-03-22T21:10:42","guid":{"rendered":"https:\/\/www.ofm.hr\/koprivnica\/?p=17282"},"modified":"2026-03-22T22:10:43","modified_gmt":"2026-03-22T21:10:43","slug":"raspored-citaca-od-23-3-29-3-2026","status":"publish","type":"post","link":"https:\/\/www.ofm.hr\/koprivnica\/raspored-citaca-od-23-3-29-3-2026\/","title":{"rendered":"Raspored \u010dita\u010da od 23. 3. &#8211; 29. 3. 2026."},"content":{"rendered":"\n<p><strong>Ponedjeljak &#8211; 23. o\u017eujak 2026.<\/strong><\/p>\n\n\n\n<p>Misa u 7:00<\/p>\n\n\n\n<p>Nada Jerki\u0107<\/p>\n\n\n\n<p>Misa u 18:30<\/p>\n\n\n\n<ol class=\"wp-block-list\" data-block-type=\"core\">\n<li data-block-type=\"core\">\u010citanje, psalam &#8211; Margareta \u017dini\u0107 <\/li>\n\n\n\n<li data-block-type=\"core\">Molitve vjernika &#8211; vjernici<\/li>\n<\/ol>\n\n\n\n<p><strong>Utorak &#8211; 24. o\u017eujak 2026.<\/strong><\/p>\n\n\n\n<p>Misa u 7:00<\/p>\n\n\n\n<p>Dubravka Emer\u0161i\u0107<\/p>\n\n\n\n<p>Misa u 18:30<\/p>\n\n\n\n<ol class=\"wp-block-list\" data-block-type=\"core\">\n<li data-block-type=\"core\">\u010citanje &#8211; Katarina Kopri\u010danec<br>Psalam &#8211; Mirjana Ma\u0111eri\u0107 <\/li>\n\n\n\n<li data-block-type=\"core\">Molitva vjernika &#8211; Mirjana Ma\u0111eri\u0107<\/li>\n<\/ol>\n\n\n\n<p><strong>Srijeda &#8211; 25. o\u017eujak 2026. &#8211; Blagovijest<\/strong><\/p>\n\n\n\n<p>Misa u 7:00<\/p>\n\n\n\n<ol class=\"wp-block-list\" data-block-type=\"core\">\n<li data-block-type=\"core\">\u010citanje &#8211; Marija Maleti\u0107<br>Psalam &#8211; Marijela \u0160okec<\/li>\n\n\n\n<li data-block-type=\"core\">\u010citanje &#8211; Mirjana Su\u0161ilovi\u0107 <\/li>\n\n\n\n<li data-block-type=\"core\">Molitva vjernika &#8211; Marija Maleti\u0107<\/li>\n<\/ol>\n\n\n\n<p>Misa u 18:30<\/p>\n\n\n\n<ol class=\"wp-block-list\" data-block-type=\"core\">\n<li data-block-type=\"core\">\u010citanje &#8211; Vesna Buni\u0107<br>Psalam &#8211; pjeva se<\/li>\n\n\n\n<li data-block-type=\"core\">\u010citanje &#8211; Katarina Kopri\u010danec <\/li>\n\n\n\n<li data-block-type=\"core\">Molitva vjernika &#8211; Vesna Buni\u0107<\/li>\n<\/ol>\n\n\n\n<p><strong>\u010cetvrtak &#8211; 26. o\u017eujak 2026.<\/strong><\/p>\n\n\n\n<p>Misa u 7:00<\/p>\n\n\n\n<p>Lidija Kos<\/p>\n\n\n\n<p>Misa u 18:30<\/p>\n\n\n\n<ol class=\"wp-block-list\" data-block-type=\"core\">\n<li data-block-type=\"core\">\u010citanje &#8211; Nikolina Popija\u010d<br>Psalam &#8211; Verica Ujlaki <\/li>\n\n\n\n<li data-block-type=\"core\">Molitva vjernika &#8211; Verica Ujlaki<\/li>\n<\/ol>\n\n\n\n<p><strong>Petak &#8211; 27. o\u017eujak 2026.<\/strong><\/p>\n\n\n\n<p>Misa u 7:00<\/p>\n\n\n\n<p>Marija Dini\u0107<\/p>\n\n\n\n<p>Kri\u017eni put u 18:00 &#8211; Veliki zbor<\/p>\n\n\n\n<p>Misa u 18:30<\/p>\n\n\n\n<ol class=\"wp-block-list\" data-block-type=\"core\">\n<li data-block-type=\"core\">\u010citanje &#8211; Lidija Kos<br>Psalam &#8211; Margareta \u017dini\u0107 <\/li>\n\n\n\n<li data-block-type=\"core\">Molitva vjernika &#8211; Lidija Kos<\/li>\n<\/ol>\n\n\n\n<p><strong>Subota &#8211; 28. o\u017eujak 2026.<\/strong><\/p>\n\n\n\n<p>Misa u 7:00<\/p>\n\n\n\n<p>Marijela \u0160okec<\/p>\n\n\n\n<p>Misa 18:30<\/p>\n\n\n\n<ol class=\"wp-block-list\" data-block-type=\"core\">\n<li data-block-type=\"core\">\u010citanje, psalam &#8211; Branko Ore\u0161ki <\/li>\n\n\n\n<li data-block-type=\"core\">Molitve vjernika &#8211; vjernici<\/li>\n<\/ol>\n\n\n\n<p><strong>Nedjelja &#8211; 29. o\u017eujak 2026. &#8211; Cvjetnica<\/strong><\/p>\n\n\n\n<p>Misa u 7:00<\/p>\n\n\n\n<ol class=\"wp-block-list\" data-block-type=\"core\">\n<li data-block-type=\"core\">\u010citanje &#8211; Alen Lazar<br>Psalam &#8211; Margareta \u017dini\u0107<\/li>\n\n\n\n<li data-block-type=\"core\">\u010citanje &#8211; Nada Jerki\u0107<\/li>\n<\/ol>\n\n\n\n<p>Muka po Mateju:<br>Isus: p. Marijan<br>\u010cita\u010d: Marijela \u0160okec<br>Petar, Veliki sve\u0107enik, Pilat, satnik, Juda: Alen Lazar<br>Slu\u0161kinja: Pilatova \u017eena: Dubravka Emer\u0161i\u0107<br>Svi (\u017didovi, u\u010denici, vojnici): Alen Lazar, Dubravka Emer\u0161i\u0107<\/p>\n\n\n\n<p>Molitva vjernika &#8211; Nada Jerki\u0107<\/p>\n\n\n\n<p>Misa u 9:00<\/p>\n\n\n\n<ol class=\"wp-block-list\" data-block-type=\"core\">\n<li data-block-type=\"core\">\u010citanje &#8211; Nikola Terzi\u0107<br>Psalam &#8211; pjeva se<\/li>\n\n\n\n<li data-block-type=\"core\">\u010citanje &#8211; Mirjana Su\u0161ilovi\u0107<\/li>\n<\/ol>\n\n\n\n<p>Muka po Mateju:<br>Isus: p. Marijan<br>\u010cita\u010d: Mirjana Su\u0161ilovi\u0107<br>Petar, Veliki sve\u0107enik, Pilat, satnik, Juda: Filip \u0160okec<br>Slu\u0161kinja: Pilatova \u017eena: Renata Pintarec<br>Svi (\u017didovi, u\u010denici, vojnici): Filip \u0160okec, Renata Pintarec<\/p>\n\n\n\n<p>Molitva vjernika &#8211; Renata Pintarec<\/p>\n\n\n\n<p>Misa u 11:30<\/p>\n\n\n\n<ol class=\"wp-block-list\" data-block-type=\"core\">\n<li data-block-type=\"core\">\u010citanje &#8211; Nikolina Popija\u010d<br>Psalam &#8211; Vesna Buni\u0107 (ako se ne pjeva)<\/li>\n\n\n\n<li data-block-type=\"core\">\u010citanje &#8211; Katarina Kopri\u010dsnec<\/li>\n<\/ol>\n\n\n\n<p>Muka po Mateju:<br>Isus: p. Zoran<br>\u010cita\u010d: Vesna Buni\u0107<br>Petar, Veliki sve\u0107enik, Pilat, satnik, Juda: Ozren Koluder<br>Slu\u0161kinja: Pilatova \u017eena: Katarina Kopri\u010danec<br>Svi (\u017didovi, u\u010denici, vojnici): Katarina Kopri\u010danec, Ozren Koluder<\/p>\n\n\n\n<p>Molitva vjernika &#8211; krizmanici<\/p>\n\n\n\n<p>Kri\u017eni put po ulicama \u017eupe!<\/p>\n\n\n\n<p>Misa u 18:30<\/p>\n\n\n\n<ol class=\"wp-block-list\" data-block-type=\"core\">\n<li data-block-type=\"core\">\u010citanje &#8211; Verica Ujlaki<br>Psalam &#8211; Mirjana Ma\u0111eri\u0107<\/li>\n\n\n\n<li data-block-type=\"core\">\u010citanje &#8211; Ana Tot<\/li>\n<\/ol>\n\n\n\n<p>Muka po Mateju:<br>Isus: p. Zoran<br>\u010cita\u010d: Mirjana Ma\u0111eri\u0107<br>Petar, Veliki sve\u0107enik, Pilat, satnik, Juda: Viktor Su\u0161ilovi\u0107<br>Slu\u0161kinja: Pilatova \u017eena: Verica Ujlaki<br>Svi (\u017didovi, u\u010denici, vojnici): Verica Ujlaki, Viktor Su\u0161ilovi\u0107<\/p>\n\n\n\n<p>Molitva vjernika &#8211; Mirjana Ma\u0111eri\u0107<\/p>\n","protected":false},"excerpt":{"rendered":"<p>Ponedjeljak &#8211; 23. o\u017eujak 2026. Misa u 7:00 Nada Jerki\u0107 Misa u 18:30 Utorak &#8211; 24. o\u017eujak 2026. Misa u 7:00 Dubravka Emer\u0161i\u0107 Misa u 18:30 Srijeda &#8211; 25. o\u017eujak 2026. &#8211; Blagovijest Misa u 7:00 Misa u 18:30 \u010cetvrtak &#8211; 26. o\u017eujak 2026. Misa u 7:00 Lidija Kos Misa u 18:30 Petak &#8211; 27. [&hellip;]<\/p>\n","protected":false},"author":1,"featured_media":0,"comment_status":"closed","ping_status":"open","sticky":false,"template":"","format":"standard","meta":{"qubely_global_settings":"","qubely_interactions":"","footnotes":""},"categories":[247],"tags":[],"class_list":["post-17282","post","type-post","status-publish","format-standard","hentry","category-citaci"],"blocksy_meta":[],"qubely_featured_image_url":null,"qubely_author":{"display_name":"Branko","author_link":"https:\/\/www.ofm.hr\/koprivnica\/author\/admkp8\/"},"qubely_comment":0,"qubely_category":"<a href=\"https:\/\/www.ofm.hr\/koprivnica\/category\/citaci\/\" rel=\"category tag\">\u010cITA\u010cI<\/a>","qubely_excerpt":"Ponedjeljak &#8211; 23. o\u017eujak 2026. Misa u 7:00 Nada Jerki\u0107 Misa u 18:30 Utorak &#8211; 24. o\u017eujak 2026. Misa u 7:00 Dubravka Emer\u0161i\u0107 Misa u 18:30 Srijeda &#8211; 25. o\u017eujak 2026. &#8211; Blagovijest Misa u 7:00 Misa u 18:30 \u010cetvrtak &#8211; 26. o\u017eujak 2026. Misa u 7:00 Lidija Kos Misa u 18:30 Petak &#8211; 27.&hellip;","featured_image_urls_v2":{"full":"","thumbnail":"","medium":"","medium_large":"","large":"","1536x1536":"","2048x2048":"","qubely_landscape":"","qubely_portrait":"","qubely_thumbnail":""},"post_excerpt_stackable_v2":"<p>Ponedjeljak &#8211; 23. o\u017eujak 2026. Misa u 7:00 Nada Jerki\u0107 Misa u 18:30 \u010citanje, psalam &#8211; Margareta \u017dini\u0107 Molitve vjernika &#8211; vjernici Utorak &#8211; 24. o\u017eujak 2026. Misa u 7:00 Dubravka Emer\u0161i\u0107 Misa u 18:30 \u010citanje &#8211; Katarina Kopri\u010danecPsalam &#8211; Mirjana Ma\u0111eri\u0107 Molitva vjernika &#8211; Mirjana Ma\u0111eri\u0107 Srijeda &#8211; 25. o\u017eujak 2026. &#8211; Blagovijest Misa u 7:00 \u010citanje &#8211; Marija Maleti\u0107Psalam &#8211; Marijela \u0160okec \u010citanje &#8211; Mirjana Su\u0161ilovi\u0107 Molitva vjernika &#8211; Marija Maleti\u0107 Misa u 18:30 \u010citanje &#8211; Vesna Buni\u0107Psalam &#8211; pjeva se \u010citanje &#8211; Katarina Kopri\u010danec Molitva vjernika &#8211; Vesna Buni\u0107 \u010cetvrtak &#8211; 26. o\u017eujak 2026. Misa u 7:00&hellip;<\/p>\n","category_list_v2":"<a href=\"https:\/\/www.ofm.hr\/koprivnica\/category\/citaci\/\" rel=\"category tag\">\u010cITA\u010cI<\/a>","author_info_v2":{"name":"Branko","url":"https:\/\/www.ofm.hr\/koprivnica\/author\/admkp8\/"},"comments_num_v2":"0 comments","_links":{"self":[{"href":"https:\/\/www.ofm.hr\/koprivnica\/wp-json\/wp\/v2\/posts\/17282","targetHints":{"allow":["GET"]}}],"collection":[{"href":"https:\/\/www.ofm.hr\/koprivnica\/wp-json\/wp\/v2\/posts"}],"about":[{"href":"https:\/\/www.ofm.hr\/koprivnica\/wp-json\/wp\/v2\/types\/post"}],"author":[{"embeddable":true,"href":"https:\/\/www.ofm.hr\/koprivnica\/wp-json\/wp\/v2\/users\/1"}],"replies":[{"embeddable":true,"href":"https:\/\/www.ofm.hr\/koprivnica\/wp-json\/wp\/v2\/comments?post=17282"}],"version-history":[{"count":1,"href":"https:\/\/www.ofm.hr\/koprivnica\/wp-json\/wp\/v2\/posts\/17282\/revisions"}],"predecessor-version":[{"id":17283,"href":"https:\/\/www.ofm.hr\/koprivnica\/wp-json\/wp\/v2\/posts\/17282\/revisions\/17283"}],"wp:attachment":[{"href":"https:\/\/www.ofm.hr\/koprivnica\/wp-json\/wp\/v2\/media?parent=17282"}],"wp:term":[{"taxonomy":"category","embeddable":true,"href":"https:\/\/www.ofm.hr\/koprivnica\/wp-json\/wp\/v2\/categories?post=17282"},{"taxonomy":"post_tag","embeddable":true,"href":"https:\/\/www.ofm.hr\/koprivnica\/wp-json\/wp\/v2\/tags?post=17282"}],"curies":[{"name":"wp","href":"https:\/\/api.w.org\/{rel}","templated":true}]}}