{"id":17296,"date":"2026-03-29T13:23:10","date_gmt":"2026-03-29T11:23:10","guid":{"rendered":"https:\/\/www.ofm.hr\/koprivnica\/?p=17296"},"modified":"2026-03-29T13:23:12","modified_gmt":"2026-03-29T11:23:12","slug":"sto-oznacava-veliki-ili-sveti-tjedan","status":"publish","type":"post","link":"https:\/\/www.ofm.hr\/koprivnica\/sto-oznacava-veliki-ili-sveti-tjedan\/","title":{"rendered":"\u0160to ozna\u010dava Veliki ili Sveti tjedan?"},"content":{"rendered":"\n<p>Veliki tjedan naziva se i Tjednom muke te Svetim tjednom, a ozna\u010dava posljednje Kristove dane. Blagdanom Cvjetnice, Nedjelje Muke Gospodnje, zapo\u010deo je za katoli\u010dke vjernike Veliki tjedan, vrijeme kr\u0161\u0107anske ozbiljnosti, sabranosti i promi\u0161ljanja o svetosti vremena i doga\u0111anja u njemu. Veliki tjedan naziva se i Tjednom muke te Svetim tjednom, a<br>ozna\u010dava posljednje Kristove dane. U Velikom tjednu, naj\u010de\u0161\u0107e ujutro na Veliki \u010detvrtak, odr\u017eava se misa posvete<br>ulja na kojoj se blagoslivlja ulje za svetu potvrdu, bolesni\u010dko pomazanje i katekumene, uve\u010der na Veliki \u010detvrtak obilje\u017eava se sje\u0107anje na Posljednju ve\u010deru, a na Veliki petak nema sv. Mise, obilje\u017eava se samo sje\u0107anje na Isusovu muku i smrt na kri\u017eu, dok je Velika subota dan ti\u0161ine do Vazmenog bdijenja u subotu nave\u010der, koje je vrlo bogato obredima. U nedjelju, na Uskrs, slavi se Isusovo uskrsnu\u0107e i pobjeda nad grijehom i smrti.<br>izvor: http:\/\/hkm-koeln.de\/<\/p>\n","protected":false},"excerpt":{"rendered":"<p>Veliki tjedan naziva se i Tjednom muke te Svetim tjednom, a ozna\u010dava posljednje Kristove dane. Blagdanom Cvjetnice, Nedjelje Muke Gospodnje, zapo\u010deo je za katoli\u010dke vjernike Veliki tjedan, vrijeme kr\u0161\u0107anske ozbiljnosti, sabranosti i promi\u0161ljanja o svetosti vremena i doga\u0111anja u njemu. Veliki tjedan naziva se i Tjednom muke te Svetim tjednom, aozna\u010dava posljednje Kristove dane. U [&hellip;]<\/p>\n","protected":false},"author":1,"featured_media":0,"comment_status":"closed","ping_status":"open","sticky":false,"template":"","format":"standard","meta":{"qubely_global_settings":"","qubely_interactions":"","footnotes":""},"categories":[154],"tags":[],"class_list":["post-17296","post","type-post","status-publish","format-standard","hentry","category-naslovna"],"blocksy_meta":[],"qubely_featured_image_url":null,"qubely_author":{"display_name":"Branko","author_link":"https:\/\/www.ofm.hr\/koprivnica\/author\/admkp8\/"},"qubely_comment":0,"qubely_category":"<a href=\"https:\/\/www.ofm.hr\/koprivnica\/category\/naslovna\/\" rel=\"category tag\">NASLOVNA<\/a>","qubely_excerpt":"Veliki tjedan naziva se i Tjednom muke te Svetim tjednom, a ozna\u010dava posljednje Kristove dane. Blagdanom Cvjetnice, Nedjelje Muke Gospodnje, zapo\u010deo je za katoli\u010dke vjernike Veliki tjedan, vrijeme kr\u0161\u0107anske ozbiljnosti, sabranosti i promi\u0161ljanja o svetosti vremena i doga\u0111anja u njemu. Veliki tjedan naziva se i Tjednom muke te Svetim tjednom, aozna\u010dava posljednje Kristove dane. U&hellip;","featured_image_urls_v2":{"full":"","thumbnail":"","medium":"","medium_large":"","large":"","1536x1536":"","2048x2048":"","qubely_landscape":"","qubely_portrait":"","qubely_thumbnail":""},"post_excerpt_stackable_v2":"<p>Veliki tjedan naziva se i Tjednom muke te Svetim tjednom, a ozna\u010dava posljednje Kristove dane. Blagdanom Cvjetnice, Nedjelje Muke Gospodnje, zapo\u010deo je za katoli\u010dke vjernike Veliki tjedan, vrijeme kr\u0161\u0107anske ozbiljnosti, sabranosti i promi\u0161ljanja o svetosti vremena i doga\u0111anja u njemu. Veliki tjedan naziva se i Tjednom muke te Svetim tjednom, aozna\u010dava posljednje Kristove dane. U Velikom tjednu, naj\u010de\u0161\u0107e ujutro na Veliki \u010detvrtak, odr\u017eava se misa posveteulja na kojoj se blagoslivlja ulje za svetu potvrdu, bolesni\u010dko pomazanje i katekumene, uve\u010der na Veliki \u010detvrtak obilje\u017eava se sje\u0107anje na Posljednju ve\u010deru, a na Veliki petak nema sv. Mise, obilje\u017eava se samo sje\u0107anje na&hellip;<\/p>\n","category_list_v2":"<a href=\"https:\/\/www.ofm.hr\/koprivnica\/category\/naslovna\/\" rel=\"category tag\">NASLOVNA<\/a>","author_info_v2":{"name":"Branko","url":"https:\/\/www.ofm.hr\/koprivnica\/author\/admkp8\/"},"comments_num_v2":"0 comments","_links":{"self":[{"href":"https:\/\/www.ofm.hr\/koprivnica\/wp-json\/wp\/v2\/posts\/17296","targetHints":{"allow":["GET"]}}],"collection":[{"href":"https:\/\/www.ofm.hr\/koprivnica\/wp-json\/wp\/v2\/posts"}],"about":[{"href":"https:\/\/www.ofm.hr\/koprivnica\/wp-json\/wp\/v2\/types\/post"}],"author":[{"embeddable":true,"href":"https:\/\/www.ofm.hr\/koprivnica\/wp-json\/wp\/v2\/users\/1"}],"replies":[{"embeddable":true,"href":"https:\/\/www.ofm.hr\/koprivnica\/wp-json\/wp\/v2\/comments?post=17296"}],"version-history":[{"count":1,"href":"https:\/\/www.ofm.hr\/koprivnica\/wp-json\/wp\/v2\/posts\/17296\/revisions"}],"predecessor-version":[{"id":17297,"href":"https:\/\/www.ofm.hr\/koprivnica\/wp-json\/wp\/v2\/posts\/17296\/revisions\/17297"}],"wp:attachment":[{"href":"https:\/\/www.ofm.hr\/koprivnica\/wp-json\/wp\/v2\/media?parent=17296"}],"wp:term":[{"taxonomy":"category","embeddable":true,"href":"https:\/\/www.ofm.hr\/koprivnica\/wp-json\/wp\/v2\/categories?post=17296"},{"taxonomy":"post_tag","embeddable":true,"href":"https:\/\/www.ofm.hr\/koprivnica\/wp-json\/wp\/v2\/tags?post=17296"}],"curies":[{"name":"wp","href":"https:\/\/api.w.org\/{rel}","templated":true}]}}