{"id":17312,"date":"2026-04-05T19:32:29","date_gmt":"2026-04-05T17:32:29","guid":{"rendered":"https:\/\/www.ofm.hr\/koprivnica\/?p=17312"},"modified":"2026-04-05T19:32:32","modified_gmt":"2026-04-05T17:32:32","slug":"raspored-citaca-od-6-4-12-4-2026","status":"publish","type":"post","link":"https:\/\/www.ofm.hr\/koprivnica\/raspored-citaca-od-6-4-12-4-2026\/","title":{"rendered":"Raspored \u010dita\u010da od 6. 4. &#8211; 12. 4. 2026."},"content":{"rendered":"\n<p><strong>Ponedjeljak &#8211; 06. travanj 2026.<\/strong><\/p>\n\n\n\n<p>Misa u 7:00<\/p>\n\n\n\n<ol class=\"wp-block-list\" data-block-type=\"core\">\n<li data-block-type=\"core\">\u010citanje &#8211; Lidija Kos<br>Psalam &#8211; Marijela \u0160okec <\/li>\n\n\n\n<li data-block-type=\"core\">Molitve vjernika &#8211; Marijela \u0160okec<\/li>\n<\/ol>\n\n\n\n<p>Misa u 18:30<\/p>\n\n\n\n<ol class=\"wp-block-list\" data-block-type=\"core\">\n<li data-block-type=\"core\">\u010citanje &#8211; Margareta \u017dini\u0107<br>Psalam &#8211; Verica Ujlaki <\/li>\n\n\n\n<li data-block-type=\"core\">Molitve vjernika &#8211; Verica Ujlaki<\/li>\n<\/ol>\n\n\n\n<p><strong>Utorak &#8211; 07. travanj 2026.<\/strong><\/p>\n\n\n\n<p>Misa u 7:00<\/p>\n\n\n\n<p>Dubravka Emer\u0161i\u0107<\/p>\n\n\n\n<p>Misa u 18:30<\/p>\n\n\n\n<ol class=\"wp-block-list\" data-block-type=\"core\">\n<li data-block-type=\"core\">\u010citanje &#8211; Vesna Vincekovi\u0107<br>Psalam &#8211; Mirjana Ma\u0111eri\u0107 <\/li>\n\n\n\n<li data-block-type=\"core\">Molitva vjernika &#8211; Mirjana Ma\u0111eri\u0107<\/li>\n<\/ol>\n\n\n\n<p><strong>Srijeda &#8211; 08. travanj 2026.<\/strong><\/p>\n\n\n\n<p>Misa u 7:00<\/p>\n\n\n\n<p>Marija Maleti\u0107<\/p>\n\n\n\n<p>Misa u 18:30<\/p>\n\n\n\n<ol class=\"wp-block-list\" data-block-type=\"core\">\n<li data-block-type=\"core\">\u010citanje, psalam &#8211; Mirjana Su\u0161ilovi\u0107 <\/li>\n\n\n\n<li data-block-type=\"core\">Molitva vjernika &#8211; vjernici<\/li>\n<\/ol>\n\n\n\n<p><strong>\u010cetvrtak &#8211; 09. travanj 2026.<\/strong><\/p>\n\n\n\n<p>Misa u 7:00<\/p>\n\n\n\n<p>Nada Jerki\u0107<\/p>\n\n\n\n<p>Misa u 18:30<\/p>\n\n\n\n<ol class=\"wp-block-list\" data-block-type=\"core\">\n<li data-block-type=\"core\">\u010citanje, psalam &#8211; Nikolina Popija\u010d <\/li>\n\n\n\n<li data-block-type=\"core\">Molitva vjernika &#8211; vjernici<\/li>\n<\/ol>\n\n\n\n<p><strong>Petak &#8211; 10. travanj 2026.<\/strong><\/p>\n\n\n\n<p>Misa u 7:00<\/p>\n\n\n\n<p>Marija Ku\u0161er<\/p>\n\n\n\n<p>Misa u 18:30<\/p>\n\n\n\n<ol class=\"wp-block-list\" data-block-type=\"core\">\n<li data-block-type=\"core\">\u010citanje, psalam &#8211; Vesna Buni\u0107 <\/li>\n\n\n\n<li data-block-type=\"core\">Molitva vjernika &#8211; vjernici<\/li>\n<\/ol>\n\n\n\n<p><strong>Subota &#8211; 11. travanj 2026.<\/strong><\/p>\n\n\n\n<p>Misa u 7:00<\/p>\n\n\n\n<p>Marijela \u0160okec<\/p>\n\n\n\n<p>Misa 18:30<\/p>\n\n\n\n<ol class=\"wp-block-list\" data-block-type=\"core\">\n<li data-block-type=\"core\">\u010citanje, psalam &#8211; Matilda Samard\u017ei\u0107 <\/li>\n\n\n\n<li data-block-type=\"core\">Molitve vjernika &#8211; vjernici<\/li>\n<\/ol>\n\n\n\n<p><strong>Nedjelja &#8211; 12. travanj 2026.<\/strong><\/p>\n\n\n\n<p>Misa u 7:00<\/p>\n\n\n\n<ol class=\"wp-block-list\" data-block-type=\"core\">\n<li data-block-type=\"core\">\u010citanje &#8211; Nada Jerki\u0107<br>Psalam &#8211; Marijela \u0160okec<\/li>\n\n\n\n<li data-block-type=\"core\">\u010citanje &#8211; Alen Lazar <\/li>\n\n\n\n<li data-block-type=\"core\">Molitva vjernika &#8211; Dubravka Emer\u0161i\u0107<\/li>\n<\/ol>\n\n\n\n<p>Misa u 9:30<\/p>\n\n\n\n<ol class=\"wp-block-list\" data-block-type=\"core\">\n<li data-block-type=\"core\">\u010citanje &#8211; Renata Pintarec<br>Psalam &#8211; pjeva se<\/li>\n\n\n\n<li data-block-type=\"core\">\u010citanje &#8211; Mirjana Su\u0161ilovi\u0107 <\/li>\n\n\n\n<li data-block-type=\"core\">Molitva vjernika &#8211; Filip \u0160okec<\/li>\n<\/ol>\n\n\n\n<p>Misa u 11:30<\/p>\n\n\n\n<ol class=\"wp-block-list\" data-block-type=\"core\">\n<li data-block-type=\"core\">\u010citanje &#8211; Nikolina Popija\u010d<br>Psalam &#8211; Vesna Buni\u0107 (ako se ne pjeva)<\/li>\n\n\n\n<li data-block-type=\"core\">\u010citanje &#8211; Marija Maleti\u0107 <\/li>\n\n\n\n<li data-block-type=\"core\">Molitva vjernika &#8211; krizmanici<\/li>\n<\/ol>\n\n\n\n<p>Misa u 18:30<\/p>\n\n\n\n<ol class=\"wp-block-list\" data-block-type=\"core\">\n<li data-block-type=\"core\">\u010citanje &#8211; Mirjana Ma\u0111eri\u0107<br>Psalam &#8211; Katarina Kopri\u010danec<\/li>\n\n\n\n<li data-block-type=\"core\">\u010citanje &#8211; Verica Ujlaki <\/li>\n\n\n\n<li data-block-type=\"core\">Molitva vjernika &#8211; Katarina Kopri\u010danec<\/li>\n<\/ol>\n","protected":false},"excerpt":{"rendered":"<p>Ponedjeljak &#8211; 06. travanj 2026. Misa u 7:00 Misa u 18:30 Utorak &#8211; 07. travanj 2026. Misa u 7:00 Dubravka Emer\u0161i\u0107 Misa u 18:30 Srijeda &#8211; 08. travanj 2026. Misa u 7:00 Marija Maleti\u0107 Misa u 18:30 \u010cetvrtak &#8211; 09. travanj 2026. Misa u 7:00 Nada Jerki\u0107 Misa u 18:30 Petak &#8211; 10. travanj 2026. [&hellip;]<\/p>\n","protected":false},"author":1,"featured_media":0,"comment_status":"closed","ping_status":"open","sticky":false,"template":"","format":"standard","meta":{"qubely_global_settings":"","qubely_interactions":"","footnotes":""},"categories":[247],"tags":[],"class_list":["post-17312","post","type-post","status-publish","format-standard","hentry","category-citaci"],"blocksy_meta":[],"qubely_featured_image_url":null,"qubely_author":{"display_name":"Branko","author_link":"https:\/\/www.ofm.hr\/koprivnica\/author\/admkp8\/"},"qubely_comment":0,"qubely_category":"<a href=\"https:\/\/www.ofm.hr\/koprivnica\/category\/citaci\/\" rel=\"category tag\">\u010cITA\u010cI<\/a>","qubely_excerpt":"Ponedjeljak &#8211; 06. travanj 2026. Misa u 7:00 Misa u 18:30 Utorak &#8211; 07. travanj 2026. Misa u 7:00 Dubravka Emer\u0161i\u0107 Misa u 18:30 Srijeda &#8211; 08. travanj 2026. Misa u 7:00 Marija Maleti\u0107 Misa u 18:30 \u010cetvrtak &#8211; 09. travanj 2026. Misa u 7:00 Nada Jerki\u0107 Misa u 18:30 Petak &#8211; 10. travanj 2026.&hellip;","featured_image_urls_v2":{"full":"","thumbnail":"","medium":"","medium_large":"","large":"","1536x1536":"","2048x2048":"","qubely_landscape":"","qubely_portrait":"","qubely_thumbnail":""},"post_excerpt_stackable_v2":"<p>Ponedjeljak &#8211; 06. travanj 2026. Misa u 7:00 \u010citanje &#8211; Lidija KosPsalam &#8211; Marijela \u0160okec Molitve vjernika &#8211; Marijela \u0160okec Misa u 18:30 \u010citanje &#8211; Margareta \u017dini\u0107Psalam &#8211; Verica Ujlaki Molitve vjernika &#8211; Verica Ujlaki Utorak &#8211; 07. travanj 2026. Misa u 7:00 Dubravka Emer\u0161i\u0107 Misa u 18:30 \u010citanje &#8211; Vesna Vincekovi\u0107Psalam &#8211; Mirjana Ma\u0111eri\u0107 Molitva vjernika &#8211; Mirjana Ma\u0111eri\u0107 Srijeda &#8211; 08. travanj 2026. Misa u 7:00 Marija Maleti\u0107 Misa u 18:30 \u010citanje, psalam &#8211; Mirjana Su\u0161ilovi\u0107 Molitva vjernika &#8211; vjernici \u010cetvrtak &#8211; 09. travanj 2026. Misa u 7:00 Nada Jerki\u0107 Misa u 18:30 \u010citanje, psalam &#8211; Nikolina Popija\u010d&hellip;<\/p>\n","category_list_v2":"<a href=\"https:\/\/www.ofm.hr\/koprivnica\/category\/citaci\/\" rel=\"category tag\">\u010cITA\u010cI<\/a>","author_info_v2":{"name":"Branko","url":"https:\/\/www.ofm.hr\/koprivnica\/author\/admkp8\/"},"comments_num_v2":"0 comments","_links":{"self":[{"href":"https:\/\/www.ofm.hr\/koprivnica\/wp-json\/wp\/v2\/posts\/17312","targetHints":{"allow":["GET"]}}],"collection":[{"href":"https:\/\/www.ofm.hr\/koprivnica\/wp-json\/wp\/v2\/posts"}],"about":[{"href":"https:\/\/www.ofm.hr\/koprivnica\/wp-json\/wp\/v2\/types\/post"}],"author":[{"embeddable":true,"href":"https:\/\/www.ofm.hr\/koprivnica\/wp-json\/wp\/v2\/users\/1"}],"replies":[{"embeddable":true,"href":"https:\/\/www.ofm.hr\/koprivnica\/wp-json\/wp\/v2\/comments?post=17312"}],"version-history":[{"count":1,"href":"https:\/\/www.ofm.hr\/koprivnica\/wp-json\/wp\/v2\/posts\/17312\/revisions"}],"predecessor-version":[{"id":17313,"href":"https:\/\/www.ofm.hr\/koprivnica\/wp-json\/wp\/v2\/posts\/17312\/revisions\/17313"}],"wp:attachment":[{"href":"https:\/\/www.ofm.hr\/koprivnica\/wp-json\/wp\/v2\/media?parent=17312"}],"wp:term":[{"taxonomy":"category","embeddable":true,"href":"https:\/\/www.ofm.hr\/koprivnica\/wp-json\/wp\/v2\/categories?post=17312"},{"taxonomy":"post_tag","embeddable":true,"href":"https:\/\/www.ofm.hr\/koprivnica\/wp-json\/wp\/v2\/tags?post=17312"}],"curies":[{"name":"wp","href":"https:\/\/api.w.org\/{rel}","templated":true}]}}