{"id":17332,"date":"2026-04-19T14:25:20","date_gmt":"2026-04-19T12:25:20","guid":{"rendered":"https:\/\/www.ofm.hr\/koprivnica\/?p=17332"},"modified":"2026-04-19T14:25:21","modified_gmt":"2026-04-19T12:25:21","slug":"zupni-listic-br-15-treca-vazmena-nedjelja-godina-a","status":"publish","type":"post","link":"https:\/\/www.ofm.hr\/koprivnica\/zupni-listic-br-15-treca-vazmena-nedjelja-godina-a\/","title":{"rendered":"\u017dupni listi\u0107 br. 15 &#8211; Tre\u0107a vazmena nedjelja- godina A"},"content":{"rendered":"\n<h3 class=\"wp-block-heading has-text-align-center\" data-block-type=\"core\">EMAUS SVATKO TREBA PRO\u0106I<\/h3>\n\n\n\n<p><strong>Evan\u0111elje\u2003Lk 24,13-35<\/strong><\/p>\n\n\n\n<p>\u010citanje svetog Evan\u0111elja po Luki<\/p>\n\n\n\n<p>Onog istog dana \u2013 prvog u tjednu \u2013 dvojica Isusovih u\u010denika putovala su u selo koje se zove Emaus, udaljeno od Jeruzalema \u0161ezdeset stadija. Razgovarahu me\u0111usobno o svemu \u0161to se dogodilo. I dok su tako razgovarali i raspravljali, pribli\u017ei im se Isus i po\u0111e s njima. Ali prepoznati ga \u2013 bija\u0161e uskra\u0107eno njihovim o\u010dima. On ih upita: \u00bb\u0160to to putem pretresate me\u0111u sobom?\u00ab Oni se snu\u017edeni zaustave te mu jedan od njih, imenom Kleofa, odgovori: \u00bbZar si ti jedini stranac u Jeruzalemu te ne zna\u0161 \u0161to se u njemu dogodilo ovih dana?\u00ab A on \u0107e: \u00bb\u0160to to?\u00ab Odgovore mu: \u00bbPa ono s Isusom Nazare\u0107aninom, koji bija\u0161e prorok \u2013 silan na djelu i na rije\u010di pred Bogom i&nbsp;svim narodom: kako su ga glavari sve\u0107eni\u010dki i&nbsp;vije\u0107nici na\u0161i predali da bude osu\u0111en na smrt te ga razapeli. A mi se nadasmo da je on onaj koji ima otkupiti Izraela. Ali osim svega toga ovo je ve\u0107 tre\u0107i dan \u0161to se to dogodilo. A zbuni\u0161e nas i \u017eene neke od na\u0161ih: u praskozorje bijahu na grobu, ali nisu na\u0161le njegova tijela pa do\u0111o\u0161e te reko\u0161e da su im se ukazali an\u0111eli koji su rekli da je on \u017eiv. Odo\u0161e nato i neki na\u0161i na grob i na\u0111o\u0161e kako \u017eene reko\u0161e, ali njega ne vidje\u0161e.\u00ab A on \u0107e im: \u00bbO bezumni i srca spora da vjerujete \u0161to god su proroci navijestili! Nije li trebalo da Krist sve to pretrpi te u\u0111e u svoju slavu?\u00ab Po\u010dev\u0161i tada od Mojsija i svih proroka, protuma\u010di im \u0161to u svim Pismima ima o njemu. Uto se pribli\u017ee selu kamo su i\u0161li, a on kao da htjede dalje. No oni navaljivahu: \u00bbOstani s nama jer zamalo \u0107e ve\u010der i dan je na izmaku!\u00ab I uni\u0111e da ostane s njima. Dok bija\u0161e s njima za stolom, uze kruh, izre\u010de blagoslov, razlomi te im dava\u0161e. Uto im se otvore o\u010di te ga prepozna\u0161e, a on im i\u0161\u010deznu s o\u010diju. Tada reko\u0161e jedan drugome: \u00bbNije li gorjelo srce u nama dok nam je putem govorio, dok nam je otkrivao Pisma?\u00ab U isti se \u010das digo\u0161e i vrati\u0161e u Jeruzalem. Na\u0111o\u0161e okupljenu jedanaestoricu i one koji bijahu s njima. Oni im reko\u0161e: \u00bbDoista uskrsnu Gospodin i ukaza se \u0160imunu!\u00ab Nato oni pripovjede ono s&nbsp;puta i kako ga prepozna\u0161e u lomljenju kruha.<\/p>\n\n\n\n<p>Rije\u010d Gospodnja.<\/p>\n\n\n\n<p class=\"has-text-align-center\"><em><strong>Ostala \u010ditanja: Dj 2,14.22-33; 1 Pt 1,17-21;\u00a0<\/strong><\/em><\/p>\n\n\n\n<p>U prvom \u010ditanju na tre\u0107u uskrsnu nedjelju \u010dujemo strastveni govor svetog Petra u kojemu svjedo\u010di o uskrsnu\u0107u Isusa iz Nazareta. Isusovo uskrsnu\u0107e je neoborivi temelj na\u0161e kr\u0161\u0107anske vjere.<\/p>\n\n\n\n<p>U drugom \u010ditanju tako\u0111er nam sveti Petar govori: izla\u017ee da putem Isusa Krista imamo vjeru i nadu. To je radosna stvarnost na\u0161e kr\u0161\u0107anske vjere.<\/p>\n\n\n\n<p>U evan\u0111elju sveti Luka opisuje susret dvojice u\u010denika iz Emausa s uskrslim Isusom. Doga\u0111aj je i sam po sebi pjesni\u010dki lijep i teolo\u0161ki bogat, ali povrh ljepote i bogatstva, ovaj doga\u0111aj ima vi\u0161e va\u017enih poruka koje se ti\u010du svih nas.<\/p>\n\n\n\n<p><strong>Prva poruka doga\u0111aja iz Emausa<\/strong> je da <em>svaki vjernik ima poslanje. <\/em>Mi nismo Kristovi \u00bbdobrovoljci\u00ab, ve\u0107 izabrani u\u010denici. Na zanimljiv na\u010din, Isus nikoga nije prihvatio kao svog u\u010denika od onih koji su mu se sami javili. Dvanaestoricu je tako\u0111er odgajao sa znala\u010dkom pedagogijom dok nisu stigli na ovu razinu do takve svijesti o pozivu, odnosno da shvate da nisu oni izabrali Isusa, ve\u0107 obratno, Isus je izabrao njih, i taj izbor uklju\u010duje poslanje. Vrijedi promotriti da svaki onaj koji se susreo s uskrslim Isusom dobio je poslanje: \u00bbIdi do moje bra\u0107e i reci im to i to!\u00ab \u2014 to je bilo poslanje Marije Magdalene. Posljednje rije\u010di Isusa u \u010dasu uza\u0161a\u0161\u0107a u nebo bile su rije\u010di poslanja namijenjene apostolima: \u00bbIdite po cijelom svijetu, propovijedajte Evan\u0111elje&#8230;!\u00ab Susret dvojice u\u010denika iz Emausa s Isusom tako\u0111er je zavr\u0161io s poslanjem, barem su oni to tako osje\u0107ali kao unutarnji poriv: \u010dim je ispred njihovih o\u010diju nestao zagonetni stranac, u kojemu su prepoznali uskrslog Isusa, smjesta su pojurili natrag u Jeruzalem k ostalima da ih obavijeste o velikoj novosti: Isus je \u017eiv, i oni su se susreli s njime.<\/p>\n\n\n\n<p><strong>Druga poruka doga\u0111aja iz Emausa<\/strong> je da susretom sa uskrslim Isusom zapo\u010dinje jedan proces obra\u0107enja, \u0161to ga svatko treba pro\u0107i. Mogli bismo to formulirati i ovako: <em>svatko treba pro\u0107i Emaus!<\/em><\/p>\n\n\n\n<p>\u00bb\u0160to je to za \u0161to danas jo\u0161 vrijedi \u017eivjeti?\u00ab \u2014 \u010dujemo nerijetko uzdah pomirenih s monotonijom \u017eivota. \u010covjek ima tako malu mogu\u0107nost da slobodno odlu\u010duje o svom \u017eivotu: u \u0161koli u\u010dimo ono \u0161to nastavni plan propi\u0161e, radimo na radnom mjestu koje uspijemo dobiti, a ne koje bismo prema \u017eelji odabrali. Osje\u0107amo se kao ona dva u\u010denika iz Emausa koji su o\u010dekivali ne\u0161to drugo, a ne kri\u017e koji su se drugom nadali od onog \u0161to je uslijedilo, zato su smatrali boljim okrenuti le\u0111a svojoj pro\u0161losti.<\/p>\n\n\n\n<p>Ali putem se ne\u0161to dogodilo. Pridru\u017eio im se Isus. Propitkivao ih je i obja\u0161njavao im. \u0160to li im je Isus obja\u0161njavao? Ne\u0161to, \u0161to ih je potpuno oslobodilo, kada su shvatili o \u010demu je zapravo rije\u010d. \u0160to je to iskustvo iz Emausa, koje je u stanju postaviti iznenada u drugo svjetlo jedan ljudski \u017eivot? Odgovor je u osnovi jednostavan. Isus im je objasnio da Bog ima plan sa svijetom. Ovaj plan u cijelosti poznaje samo on. Stoga se mo\u017ee dogoditi da ono \u0161to mi vidimo ne izgleda svrsishodno, razumno, a ono \u0161to se s nama doga\u0111a kao da se ne uklapa u ovaj Bo\u017eji plan. Ali uklapa! U Bo\u017ejem planu svaka na\u0161a radost ili tuga ima svoje mjesto, kao \u0161to je u Bo\u017eji plan bilo uklju\u010deno i to da Krist pati. Kada su u\u010denici iz Emausa to razumjeli, tada im je srce zaigralo jer su tada ve\u0107 znali da u tom planu i oni imaju jedinstveno mjesto, osobnu ulogu. Vra\u0107ali su se nazad oslobo\u0111eni, da to ispri\u010daju i drugima, svima koji jo\u0161 nisu do\u017eivjeli Emaus, koji jo\u0161 nisu shvatili da Bog ljubi svakoga pojedina\u010dno.<\/p>\n\n\n\n<p>Jedna od najve\u0107ih novosti kr\u0161\u0107anstva je upravo spoznaja da se u svijetu ostvaruje Bo\u017eji plan, \u010dak i onda kada stvarnost to naizgled ne potvr\u0111uje. To ni jedna druga filozofija ili svjetovni nazor nije se usudio ustvrditi. Isus Krist se, me\u0111utim, usudio, jer je znao, i svojim je \u017eivotom, smr\u0107u i uskrsnu\u0107em jam\u010dio da je to istina.<\/p>\n\n\n<a href=\"https:\/\/www.ofm.hr\/koprivnica\/wp-content\/uploads\/2026\/04\/listicXIX_15.pdf\" class=\"pdfemb-viewer\" style=\"\" data-width=\"max\" data-height=\"max\" data-toolbar=\"bottom\" data-toolbar-fixed=\"off\">listicXIX_15<\/a>","protected":false},"excerpt":{"rendered":"<p>EMAUS SVATKO TREBA PRO\u0106I Evan\u0111elje\u2003Lk 24,13-35 \u010citanje svetog Evan\u0111elja po Luki Onog istog dana \u2013 prvog u tjednu \u2013 dvojica Isusovih u\u010denika putovala su u selo koje se zove Emaus, udaljeno od Jeruzalema \u0161ezdeset stadija. Razgovarahu me\u0111usobno o svemu \u0161to se dogodilo. I dok su tako razgovarali i raspravljali, pribli\u017ei im se Isus i po\u0111e [&hellip;]<\/p>\n","protected":false},"author":1,"featured_media":0,"comment_status":"closed","ping_status":"open","sticky":false,"template":"","format":"standard","meta":{"qubely_global_settings":"","qubely_interactions":"","footnotes":""},"categories":[43],"tags":[],"class_list":["post-17332","post","type-post","status-publish","format-standard","hentry","category-zupni-listic"],"blocksy_meta":[],"qubely_featured_image_url":null,"qubely_author":{"display_name":"Branko","author_link":"https:\/\/www.ofm.hr\/koprivnica\/author\/admkp8\/"},"qubely_comment":0,"qubely_category":"<a href=\"https:\/\/www.ofm.hr\/koprivnica\/category\/zupni-listic\/\" rel=\"category tag\">\u017dUPNI LISTI\u0106<\/a>","qubely_excerpt":"EMAUS SVATKO TREBA PRO\u0106I Evan\u0111elje\u2003Lk 24,13-35 \u010citanje svetog Evan\u0111elja po Luki Onog istog dana \u2013 prvog u tjednu \u2013 dvojica Isusovih u\u010denika putovala su u selo koje se zove Emaus, udaljeno od Jeruzalema \u0161ezdeset stadija. Razgovarahu me\u0111usobno o svemu \u0161to se dogodilo. I dok su tako razgovarali i raspravljali, pribli\u017ei im se Isus i po\u0111e&hellip;","featured_image_urls_v2":{"full":"","thumbnail":"","medium":"","medium_large":"","large":"","1536x1536":"","2048x2048":"","qubely_landscape":"","qubely_portrait":"","qubely_thumbnail":""},"post_excerpt_stackable_v2":"<p>EMAUS SVATKO TREBA PRO\u0106I Evan\u0111elje\u2003Lk 24,13-35 \u010citanje svetog Evan\u0111elja po Luki Onog istog dana \u2013 prvog u tjednu \u2013 dvojica Isusovih u\u010denika putovala su u selo koje se zove Emaus, udaljeno od Jeruzalema \u0161ezdeset stadija. Razgovarahu me\u0111usobno o svemu \u0161to se dogodilo. I dok su tako razgovarali i raspravljali, pribli\u017ei im se Isus i po\u0111e s njima. Ali prepoznati ga \u2013 bija\u0161e uskra\u0107eno njihovim o\u010dima. On ih upita: \u00bb\u0160to to putem pretresate me\u0111u sobom?\u00ab Oni se snu\u017edeni zaustave te mu jedan od njih, imenom Kleofa, odgovori: \u00bbZar si ti jedini stranac u Jeruzalemu te ne zna\u0161 \u0161to se u njemu&hellip;<\/p>\n","category_list_v2":"<a href=\"https:\/\/www.ofm.hr\/koprivnica\/category\/zupni-listic\/\" rel=\"category tag\">\u017dUPNI LISTI\u0106<\/a>","author_info_v2":{"name":"Branko","url":"https:\/\/www.ofm.hr\/koprivnica\/author\/admkp8\/"},"comments_num_v2":"0 comments","_links":{"self":[{"href":"https:\/\/www.ofm.hr\/koprivnica\/wp-json\/wp\/v2\/posts\/17332","targetHints":{"allow":["GET"]}}],"collection":[{"href":"https:\/\/www.ofm.hr\/koprivnica\/wp-json\/wp\/v2\/posts"}],"about":[{"href":"https:\/\/www.ofm.hr\/koprivnica\/wp-json\/wp\/v2\/types\/post"}],"author":[{"embeddable":true,"href":"https:\/\/www.ofm.hr\/koprivnica\/wp-json\/wp\/v2\/users\/1"}],"replies":[{"embeddable":true,"href":"https:\/\/www.ofm.hr\/koprivnica\/wp-json\/wp\/v2\/comments?post=17332"}],"version-history":[{"count":1,"href":"https:\/\/www.ofm.hr\/koprivnica\/wp-json\/wp\/v2\/posts\/17332\/revisions"}],"predecessor-version":[{"id":17334,"href":"https:\/\/www.ofm.hr\/koprivnica\/wp-json\/wp\/v2\/posts\/17332\/revisions\/17334"}],"wp:attachment":[{"href":"https:\/\/www.ofm.hr\/koprivnica\/wp-json\/wp\/v2\/media?parent=17332"}],"wp:term":[{"taxonomy":"category","embeddable":true,"href":"https:\/\/www.ofm.hr\/koprivnica\/wp-json\/wp\/v2\/categories?post=17332"},{"taxonomy":"post_tag","embeddable":true,"href":"https:\/\/www.ofm.hr\/koprivnica\/wp-json\/wp\/v2\/tags?post=17332"}],"curies":[{"name":"wp","href":"https:\/\/api.w.org\/{rel}","templated":true}]}}