{"id":17335,"date":"2026-04-19T14:26:35","date_gmt":"2026-04-19T12:26:35","guid":{"rendered":"https:\/\/www.ofm.hr\/koprivnica\/?p=17335"},"modified":"2026-04-19T14:26:36","modified_gmt":"2026-04-19T12:26:36","slug":"kratko-izvjesce-sa-skupstine-fsr-a-7-4-2026","status":"publish","type":"post","link":"https:\/\/www.ofm.hr\/koprivnica\/kratko-izvjesce-sa-skupstine-fsr-a-7-4-2026\/","title":{"rendered":"Kratko izvje\u0161\u0107e sa Skup\u0161tine FSR-a 7.4.2026."},"content":{"rendered":"\n<p>Skup\u0161tini je prisustvovalo 26 bra\u0107e i sestara, te na\u0161 duhovnik fra Zoran Bibi\u0107, a molitvom smo krenuli u zajedni\u010dko dru\u017eenje. Nastavili smo prikupljati doprinos za vi\u0161e razine za 2026.<\/p>\n\n\n\n<p><strong>Podijeljeni su informativni listi\u0107i za slijede\u0107e razdoblje<\/strong>: 8.4.- FRAMA\/OFS animira klanjanje nakon ve\u010dernje Mise; 12.4.-FRAMA koncert nakon ve\u010dernje Mise (gosti frama\u0161i iz drugih bratstava); 14.4.- neformalni susret&nbsp; Lectio divina; 21.4.- neformalni susret&nbsp; Lectio divina <strong>Najave<\/strong>: 9.5.-Podru\u010dno hodo\u010da\u0161\u0107e na Trsat; 10.5.-Obe\u0107anja FRAMA; 2.-5.7.-Duhovne vje\u017ebe Tabor (cijena 150Eur)<\/p>\n\n\n\n<p><strong>Fra Zoran je odr\u017eao predavanje sa temom: LITURGIJA \u010cASOVA<\/strong><\/p>\n\n\n\n<p>U srcu kr\u0161\u0107anske vjere le\u017ei poziv na neprestanu molitvu, \u201eMolite bez prestanka\u201c. Me\u0111u najljep\u0161im i najpotpunijim oblicima te molitve isti\u010de se Liturgija \u010dasova, u hrvatskom jeziku poznata kao \u010casoslov ili Bo\u017eanski \u010dasoslov. \u010casoslov se moli od samih korijena kr\u0161\u0107anstva, Starog zavjeta: jutarnje i ve\u010dernje \u017ertve, psalmi koji se pjevaju u odre\u0111ene sate. Isus Krist, savr\u0161eni \u017didov, \u017eivio je taj ritam. Papa Pavao VI. apostolskim pismom Laudis canticum (1970.) progla\u0161ava novi \u010casoslov (Liturgia Horarum, 1971.). Duhovna dubina \u010casoslova le\u017ei u njegovoj sposobnosti da preobrazi cijeli \u017eivot u molitvu. Psalmi su srce i du\u0161a: oni izra\u017eavaju sve ljudske osje\u0107aje \u2013 radost, patnju, o\u010daj, zahvalnost. Sv.Augustin ka\u017ee da psalmi \u201egovore o nama, govore za nas, govore u nama\u201c. Kroz njih se srce&nbsp;<\/p>\n\n\n\n<p>stapa s Kristovim srcem: \u201e\u017divim, ali ne vi\u0161e ja, nego \u017eivi u meni Krist\u201c. Sv. Franjo, \u017eivio je Liturgiju \u010dasova s dubokom jednostavno\u0161\u0107u i \u017earom koji je obilje\u017eio cijelu franjeva\u010dku duhovnost. On je sam psalme pjevao<\/p>\n\n\n\n<p>ne samo u zajedni\u0161tvu bra\u0107e, nego i usred prirode, slave\u0107i Stvoritelja kroz sva stvorenja. Duhovno, \u010casoslov nas u\u010di ritmu: \u017eivot nije kaos, nego harmonija s Bo\u017ejim vremenom.<\/p>\n\n\n\n<p>Poslije predavanja se uvijek uz poticajna pitanja razvije bogata diskusija, koja pridonosi na\u0161em me\u0111usobnom oboga\u0107ivanju i duhovnom rastu. &nbsp;<\/p>\n\n\n\n<p>MIR i DOBRO<\/p>\n","protected":false},"excerpt":{"rendered":"<p>Skup\u0161tini je prisustvovalo 26 bra\u0107e i sestara, te na\u0161 duhovnik fra Zoran Bibi\u0107, a molitvom smo krenuli u zajedni\u010dko dru\u017eenje. Nastavili smo prikupljati doprinos za vi\u0161e razine za 2026. Podijeljeni su informativni listi\u0107i za slijede\u0107e razdoblje: 8.4.- FRAMA\/OFS animira klanjanje nakon ve\u010dernje Mise; 12.4.-FRAMA koncert nakon ve\u010dernje Mise (gosti frama\u0161i iz drugih bratstava); 14.4.- neformalni [&hellip;]<\/p>\n","protected":false},"author":1,"featured_media":0,"comment_status":"closed","ping_status":"open","sticky":false,"template":"","format":"standard","meta":{"qubely_global_settings":"","qubely_interactions":"","footnotes":""},"categories":[39],"tags":[],"class_list":["post-17335","post","type-post","status-publish","format-standard","hentry","category-fsr-ofs"],"blocksy_meta":[],"qubely_featured_image_url":null,"qubely_author":{"display_name":"Branko","author_link":"https:\/\/www.ofm.hr\/koprivnica\/author\/admkp8\/"},"qubely_comment":0,"qubely_category":"<a href=\"https:\/\/www.ofm.hr\/koprivnica\/category\/fsr-ofs\/\" rel=\"category tag\">FSR (OFS)<\/a>","qubely_excerpt":"Skup\u0161tini je prisustvovalo 26 bra\u0107e i sestara, te na\u0161 duhovnik fra Zoran Bibi\u0107, a molitvom smo krenuli u zajedni\u010dko dru\u017eenje. Nastavili smo prikupljati doprinos za vi\u0161e razine za 2026. Podijeljeni su informativni listi\u0107i za slijede\u0107e razdoblje: 8.4.- FRAMA\/OFS animira klanjanje nakon ve\u010dernje Mise; 12.4.-FRAMA koncert nakon ve\u010dernje Mise (gosti frama\u0161i iz drugih bratstava); 14.4.- neformalni&hellip;","featured_image_urls_v2":{"full":"","thumbnail":"","medium":"","medium_large":"","large":"","1536x1536":"","2048x2048":"","qubely_landscape":"","qubely_portrait":"","qubely_thumbnail":""},"post_excerpt_stackable_v2":"<p>Skup\u0161tini je prisustvovalo 26 bra\u0107e i sestara, te na\u0161 duhovnik fra Zoran Bibi\u0107, a molitvom smo krenuli u zajedni\u010dko dru\u017eenje. Nastavili smo prikupljati doprinos za vi\u0161e razine za 2026. Podijeljeni su informativni listi\u0107i za slijede\u0107e razdoblje: 8.4.- FRAMA\/OFS animira klanjanje nakon ve\u010dernje Mise; 12.4.-FRAMA koncert nakon ve\u010dernje Mise (gosti frama\u0161i iz drugih bratstava); 14.4.- neformalni susret&nbsp; Lectio divina; 21.4.- neformalni susret&nbsp; Lectio divina Najave: 9.5.-Podru\u010dno hodo\u010da\u0161\u0107e na Trsat; 10.5.-Obe\u0107anja FRAMA; 2.-5.7.-Duhovne vje\u017ebe Tabor (cijena 150Eur) Fra Zoran je odr\u017eao predavanje sa temom: LITURGIJA \u010cASOVA U srcu kr\u0161\u0107anske vjere le\u017ei poziv na neprestanu molitvu, \u201eMolite bez prestanka\u201c. Me\u0111u najljep\u0161im i najpotpunijim&hellip;<\/p>\n","category_list_v2":"<a href=\"https:\/\/www.ofm.hr\/koprivnica\/category\/fsr-ofs\/\" rel=\"category tag\">FSR (OFS)<\/a>","author_info_v2":{"name":"Branko","url":"https:\/\/www.ofm.hr\/koprivnica\/author\/admkp8\/"},"comments_num_v2":"0 comments","_links":{"self":[{"href":"https:\/\/www.ofm.hr\/koprivnica\/wp-json\/wp\/v2\/posts\/17335","targetHints":{"allow":["GET"]}}],"collection":[{"href":"https:\/\/www.ofm.hr\/koprivnica\/wp-json\/wp\/v2\/posts"}],"about":[{"href":"https:\/\/www.ofm.hr\/koprivnica\/wp-json\/wp\/v2\/types\/post"}],"author":[{"embeddable":true,"href":"https:\/\/www.ofm.hr\/koprivnica\/wp-json\/wp\/v2\/users\/1"}],"replies":[{"embeddable":true,"href":"https:\/\/www.ofm.hr\/koprivnica\/wp-json\/wp\/v2\/comments?post=17335"}],"version-history":[{"count":1,"href":"https:\/\/www.ofm.hr\/koprivnica\/wp-json\/wp\/v2\/posts\/17335\/revisions"}],"predecessor-version":[{"id":17336,"href":"https:\/\/www.ofm.hr\/koprivnica\/wp-json\/wp\/v2\/posts\/17335\/revisions\/17336"}],"wp:attachment":[{"href":"https:\/\/www.ofm.hr\/koprivnica\/wp-json\/wp\/v2\/media?parent=17335"}],"wp:term":[{"taxonomy":"category","embeddable":true,"href":"https:\/\/www.ofm.hr\/koprivnica\/wp-json\/wp\/v2\/categories?post=17335"},{"taxonomy":"post_tag","embeddable":true,"href":"https:\/\/www.ofm.hr\/koprivnica\/wp-json\/wp\/v2\/tags?post=17335"}],"curies":[{"name":"wp","href":"https:\/\/api.w.org\/{rel}","templated":true}]}}