{"id":17337,"date":"2026-04-19T14:32:03","date_gmt":"2026-04-19T12:32:03","guid":{"rendered":"https:\/\/www.ofm.hr\/koprivnica\/?p=17337"},"modified":"2026-04-19T14:32:05","modified_gmt":"2026-04-19T12:32:05","slug":"sveti-juraj","status":"publish","type":"post","link":"https:\/\/www.ofm.hr\/koprivnica\/sveti-juraj\/","title":{"rendered":"Sveti Juraj"},"content":{"rendered":"\n<figure class=\"wp-block-image alignleft size-full\" data-block-type=\"core\"><img loading=\"lazy\" decoding=\"async\" width=\"298\" height=\"470\" src=\"https:\/\/www.ofm.hr\/koprivnica\/wp-content\/uploads\/2021\/04\/images_sv_juraj-ok.jpg\" alt=\"\" class=\"wp-image-6806\" srcset=\"https:\/\/www.ofm.hr\/koprivnica\/wp-content\/uploads\/2021\/04\/images_sv_juraj-ok.jpg 298w, https:\/\/www.ofm.hr\/koprivnica\/wp-content\/uploads\/2021\/04\/images_sv_juraj-ok-190x300.jpg 190w\" sizes=\"auto, (max-width: 298px) 100vw, 298px\" \/><\/figure>\n\n\n\n<p><strong>rimski vojnik, mu\u010denik ( +303.)<\/strong><\/p>\n\n\n\n<p><strong>spomendan 23. travnja<\/strong><\/p>\n\n\n\n<p>Pobo\u017eni su ga roditelji odgajali u vjerskom duhu, i to s uspjehom, sve dok nije odrastao i stupio u vojni\u010dku slu\u017ebu. Za vrijeme Dioklecijana poginuo je mu\u010deni\u010dkom smr\u0107u.&nbsp;<\/p>\n\n\n\n<p>Njegovo je \u0161tovanje u povijesti svetaca pravi fenomen, kojemu jedva ima ravna. Neka o tome posvjedo\u010de sljede\u0107i zajam\u010deni podaci! U Siriji nalazimo ve\u0107 u IV. stolje\u0107u crkve posve\u0107ene Sv. Jurju. U Egiptu ima njemu u \u010dast 40 crkava i 3 samostana, a na otoku Cipru nalazilo se \u010dak 60 Jurjevih sveti\u0161ta.&nbsp;<\/p>\n\n\n\n<p>U Carigradu mu je podigao crkvu nitko manji nego sam car Konstantin Veliki. S Istoka se njegovo \u0161tovanje vrlo brzo pro\u0161irilo i na Zapad. Kao svoga za\u0161titnika slavili su ga srednjovjekovni vitezovi i kri\u017eari.&nbsp;<\/p>\n\n\n\n<p>Seljaci su ga po\u010deli zazivati kao za\u0161titnika najprije svojih konja, a zatim i ostalih doma\u0107ih \u017eivotinja.&nbsp;<\/p>\n\n\n\n<p>U srednjem vijeku Sv. Juraj je slavljen. A njegovim slikama ne zna se ni broja. Malo je koji srednjovjekovni i kasniji religiozni umjetnik slikar ili kipar koji ga nije prikazao. Njegov je blagdan u nekim biskupijama spadao u najve\u0107e u godini. Mo\u017eda bi se \u010ditatelji razo\u010darali kad ne bismo spomenuli zmaja, koga Sv. Juraj probada. Neka se ne razo\u010daraju ako im moramo re\u0107i da je to legenda koja je nastala tek u srednjem vijeku za vrijeme kri\u017earskih vojni. Netko je tada krivo shvatio jednu sliku cara Konstantina u Carigradu koji je, prema povjesni\u010daru Euzebiju, prikazan kako gazi probodena neprijatelja ljudskoga roda. Pu\u010dka ma\u0161ta tu je sliku pripisala sv. Jurju i oko njega razvila legendu kako je spasio djevojku probov\u0161i zmaja.&nbsp;<\/p>\n\n\n\n<p>U toj se verziji brzo ra\u0161irila ta legenda te postala op\u0107a svojina, o \u010demu svjedo\u010de nebrojene slike i kipovi, pa i jedan kod nas u Zagrebu u blizini kazali\u0161ta. Mi ovaj kratak prikaz Sv. Jurja zavr\u0161imo govorom svetoga Petra Damianskog, biskupa i crkvenog nau\u010ditelja. &#8220;Dana\u0161nja svetkovina, predragi, podvostru\u010duje radost uskrsne slave i osvjetljuje ukrasom vlastitoga sjaja, poput dragocjenoga bisera, zlato u koje se utiskuje. Doista je iz vojne prenesen u vojnu, jer je du\u017enost zemaljskog tribunata \u0161to ju je obavljao zamijenio ispovije\u0161\u0107u kr\u0161\u0107anske vojne. Poput odva\u017enoga vojnika sve je svoje prije siromasima dao i odbacio teret zemaljskoga blaga. Tako, slobodan i nezaprije\u010den, opasan oklopom vjere, jurnuo je taj vatreni Kristov ratnik u bojni red \u017eestoke bitke.<\/p>\n\n\n\n<p>Te nas rije\u010di posve jasno podu\u010davaju da takvi, koji se jo\u0161 uvijek boje li\u0161iti zemaljskih dobara, nisu kadri da se sna\u017eno i sposobno bore za obranu vjere. Bla\u017eeni je pak Juraj, zapaljen ognjem Duha Svetoga i nesavladivo za\u0161ti\u0107en zastavom kri\u017ea, tako uni\u0161ao u sukob s bezbo\u017enim kraljem da je i vo\u0111u svih bezbo\u017enika nadvladao u pomo\u0107niku i poticao duhove Kristovih vojnika da se hrabro dr\u017ee. Prisutan je dodu\u0161e bio vrhovni i nevidljivi sudac koji je pripustio, prema odredbi Svoje promisli, da bjesni ruka bezbo\u017enika. On je, istina, predao udove Svoga mu\u010denika rukama krvnika, ali je zato neoborivom obranom Svoje za\u0161tite \u010duvao njegovu du\u0161u, oslonjenu na neosvojivu kulu vjere. Tom se, predraga bra\u0107o, nebeskom ratniku treba ne samo diviti, ve\u0107 ga treba nasljedovati.&nbsp;<\/p>\n\n\n\n<p>Neka ve\u0107 sada na\u0161 duh bude uprt u onu nagradu nebeske slave; i dok je na\u0161e srce \u010dvrsto prionulo uz njeno razmatranje, ne dajmo se uzbu\u0111ivati, pa makar nas ismijavao svijet zavodnik ili pak prijete\u0107i bu\u010dio protiv nas. Radi toga o\u010distimo se, prema Pavlovoj zapovijedi, od svake tjelesne i du\u0161evne ne\u010disto\u0107e da bismo jednom zaslu\u017eili uni\u0107i u onaj hram bla\u017eenstva, kamo je sada upravljen vr\u0161ak na\u0161ega uma. Nu\u017eno je da svatko tko sebe \u017eeli \u017ertvovati Bogu u Kristovu \u0161atoru, a to je Crkva, nakon \u0161to je opran u kupelji svetoga zdenca, obu\u010de raznoliku odje\u0107u kreposti. Novi \u010dovjek, koji se u Kristu ponovno ra\u0111a po kr\u0161tenju, neka vi\u0161e ne obla\u010di znake smrtnosti, ve\u0107 neka obu\u010de novoga \u010dovjeka, odlo\u017eiv\u0161i staroga, i neka u njemu \u017eivi, nastoje\u0107i &#8211; obnovljen &#8211; oko \u010distoga \u017eivljenja!&#8221;<\/p>\n\n\n\n<p>Sveti Juraj&nbsp; u sebi ujedinjuje sve atribute za\u0161titnika u svim kriti\u010dnim zdravstvenim situacijama, posebice onima po \u017eivot opasnima: bolestima s visokom vru\u0107icom, s jakim gr\u010devima i psihi\u010dkim stanjima u puku poistovje\u0107enima s padavicom. Oko njegova blagdana &#8211; 23. travnja &#8211; &#8216;o\u017eivljava&#8217; zemlja, pa je stoga za\u0161titnik usjeva, a kako se u to vrijeme po\u010dinju pojavljivati zmije,&nbsp; Sveti Juraj za\u0161titnik je i od zmijina ugriza.&nbsp; Kao jednom od \u010detrnaest svetih pomo\u0107nika dodijeljena mu je za\u0161tita od bolesti doma\u0107e stoke, a posebno konja i ratnog konjani\u0161tva.<\/p>\n","protected":false},"excerpt":{"rendered":"<p>rimski vojnik, mu\u010denik ( +303.) spomendan 23. travnja Pobo\u017eni su ga roditelji odgajali u vjerskom duhu, i to s uspjehom, sve dok nije odrastao i stupio u vojni\u010dku slu\u017ebu. Za vrijeme Dioklecijana poginuo je mu\u010deni\u010dkom smr\u0107u.&nbsp; Njegovo je \u0161tovanje u povijesti svetaca pravi fenomen, kojemu jedva ima ravna. Neka o tome posvjedo\u010de sljede\u0107i zajam\u010deni podaci! [&hellip;]<\/p>\n","protected":false},"author":1,"featured_media":0,"comment_status":"closed","ping_status":"open","sticky":false,"template":"","format":"standard","meta":{"qubely_global_settings":"","qubely_interactions":"","footnotes":""},"categories":[154],"tags":[],"class_list":["post-17337","post","type-post","status-publish","format-standard","hentry","category-naslovna"],"blocksy_meta":[],"qubely_featured_image_url":null,"qubely_author":{"display_name":"Branko","author_link":"https:\/\/www.ofm.hr\/koprivnica\/author\/admkp8\/"},"qubely_comment":0,"qubely_category":"<a href=\"https:\/\/www.ofm.hr\/koprivnica\/category\/naslovna\/\" rel=\"category tag\">NASLOVNA<\/a>","qubely_excerpt":"rimski vojnik, mu\u010denik ( +303.) spomendan 23. travnja Pobo\u017eni su ga roditelji odgajali u vjerskom duhu, i to s uspjehom, sve dok nije odrastao i stupio u vojni\u010dku slu\u017ebu. Za vrijeme Dioklecijana poginuo je mu\u010deni\u010dkom smr\u0107u.&nbsp; Njegovo je \u0161tovanje u povijesti svetaca pravi fenomen, kojemu jedva ima ravna. Neka o tome posvjedo\u010de sljede\u0107i zajam\u010deni podaci!&hellip;","featured_image_urls_v2":{"full":"","thumbnail":"","medium":"","medium_large":"","large":"","1536x1536":"","2048x2048":"","qubely_landscape":"","qubely_portrait":"","qubely_thumbnail":""},"post_excerpt_stackable_v2":"<p>rimski vojnik, mu\u010denik ( +303.) spomendan 23. travnja Pobo\u017eni su ga roditelji odgajali u vjerskom duhu, i to s uspjehom, sve dok nije odrastao i stupio u vojni\u010dku slu\u017ebu. Za vrijeme Dioklecijana poginuo je mu\u010deni\u010dkom smr\u0107u.&nbsp; Njegovo je \u0161tovanje u povijesti svetaca pravi fenomen, kojemu jedva ima ravna. Neka o tome posvjedo\u010de sljede\u0107i zajam\u010deni podaci! U Siriji nalazimo ve\u0107 u IV. stolje\u0107u crkve posve\u0107ene Sv. Jurju. U Egiptu ima njemu u \u010dast 40 crkava i 3 samostana, a na otoku Cipru nalazilo se \u010dak 60 Jurjevih sveti\u0161ta.&nbsp; U Carigradu mu je podigao crkvu nitko manji nego sam car Konstantin Veliki.&hellip;<\/p>\n","category_list_v2":"<a href=\"https:\/\/www.ofm.hr\/koprivnica\/category\/naslovna\/\" rel=\"category tag\">NASLOVNA<\/a>","author_info_v2":{"name":"Branko","url":"https:\/\/www.ofm.hr\/koprivnica\/author\/admkp8\/"},"comments_num_v2":"0 comments","_links":{"self":[{"href":"https:\/\/www.ofm.hr\/koprivnica\/wp-json\/wp\/v2\/posts\/17337","targetHints":{"allow":["GET"]}}],"collection":[{"href":"https:\/\/www.ofm.hr\/koprivnica\/wp-json\/wp\/v2\/posts"}],"about":[{"href":"https:\/\/www.ofm.hr\/koprivnica\/wp-json\/wp\/v2\/types\/post"}],"author":[{"embeddable":true,"href":"https:\/\/www.ofm.hr\/koprivnica\/wp-json\/wp\/v2\/users\/1"}],"replies":[{"embeddable":true,"href":"https:\/\/www.ofm.hr\/koprivnica\/wp-json\/wp\/v2\/comments?post=17337"}],"version-history":[{"count":1,"href":"https:\/\/www.ofm.hr\/koprivnica\/wp-json\/wp\/v2\/posts\/17337\/revisions"}],"predecessor-version":[{"id":17338,"href":"https:\/\/www.ofm.hr\/koprivnica\/wp-json\/wp\/v2\/posts\/17337\/revisions\/17338"}],"wp:attachment":[{"href":"https:\/\/www.ofm.hr\/koprivnica\/wp-json\/wp\/v2\/media?parent=17337"}],"wp:term":[{"taxonomy":"category","embeddable":true,"href":"https:\/\/www.ofm.hr\/koprivnica\/wp-json\/wp\/v2\/categories?post=17337"},{"taxonomy":"post_tag","embeddable":true,"href":"https:\/\/www.ofm.hr\/koprivnica\/wp-json\/wp\/v2\/tags?post=17337"}],"curies":[{"name":"wp","href":"https:\/\/api.w.org\/{rel}","templated":true}]}}