{"id":2045,"date":"2022-01-07T21:06:53","date_gmt":"2022-01-07T20:06:53","guid":{"rendered":"https:\/\/ofm.hr\/koprivnica-wp\/?p=2045"},"modified":"2022-01-07T21:06:53","modified_gmt":"2022-01-07T20:06:53","slug":"uti-maslaak-snaga-ljubavi-ovih-vruih-dana","status":"publish","type":"post","link":"https:\/\/www.ofm.hr\/koprivnica\/uti-maslaak-snaga-ljubavi-ovih-vruih-dana\/","title":{"rendered":"\u017duti Masla\u010dak &#8211; snaga ljubavi ovih vru\u0107ih dana"},"content":{"rendered":"<p style=\"text-align: justify;\">Mo\u017eda ti je vru\u0107e ovih dana? Ponestaje li ti snage? Pro\u010ditaj moju pri\u010du o \u017eutom masla\u010dku, ako ju jo&scaron; nisi \u010duo. Jednoga vru\u0107eg ljetnog dana, moram na posao. Na poslu nemam klime. I dok izlazim iz stana, otklju\u010davam bicikl, a ono, tik uz betonsku &scaron;ahtu, uzdigao se jedan masla\u010dak, predivnog \u017eutog cvijeta. Oko njega izgorjela trava, a on raste i cvate, gotovo na u\u017earenom betonu. Zastanem sekundu i bez rije\u010di ga promatram. Tada mu progovaram: E, pa kada mo\u017ee&scaron; ti, mogu i ja. Ja imam i vode i hrane, a ti ne i jo&scaron; cvate&scaron;. Razmi&scaron;ljam cijelim putem, kako moj duh crpi ba&scaron; tu istu snagu Duha, koja daje ovom cvijetu da raste i cvate. Sretna sam da ova pri\u010da ide dalje i poput sjemena masla\u010dka leti i ozdravlja duh \u010dovjeka. Kad vozim bicikl gradom, pogledom tra\u017eim te divne cvijeti\u0107e. Sada ih vidim puno, bez obzira kakva vru\u0107ina bila. I pomislim dok ih gledam: Pa vidi, svaki je jedinstven. Jedan je manji, jedan ve\u010di, onaj se uzdigao visoko&hellip;&hellip; nisam li i ja poput ovoga masla\u010dka, tu negdje. A ti dragi prijatelju, zamisli se nad ovom istinitom pri\u010dom i znaj da si ba&scaron; TI stvoren, da poput ovog masla\u010dka, raste&scaron;, da raznosi&scaron; sjeme, miris i boju ovome gradu.<\/p>\n<p style=\"text-align: justify;\"><span style=\"color: #b22222;\"><strong>TI SI JEDAN MASLA\u010cAK POD OVIM NEBOM KOJI \u0106E SE UZDI\u0106I I SIJATI SJEME DOBROTE I LJUBAVI, KOJE SE TAKO LAKO PRENOSI U TVOJU OKOLINU. PREPUSTI SE SAMO O\u010cEVOJ LJUBAVI DA TE NATOPI U OVE VRU\u0106E DANE I NE\u010cE&Scaron; PRESTATI BITI RADOSTAN. <\/strong><\/span><\/p>\n<p style=\"text-align: justify;\"><em>Marijana I.<\/em><\/p>\n","protected":false},"excerpt":{"rendered":"<p>Mo\u017eda ti je vru\u0107e ovih dana? Ponestaje li ti snage? Pro\u010ditaj moju pri\u010du o \u017eutom masla\u010dku, ako ju jo&scaron; nisi \u010duo. Jednoga vru\u0107eg ljetnog dana, moram na posao. Na poslu nemam klime. I dok izlazim iz stana, otklju\u010davam bicikl, a ono, tik uz betonsku &scaron;ahtu, uzdigao se jedan masla\u010dak, predivnog \u017eutog cvijeta. Oko njega izgorjela [&hellip;]<\/p>\n","protected":false},"author":1,"featured_media":0,"comment_status":"open","ping_status":"open","sticky":true,"template":"","format":"standard","meta":{"qubely_global_settings":"","qubely_interactions":"","footnotes":""},"categories":[53],"tags":[],"class_list":["post-2045","post","type-post","status-publish","format-standard","hentry","category-kutak-radosti-za-tebe"],"blocksy_meta":{"styles_descriptor":{"styles":{"desktop":"","tablet":"","mobile":""},"google_fonts":[],"version":6}},"qubely_featured_image_url":null,"qubely_author":{"display_name":"Branko","author_link":"https:\/\/www.ofm.hr\/koprivnica\/author\/admkp8\/"},"qubely_comment":0,"qubely_category":"<a href=\"https:\/\/www.ofm.hr\/koprivnica\/category\/kutak-radosti-za-tebe\/\" rel=\"category tag\">KUTAK RADOSTI ZA TEBE<\/a>","qubely_excerpt":"Mo\u017eda ti je vru\u0107e ovih dana? Ponestaje li ti snage? Pro\u010ditaj moju pri\u010du o \u017eutom masla\u010dku, ako ju jo&scaron; nisi \u010duo. Jednoga vru\u0107eg ljetnog dana, moram na posao. Na poslu nemam klime. I dok izlazim iz stana, otklju\u010davam bicikl, a ono, tik uz betonsku &scaron;ahtu, uzdigao se jedan masla\u010dak, predivnog \u017eutog cvijeta. Oko njega izgorjela&hellip;","featured_image_urls_v2":{"full":"","thumbnail":"","medium":"","medium_large":"","large":"","1536x1536":"","2048x2048":"","qubely_landscape":"","qubely_portrait":"","qubely_thumbnail":""},"post_excerpt_stackable_v2":"<p>Mo\u017eda ti je vru\u0107e ovih dana? Ponestaje li ti snage? Pro\u010ditaj moju pri\u010du o \u017eutom masla\u010dku, ako ju jo&scaron; nisi \u010duo. Jednoga vru\u0107eg ljetnog dana, moram na posao. Na poslu nemam klime. I dok izlazim iz stana, otklju\u010davam bicikl, a ono, tik uz betonsku &scaron;ahtu, uzdigao se jedan masla\u010dak, predivnog \u017eutog cvijeta. Oko njega izgorjela trava, a on raste i cvate, gotovo na u\u017earenom betonu. Zastanem sekundu i bez rije\u010di ga promatram. Tada mu progovaram: E, pa kada mo\u017ee&scaron; ti, mogu i ja. Ja imam i vode i hrane, a ti ne i jo&scaron; cvate&scaron;. Razmi&scaron;ljam cijelim putem, kako moj&hellip;<\/p>\n","category_list_v2":"<a href=\"https:\/\/www.ofm.hr\/koprivnica\/category\/kutak-radosti-za-tebe\/\" rel=\"category tag\">KUTAK RADOSTI ZA TEBE<\/a>","author_info_v2":{"name":"Branko","url":"https:\/\/www.ofm.hr\/koprivnica\/author\/admkp8\/"},"comments_num_v2":"0 comments","_links":{"self":[{"href":"https:\/\/www.ofm.hr\/koprivnica\/wp-json\/wp\/v2\/posts\/2045","targetHints":{"allow":["GET"]}}],"collection":[{"href":"https:\/\/www.ofm.hr\/koprivnica\/wp-json\/wp\/v2\/posts"}],"about":[{"href":"https:\/\/www.ofm.hr\/koprivnica\/wp-json\/wp\/v2\/types\/post"}],"author":[{"embeddable":true,"href":"https:\/\/www.ofm.hr\/koprivnica\/wp-json\/wp\/v2\/users\/1"}],"replies":[{"embeddable":true,"href":"https:\/\/www.ofm.hr\/koprivnica\/wp-json\/wp\/v2\/comments?post=2045"}],"version-history":[{"count":1,"href":"https:\/\/www.ofm.hr\/koprivnica\/wp-json\/wp\/v2\/posts\/2045\/revisions"}],"predecessor-version":[{"id":10131,"href":"https:\/\/www.ofm.hr\/koprivnica\/wp-json\/wp\/v2\/posts\/2045\/revisions\/10131"}],"wp:attachment":[{"href":"https:\/\/www.ofm.hr\/koprivnica\/wp-json\/wp\/v2\/media?parent=2045"}],"wp:term":[{"taxonomy":"category","embeddable":true,"href":"https:\/\/www.ofm.hr\/koprivnica\/wp-json\/wp\/v2\/categories?post=2045"},{"taxonomy":"post_tag","embeddable":true,"href":"https:\/\/www.ofm.hr\/koprivnica\/wp-json\/wp\/v2\/tags?post=2045"}],"curies":[{"name":"wp","href":"https:\/\/api.w.org\/{rel}","templated":true}]}}