{"id":2105,"date":"2022-01-07T21:42:38","date_gmt":"2022-01-07T20:42:38","guid":{"rendered":"https:\/\/ofm.hr\/koprivnica-wp\/?p=2105"},"modified":"2022-01-07T21:42:38","modified_gmt":"2022-01-07T20:42:38","slug":"primanje-frame-koprivnica","status":"publish","type":"post","link":"https:\/\/www.ofm.hr\/koprivnica\/primanje-frame-koprivnica\/","title":{"rendered":"Primanje Frame Koprivnica"},"content":{"rendered":"<p style=\"text-align: justify;\">{ppgallery}<\/p>\n<p style=\"text-align: justify;\"><img loading=\"lazy\" decoding=\"async\" class=\" alignleft size-full wp-image-2104\" src=\"https:\/\/www.ofm.hr\/koprivnica\/wp-content\/uploads\/2012\/12\/web16_3PA063871_zps308c4644.jpg\" alt=\"\" width=\"119\" height=\"90\" style=\"margin: 3px; float: left;\" srcset=\"https:\/\/www.ofm.hr\/koprivnica\/wp-content\/uploads\/2012\/12\/web16_3PA063871_zps308c4644.jpg 2048w, https:\/\/www.ofm.hr\/koprivnica\/wp-content\/uploads\/2012\/12\/web16_3PA063871_zps308c4644-600x450.jpg 600w, https:\/\/www.ofm.hr\/koprivnica\/wp-content\/uploads\/2012\/12\/web16_3PA063871_zps308c4644-300x225.jpg 300w, https:\/\/www.ofm.hr\/koprivnica\/wp-content\/uploads\/2012\/12\/web16_3PA063871_zps308c4644-1024x768.jpg 1024w, https:\/\/www.ofm.hr\/koprivnica\/wp-content\/uploads\/2012\/12\/web16_3PA063871_zps308c4644-768x576.jpg 768w, https:\/\/www.ofm.hr\/koprivnica\/wp-content\/uploads\/2012\/12\/web16_3PA063871_zps308c4644-1536x1152.jpg 1536w, https:\/\/www.ofm.hr\/koprivnica\/wp-content\/uploads\/2012\/12\/web16_3PA063871_zps308c4644-1080x810.jpg 1080w\" sizes=\"auto, (max-width: 119px) 100vw, 119px\" \/><\/p>\n<p style=\"text-align: justify;\">{\/ppgallery}<\/p>\n<p style=\"text-align: justify;\">Dana 6. listopada,&nbsp; Bog je na svoj put u Koprivnici pozvao petoro mladih ljudi. Andrea, Ksenija, Martina, Matea i Tomislav postali su primanici FRAME Koprivnica te tako u&scaron;li u jednogodi&scaron;nju pripremnu za obe\u0107anja. S veoma motiviraju\u0107om kratkom propovjedi fra Kruno nas je ohrabrio te nam odaslao poruku kako se moramo odre\u0107i grijeha, i na&scaron;u grje&scaron;nu stranu odbaciti, kako bismo mogli dostojno slu\u017eiti na&scaron;oj bra\u0107i. Primanici su ponosno zaklju\u010dili kako su osje\u0107ali veliku radost ali i ponos &scaron;to su pozvani na Njegov put, put milosti i dobra. S \u017eeljom za samoizgra\u0111ivanjem osobnosti, radosno su prihvatili Novi zavjet te Statut&nbsp; franjeva\u010dke mlade\u017ei iz kojih \u0107e, kako su sami rekli, crpiti \u017eivotnu snagu! <strong>Tomislav Benoti\u0107<\/strong><\/p>\n","protected":false},"excerpt":{"rendered":"<p>{ppgallery} {\/ppgallery} Dana 6. listopada,&nbsp; Bog je na svoj put u Koprivnici pozvao petoro mladih ljudi. Andrea, Ksenija, Martina, Matea i Tomislav postali su primanici FRAME Koprivnica te tako u&scaron;li u jednogodi&scaron;nju pripremnu za obe\u0107anja. S veoma motiviraju\u0107om kratkom propovjedi fra Kruno nas je ohrabrio te nam odaslao poruku kako se moramo odre\u0107i grijeha, i [&hellip;]<\/p>\n","protected":false},"author":1,"featured_media":2104,"comment_status":"open","ping_status":"open","sticky":true,"template":"","format":"standard","meta":{"qubely_global_settings":"","qubely_interactions":"","footnotes":""},"categories":[40],"tags":[],"class_list":["post-2105","post","type-post","status-publish","format-standard","has-post-thumbnail","hentry","category-frama"],"blocksy_meta":{"styles_descriptor":{"styles":{"desktop":"","tablet":"","mobile":""},"google_fonts":[],"version":6}},"qubely_featured_image_url":{"full":["https:\/\/www.ofm.hr\/koprivnica\/wp-content\/uploads\/2012\/12\/web16_3PA063871_zps308c4644.jpg",2048,1536,false],"landscape":["https:\/\/www.ofm.hr\/koprivnica\/wp-content\/uploads\/2012\/12\/web16_3PA063871_zps308c4644.jpg",1000,750,false],"portraits":["https:\/\/www.ofm.hr\/koprivnica\/wp-content\/uploads\/2012\/12\/web16_3PA063871_zps308c4644.jpg",427,320,false],"thumbnail":["https:\/\/www.ofm.hr\/koprivnica\/wp-content\/uploads\/2012\/12\/web16_3PA063871_zps308c4644-150x150.jpg",150,150,true],"medium":["https:\/\/www.ofm.hr\/koprivnica\/wp-content\/uploads\/2012\/12\/web16_3PA063871_zps308c4644-300x225.jpg",300,225,true],"medium_large":["https:\/\/www.ofm.hr\/koprivnica\/wp-content\/uploads\/2012\/12\/web16_3PA063871_zps308c4644-768x576.jpg",768,576,true],"large":["https:\/\/www.ofm.hr\/koprivnica\/wp-content\/uploads\/2012\/12\/web16_3PA063871_zps308c4644-1024x768.jpg",1024,768,true],"1536x1536":["https:\/\/www.ofm.hr\/koprivnica\/wp-content\/uploads\/2012\/12\/web16_3PA063871_zps308c4644-1536x1152.jpg",1536,1152,true],"2048x2048":["https:\/\/www.ofm.hr\/koprivnica\/wp-content\/uploads\/2012\/12\/web16_3PA063871_zps308c4644.jpg",2048,1536,false],"qubely_landscape":["https:\/\/www.ofm.hr\/koprivnica\/wp-content\/uploads\/2012\/12\/web16_3PA063871_zps308c4644.jpg",1000,750,false],"qubely_portrait":["https:\/\/www.ofm.hr\/koprivnica\/wp-content\/uploads\/2012\/12\/web16_3PA063871_zps308c4644.jpg",427,320,false],"qubely_thumbnail":["https:\/\/www.ofm.hr\/koprivnica\/wp-content\/uploads\/2012\/12\/web16_3PA063871_zps308c4644.jpg",133,100,false]},"qubely_author":{"display_name":"Branko","author_link":"https:\/\/www.ofm.hr\/koprivnica\/author\/admkp8\/"},"qubely_comment":0,"qubely_category":"<a href=\"https:\/\/www.ofm.hr\/koprivnica\/category\/frama\/\" rel=\"category tag\">FRAMA<\/a>","qubely_excerpt":"{ppgallery} {\/ppgallery} Dana 6. listopada,&nbsp; Bog je na svoj put u Koprivnici pozvao petoro mladih ljudi. Andrea, Ksenija, Martina, Matea i Tomislav postali su primanici FRAME Koprivnica te tako u&scaron;li u jednogodi&scaron;nju pripremnu za obe\u0107anja. S veoma motiviraju\u0107om kratkom propovjedi fra Kruno nas je ohrabrio te nam odaslao poruku kako se moramo odre\u0107i grijeha, i&hellip;","featured_image_urls_v2":{"full":["https:\/\/www.ofm.hr\/koprivnica\/wp-content\/uploads\/2012\/12\/web16_3PA063871_zps308c4644.jpg",2048,1536,false],"thumbnail":["https:\/\/www.ofm.hr\/koprivnica\/wp-content\/uploads\/2012\/12\/web16_3PA063871_zps308c4644-150x150.jpg",150,150,true],"medium":["https:\/\/www.ofm.hr\/koprivnica\/wp-content\/uploads\/2012\/12\/web16_3PA063871_zps308c4644-300x225.jpg",300,225,true],"medium_large":["https:\/\/www.ofm.hr\/koprivnica\/wp-content\/uploads\/2012\/12\/web16_3PA063871_zps308c4644-768x576.jpg",768,576,true],"large":["https:\/\/www.ofm.hr\/koprivnica\/wp-content\/uploads\/2012\/12\/web16_3PA063871_zps308c4644-1024x768.jpg",1024,768,true],"1536x1536":["https:\/\/www.ofm.hr\/koprivnica\/wp-content\/uploads\/2012\/12\/web16_3PA063871_zps308c4644-1536x1152.jpg",1536,1152,true],"2048x2048":["https:\/\/www.ofm.hr\/koprivnica\/wp-content\/uploads\/2012\/12\/web16_3PA063871_zps308c4644.jpg",2048,1536,false],"qubely_landscape":["https:\/\/www.ofm.hr\/koprivnica\/wp-content\/uploads\/2012\/12\/web16_3PA063871_zps308c4644.jpg",1000,750,false],"qubely_portrait":["https:\/\/www.ofm.hr\/koprivnica\/wp-content\/uploads\/2012\/12\/web16_3PA063871_zps308c4644.jpg",427,320,false],"qubely_thumbnail":["https:\/\/www.ofm.hr\/koprivnica\/wp-content\/uploads\/2012\/12\/web16_3PA063871_zps308c4644.jpg",133,100,false]},"post_excerpt_stackable_v2":"<p>{ppgallery} {\/ppgallery} Dana 6. listopada,&nbsp; Bog je na svoj put u Koprivnici pozvao petoro mladih ljudi. Andrea, Ksenija, Martina, Matea i Tomislav postali su primanici FRAME Koprivnica te tako u&scaron;li u jednogodi&scaron;nju pripremnu za obe\u0107anja. S veoma motiviraju\u0107om kratkom propovjedi fra Kruno nas je ohrabrio te nam odaslao poruku kako se moramo odre\u0107i grijeha, i na&scaron;u grje&scaron;nu stranu odbaciti, kako bismo mogli dostojno slu\u017eiti na&scaron;oj bra\u0107i. Primanici su ponosno zaklju\u010dili kako su osje\u0107ali veliku radost ali i ponos &scaron;to su pozvani na Njegov put, put milosti i dobra. S \u017eeljom za samoizgra\u0111ivanjem osobnosti, radosno su prihvatili Novi zavjet te Statut&nbsp;&hellip;<\/p>\n","category_list_v2":"<a href=\"https:\/\/www.ofm.hr\/koprivnica\/category\/frama\/\" rel=\"category tag\">FRAMA<\/a>","author_info_v2":{"name":"Branko","url":"https:\/\/www.ofm.hr\/koprivnica\/author\/admkp8\/"},"comments_num_v2":"0 comments","_links":{"self":[{"href":"https:\/\/www.ofm.hr\/koprivnica\/wp-json\/wp\/v2\/posts\/2105","targetHints":{"allow":["GET"]}}],"collection":[{"href":"https:\/\/www.ofm.hr\/koprivnica\/wp-json\/wp\/v2\/posts"}],"about":[{"href":"https:\/\/www.ofm.hr\/koprivnica\/wp-json\/wp\/v2\/types\/post"}],"author":[{"embeddable":true,"href":"https:\/\/www.ofm.hr\/koprivnica\/wp-json\/wp\/v2\/users\/1"}],"replies":[{"embeddable":true,"href":"https:\/\/www.ofm.hr\/koprivnica\/wp-json\/wp\/v2\/comments?post=2105"}],"version-history":[{"count":1,"href":"https:\/\/www.ofm.hr\/koprivnica\/wp-json\/wp\/v2\/posts\/2105\/revisions"}],"predecessor-version":[{"id":10199,"href":"https:\/\/www.ofm.hr\/koprivnica\/wp-json\/wp\/v2\/posts\/2105\/revisions\/10199"}],"wp:featuredmedia":[{"embeddable":true,"href":"https:\/\/www.ofm.hr\/koprivnica\/wp-json\/wp\/v2\/media\/2104"}],"wp:attachment":[{"href":"https:\/\/www.ofm.hr\/koprivnica\/wp-json\/wp\/v2\/media?parent=2105"}],"wp:term":[{"taxonomy":"category","embeddable":true,"href":"https:\/\/www.ofm.hr\/koprivnica\/wp-json\/wp\/v2\/categories?post=2105"},{"taxonomy":"post_tag","embeddable":true,"href":"https:\/\/www.ofm.hr\/koprivnica\/wp-json\/wp\/v2\/tags?post=2105"}],"curies":[{"name":"wp","href":"https:\/\/api.w.org\/{rel}","templated":true}]}}