{"id":2109,"date":"2022-01-07T21:42:38","date_gmt":"2022-01-07T20:42:38","guid":{"rendered":"https:\/\/ofm.hr\/koprivnica-wp\/?p=2109"},"modified":"2022-01-07T21:42:38","modified_gmt":"2022-01-07T20:42:38","slug":"holywin","status":"publish","type":"post","link":"https:\/\/www.ofm.hr\/koprivnica\/holywin\/","title":{"rendered":"Holywin"},"content":{"rendered":"<p style=\"text-align: justify;\">{ppgallery}<\/p>\n<p style=\"text-align: justify;\"><img loading=\"lazy\" decoding=\"async\" class=\" alignleft size-full wp-image-2106\" src=\"https:\/\/www.ofm.hr\/koprivnica\/wp-content\/uploads\/2012\/12\/web16_3PA314313_zpsc0cf1311.jpg\" alt=\"\" width=\"119\" height=\"90\" style=\"margin: 3px; float: left;\" \/>{\/ppgallery} Uo\u010di blagdana Svih Svetih, u \u017eupi sv. Antuna Padovanskog u Koprivnici, Franjeva\u010dka mlade\u017e i bra\u0107a franjevci su organizirali bdijenje. Naziv bdijenja bio je: <strong>&#8220;Svetac se ne ra\u0111a, svecem se postaje svaki dan&#8221;.<\/strong> Ovim doga\u0111ajem htjeli smo naglasiti va\u017enost blagdana Svih Svetih i vratiti mu njegovo pravo zna\u010denje. Dok drugi mladi mo\u017eda vi&scaron;e odlu\u010duju slaviti Halloween, mi smo se okupili i slavili Holywin uo\u010di Svih Svetih kada se sje\u0107amo svih onih svetih \u017eena i mu&scaron;karaca koji su kroz povijest Crkve svojim \u017eivotnim svjedo\u010danstvom slijedili Krista u potpunosti.<\/p>\n<p style=\"text-align: justify;\">Dana 31.listopada bdijenje je po\u010delo svetom misom u 18:30 sati. Nakon mise bile su tri radionice: biblijska, molitveno slavljeni\u010dka i kreativna radionica upoznavanja svetaca.<\/p>\n<p style=\"text-align: justify;\">&nbsp;<\/p>\n<p style=\"text-align: justify;\">Biblijsku radionicu vodio je fra Kruno, molitveno slavljeni\u010dku radionicu Antonio Tkalec, a &nbsp;ve\u0107ina mladih se odlu\u010dila za kreativnu radionicu upoznavanja svetaca koju su vodili frama&scaron;i. Na toj radionici mogli su upoznati sv. Leopolda Bogdana Mandi\u0107a, sv. Luciju i bl. Alojzija Stepinca kroz zanimljive igrokaze. Zatim su uslijedili radovi po grupama gdje su sudionici ove radionice razgovarali o svecima, njihovim postupcima, mukama, odlukama&#8230;Zaklju\u010dili smo uz razgovor da je najbolje uvijek oprostiti i nikada burno reagirati. Tako\u0111er smo zaklju\u010dili da je Alojzije Stepinac mu\u010denik i da se namje&scaron;teno su\u0111enje kao njegovo u dana&scaron;nje vrijeme ne bi izvelo jer se ljudi vi&scaron;e ne boje suprotstaviti zakonu i vlasti. Jedna grupa je ukratko prikazala kako se odvijao \u017eivot sv. Lucije, dok je druga grupa pokazala su\u0111enje Alojziju Stepincu i izdaju besku\u0107nika.<\/p>\n<p style=\"text-align: justify;\">Ove radionice upoznavanja svetaca za mene (a nadam se i druge) su bile vrlo pou\u010dne i zabavne.<\/p>\n<p style=\"text-align: justify;\">&nbsp;<\/p>\n<p style=\"text-align: justify;\">Nakon radionica odr\u017eano je euharistijsko klanjanje, a poslije klanjanja uslijedilo je dru\u017eenje uz ples i pjesmu. Gost ve\u010deri bio je Antonio Tkalec,kantautor moderne duhovne glazbe, koji je upotpunio ovo dru\u017eenje\/bdijenje. Andrea Radmani\u0107<\/p>\n<p style=\"text-align: justify;\">{ppgallery}<img loading=\"lazy\" decoding=\"async\" class=\" size-full wp-image-2107\" src=\"https:\/\/www.ofm.hr\/koprivnica\/wp-content\/uploads\/2012\/12\/web16_7PA314321_zps87c12301.jpg\" alt=\"\" width=\"119\" height=\"90\" \/> <img loading=\"lazy\" decoding=\"async\" class=\" size-full wp-image-2108\" src=\"https:\/\/www.ofm.hr\/koprivnica\/wp-content\/uploads\/2012\/12\/web16_5PA314315_zps0587d966.jpg\" alt=\"\" width=\"119\" height=\"90\" \/> <img loading=\"lazy\" decoding=\"async\" class=\" size-full wp-image-2106\" src=\"https:\/\/www.ofm.hr\/koprivnica\/wp-content\/uploads\/2012\/12\/web16_3PA314313_zpsc0cf1311.jpg\" alt=\"\" width=\"119\" height=\"90\" \/>{\/ppgallery}<\/p>\n","protected":false},"excerpt":{"rendered":"<p>{ppgallery} {\/ppgallery} Uo\u010di blagdana Svih Svetih, u \u017eupi sv. Antuna Padovanskog u Koprivnici, Franjeva\u010dka mlade\u017e i bra\u0107a franjevci su organizirali bdijenje. Naziv bdijenja bio je: &#8220;Svetac se ne ra\u0111a, svecem se postaje svaki dan&#8221;. Ovim doga\u0111ajem htjeli smo naglasiti va\u017enost blagdana Svih Svetih i vratiti mu njegovo pravo zna\u010denje. Dok drugi mladi mo\u017eda vi&scaron;e odlu\u010duju [&hellip;]<\/p>\n","protected":false},"author":1,"featured_media":2106,"comment_status":"open","ping_status":"open","sticky":true,"template":"","format":"standard","meta":{"qubely_global_settings":"","qubely_interactions":"","footnotes":""},"categories":[40],"tags":[],"class_list":["post-2109","post","type-post","status-publish","format-standard","has-post-thumbnail","hentry","category-frama"],"blocksy_meta":{"styles_descriptor":{"styles":{"desktop":"","tablet":"","mobile":""},"google_fonts":[],"version":6}},"qubely_featured_image_url":{"full":["https:\/\/www.ofm.hr\/koprivnica\/wp-content\/uploads\/2012\/12\/web16_3PA314313_zpsc0cf1311.jpg",1536,2048,false],"landscape":["https:\/\/www.ofm.hr\/koprivnica\/wp-content\/uploads\/2012\/12\/web16_3PA314313_zpsc0cf1311.jpg",563,750,false],"portraits":["https:\/\/www.ofm.hr\/koprivnica\/wp-content\/uploads\/2012\/12\/web16_3PA314313_zpsc0cf1311.jpg",240,320,false],"thumbnail":["https:\/\/www.ofm.hr\/koprivnica\/wp-content\/uploads\/2012\/12\/web16_3PA314313_zpsc0cf1311-150x150.jpg",150,150,true],"medium":["https:\/\/www.ofm.hr\/koprivnica\/wp-content\/uploads\/2012\/12\/web16_3PA314313_zpsc0cf1311-225x300.jpg",225,300,true],"medium_large":["https:\/\/www.ofm.hr\/koprivnica\/wp-content\/uploads\/2012\/12\/web16_3PA314313_zpsc0cf1311-768x1024.jpg",768,1024,true],"large":["https:\/\/www.ofm.hr\/koprivnica\/wp-content\/uploads\/2012\/12\/web16_3PA314313_zpsc0cf1311-768x1024.jpg",768,1024,true],"1536x1536":["https:\/\/www.ofm.hr\/koprivnica\/wp-content\/uploads\/2012\/12\/web16_3PA314313_zpsc0cf1311-1152x1536.jpg",1152,1536,true],"2048x2048":["https:\/\/www.ofm.hr\/koprivnica\/wp-content\/uploads\/2012\/12\/web16_3PA314313_zpsc0cf1311.jpg",1536,2048,false],"qubely_landscape":["https:\/\/www.ofm.hr\/koprivnica\/wp-content\/uploads\/2012\/12\/web16_3PA314313_zpsc0cf1311.jpg",563,750,false],"qubely_portrait":["https:\/\/www.ofm.hr\/koprivnica\/wp-content\/uploads\/2012\/12\/web16_3PA314313_zpsc0cf1311.jpg",240,320,false],"qubely_thumbnail":["https:\/\/www.ofm.hr\/koprivnica\/wp-content\/uploads\/2012\/12\/web16_3PA314313_zpsc0cf1311.jpg",75,100,false]},"qubely_author":{"display_name":"Branko","author_link":"https:\/\/www.ofm.hr\/koprivnica\/author\/admkp8\/"},"qubely_comment":0,"qubely_category":"<a href=\"https:\/\/www.ofm.hr\/koprivnica\/category\/frama\/\" rel=\"category tag\">FRAMA<\/a>","qubely_excerpt":"{ppgallery} {\/ppgallery} Uo\u010di blagdana Svih Svetih, u \u017eupi sv. Antuna Padovanskog u Koprivnici, Franjeva\u010dka mlade\u017e i bra\u0107a franjevci su organizirali bdijenje. Naziv bdijenja bio je: &#8220;Svetac se ne ra\u0111a, svecem se postaje svaki dan&#8221;. Ovim doga\u0111ajem htjeli smo naglasiti va\u017enost blagdana Svih Svetih i vratiti mu njegovo pravo zna\u010denje. Dok drugi mladi mo\u017eda vi&scaron;e odlu\u010duju&hellip;","featured_image_urls_v2":{"full":["https:\/\/www.ofm.hr\/koprivnica\/wp-content\/uploads\/2012\/12\/web16_3PA314313_zpsc0cf1311.jpg",1536,2048,false],"thumbnail":["https:\/\/www.ofm.hr\/koprivnica\/wp-content\/uploads\/2012\/12\/web16_3PA314313_zpsc0cf1311-150x150.jpg",150,150,true],"medium":["https:\/\/www.ofm.hr\/koprivnica\/wp-content\/uploads\/2012\/12\/web16_3PA314313_zpsc0cf1311-225x300.jpg",225,300,true],"medium_large":["https:\/\/www.ofm.hr\/koprivnica\/wp-content\/uploads\/2012\/12\/web16_3PA314313_zpsc0cf1311-768x1024.jpg",768,1024,true],"large":["https:\/\/www.ofm.hr\/koprivnica\/wp-content\/uploads\/2012\/12\/web16_3PA314313_zpsc0cf1311-768x1024.jpg",768,1024,true],"1536x1536":["https:\/\/www.ofm.hr\/koprivnica\/wp-content\/uploads\/2012\/12\/web16_3PA314313_zpsc0cf1311-1152x1536.jpg",1152,1536,true],"2048x2048":["https:\/\/www.ofm.hr\/koprivnica\/wp-content\/uploads\/2012\/12\/web16_3PA314313_zpsc0cf1311.jpg",1536,2048,false],"qubely_landscape":["https:\/\/www.ofm.hr\/koprivnica\/wp-content\/uploads\/2012\/12\/web16_3PA314313_zpsc0cf1311.jpg",563,750,false],"qubely_portrait":["https:\/\/www.ofm.hr\/koprivnica\/wp-content\/uploads\/2012\/12\/web16_3PA314313_zpsc0cf1311.jpg",240,320,false],"qubely_thumbnail":["https:\/\/www.ofm.hr\/koprivnica\/wp-content\/uploads\/2012\/12\/web16_3PA314313_zpsc0cf1311.jpg",75,100,false]},"post_excerpt_stackable_v2":"<p>{ppgallery} {\/ppgallery} Uo\u010di blagdana Svih Svetih, u \u017eupi sv. Antuna Padovanskog u Koprivnici, Franjeva\u010dka mlade\u017e i bra\u0107a franjevci su organizirali bdijenje. Naziv bdijenja bio je: &#8220;Svetac se ne ra\u0111a, svecem se postaje svaki dan&#8221;. Ovim doga\u0111ajem htjeli smo naglasiti va\u017enost blagdana Svih Svetih i vratiti mu njegovo pravo zna\u010denje. Dok drugi mladi mo\u017eda vi&scaron;e odlu\u010duju slaviti Halloween, mi smo se okupili i slavili Holywin uo\u010di Svih Svetih kada se sje\u0107amo svih onih svetih \u017eena i mu&scaron;karaca koji su kroz povijest Crkve svojim \u017eivotnim svjedo\u010danstvom slijedili Krista u potpunosti. Dana 31.listopada bdijenje je po\u010delo svetom misom u 18:30 sati. Nakon mise&hellip;<\/p>\n","category_list_v2":"<a href=\"https:\/\/www.ofm.hr\/koprivnica\/category\/frama\/\" rel=\"category tag\">FRAMA<\/a>","author_info_v2":{"name":"Branko","url":"https:\/\/www.ofm.hr\/koprivnica\/author\/admkp8\/"},"comments_num_v2":"0 comments","_links":{"self":[{"href":"https:\/\/www.ofm.hr\/koprivnica\/wp-json\/wp\/v2\/posts\/2109","targetHints":{"allow":["GET"]}}],"collection":[{"href":"https:\/\/www.ofm.hr\/koprivnica\/wp-json\/wp\/v2\/posts"}],"about":[{"href":"https:\/\/www.ofm.hr\/koprivnica\/wp-json\/wp\/v2\/types\/post"}],"author":[{"embeddable":true,"href":"https:\/\/www.ofm.hr\/koprivnica\/wp-json\/wp\/v2\/users\/1"}],"replies":[{"embeddable":true,"href":"https:\/\/www.ofm.hr\/koprivnica\/wp-json\/wp\/v2\/comments?post=2109"}],"version-history":[{"count":1,"href":"https:\/\/www.ofm.hr\/koprivnica\/wp-json\/wp\/v2\/posts\/2109\/revisions"}],"predecessor-version":[{"id":10198,"href":"https:\/\/www.ofm.hr\/koprivnica\/wp-json\/wp\/v2\/posts\/2109\/revisions\/10198"}],"wp:featuredmedia":[{"embeddable":true,"href":"https:\/\/www.ofm.hr\/koprivnica\/wp-json\/wp\/v2\/media\/2106"}],"wp:attachment":[{"href":"https:\/\/www.ofm.hr\/koprivnica\/wp-json\/wp\/v2\/media?parent=2109"}],"wp:term":[{"taxonomy":"category","embeddable":true,"href":"https:\/\/www.ofm.hr\/koprivnica\/wp-json\/wp\/v2\/categories?post=2109"},{"taxonomy":"post_tag","embeddable":true,"href":"https:\/\/www.ofm.hr\/koprivnica\/wp-json\/wp\/v2\/tags?post=2109"}],"curies":[{"name":"wp","href":"https:\/\/api.w.org\/{rel}","templated":true}]}}