{"id":2138,"date":"2022-01-07T21:42:38","date_gmt":"2022-01-07T20:42:38","guid":{"rendered":"https:\/\/ofm.hr\/koprivnica-wp\/?p=2138"},"modified":"2022-01-07T21:42:38","modified_gmt":"2022-01-07T20:42:38","slug":"kola-za-animatore-i-seminar-za-voditelje-formacije-franjevake-mladei","status":"publish","type":"post","link":"https:\/\/www.ofm.hr\/koprivnica\/kola-za-animatore-i-seminar-za-voditelje-formacije-franjevake-mladei\/","title":{"rendered":"\u0160kola za animatore i seminar za voditelje formacije franjeva\u010dke mlade\u017ei"},"content":{"rendered":"<p style=\"text-align: justify;\">{ppgallery}<\/p>\n<p style=\"text-align: justify;\"><img loading=\"lazy\" decoding=\"async\" class=\" alignleft size-full wp-image-2137\" src=\"https:\/\/www.ofm.hr\/koprivnica\/wp-content\/uploads\/2013\/06\/web15_frama9.jpg\" alt=\"\" width=\"119\" height=\"90\" style=\"margin: 3px; float: left;\" srcset=\"https:\/\/www.ofm.hr\/koprivnica\/wp-content\/uploads\/2013\/06\/web15_frama9.jpg 640w, https:\/\/www.ofm.hr\/koprivnica\/wp-content\/uploads\/2013\/06\/web15_frama9-600x450.jpg 600w, https:\/\/www.ofm.hr\/koprivnica\/wp-content\/uploads\/2013\/06\/web15_frama9-300x225.jpg 300w\" sizes=\"auto, (max-width: 119px) 100vw, 119px\" \/><\/p>\n<p style=\"text-align: justify;\">{\/ppgallery}<\/p>\n<p style=\"text-align: justify;\">Bjelovar je od 22. do 24 velja\u010de bio doma\u0107in VII. &scaron;kole animatora i VI. seminara za voditelje formacije i odgovorne u bratstvu Frame. U Ovoj godini vjere tema &scaron;kole animatora bila je iz Jakovljeve poslanice:&#8221;Vidi&scaron;: vjera je sura\u0111ivala s djelima njegovim i djelima se vjera usavr&scaron;ila.&#8221; Jak 2, 22 , a za seminar dio iz poslanice Korin\u0107anima: &#8220;&#8230; da se vjera va&scaron;a ne temelji na mudrosti ljudskoj nego na snazi Bo\u017ejoj.&#8221; 1 Kor 2, 5.&nbsp; Bio je ovo susret pro\u017eet molitvom, u\u010denjem, pjesmom, ali podsjetnik na temelje na&scaron;e vjere, na va\u017enost povezivanja vjere sa djelima, na iskreno \u017eivljenje vjere.Na &scaron;koli animatora iz na&scaron;eg mjesnog bratstva bili su:Martina Pintari\u0107 i Mateja Pu\u017e. Kroz razli\u010dite tehnike, predavanja, rad po grupama u\u010dili su kako pripremiti susret kako bi on bio &scaron;to kvalitetniji. Imali su \u010detiri predavanja: &bdquo;Tko je animator&ldquo;, &bdquo;Izrada susreta&ldquo;, &bdquo;Duhovnost i djelovanje u svijetu&ldquo;,&nbsp; &bdquo;Komunikacija&ldquo;.<\/p>\n<p style=\"text-align: justify;\">Na seminaru za formaciju sudjelovala je na&scaron;a mjesna formatorica Lidija Mihokovi\u0107.<\/p>\n<p style=\"text-align: justify;\">Formacija je bitan dio kr&scaron;\u0107anskog rasta koji proizlazi iz krsnih obe\u0107anja koje mi produbljujemo i \u017eivimo po obe\u0107anjima koje dajemo u bratstvu Franjeva\u010dke mlade\u017ei. Stoga je va\u017eno same sebe oblikovati kako bismo mogli i drugima pru\u017eiti mogu\u0107nost ulaska u zajedni&scaron;tvo sa \u017eivim Gospodinom. Svaki susret sa bra\u0107om i sestrama Frama&scaron;ima je uvijek lijep i poticajan, a takav je bio i ovaj seminar za voditelja formacije. Kroz predavanje, rad po grupama i razgovore do&scaron;li smo do novih znanja i nadopunili postoje\u0107a. Susreti su va\u017eni za produbljivanje na&scaron;eg vlastitog kr&scaron;\u0107anoskog identiteta.<\/p>\n<p style=\"text-align: justify;\">&nbsp;<\/p>\n","protected":false},"excerpt":{"rendered":"<p>{ppgallery} {\/ppgallery} Bjelovar je od 22. do 24 velja\u010de bio doma\u0107in VII. &scaron;kole animatora i VI. seminara za voditelje formacije i odgovorne u bratstvu Frame. U Ovoj godini vjere tema &scaron;kole animatora bila je iz Jakovljeve poslanice:&#8221;Vidi&scaron;: vjera je sura\u0111ivala s djelima njegovim i djelima se vjera usavr&scaron;ila.&#8221; Jak 2, 22 , a za seminar [&hellip;]<\/p>\n","protected":false},"author":1,"featured_media":2137,"comment_status":"open","ping_status":"open","sticky":true,"template":"","format":"standard","meta":{"qubely_global_settings":"","qubely_interactions":"","footnotes":""},"categories":[40],"tags":[],"class_list":["post-2138","post","type-post","status-publish","format-standard","has-post-thumbnail","hentry","category-frama"],"blocksy_meta":{"styles_descriptor":{"styles":{"desktop":"","tablet":"","mobile":""},"google_fonts":[],"version":6}},"qubely_featured_image_url":{"full":["https:\/\/www.ofm.hr\/koprivnica\/wp-content\/uploads\/2013\/06\/web15_frama9.jpg",640,480,false],"landscape":["https:\/\/www.ofm.hr\/koprivnica\/wp-content\/uploads\/2013\/06\/web15_frama9.jpg",640,480,false],"portraits":["https:\/\/www.ofm.hr\/koprivnica\/wp-content\/uploads\/2013\/06\/web15_frama9.jpg",427,320,false],"thumbnail":["https:\/\/www.ofm.hr\/koprivnica\/wp-content\/uploads\/2013\/06\/web15_frama9-150x150.jpg",150,150,true],"medium":["https:\/\/www.ofm.hr\/koprivnica\/wp-content\/uploads\/2013\/06\/web15_frama9-300x225.jpg",300,225,true],"medium_large":["https:\/\/www.ofm.hr\/koprivnica\/wp-content\/uploads\/2013\/06\/web15_frama9.jpg",640,480,false],"large":["https:\/\/www.ofm.hr\/koprivnica\/wp-content\/uploads\/2013\/06\/web15_frama9.jpg",640,480,false],"1536x1536":["https:\/\/www.ofm.hr\/koprivnica\/wp-content\/uploads\/2013\/06\/web15_frama9.jpg",640,480,false],"2048x2048":["https:\/\/www.ofm.hr\/koprivnica\/wp-content\/uploads\/2013\/06\/web15_frama9.jpg",640,480,false],"qubely_landscape":["https:\/\/www.ofm.hr\/koprivnica\/wp-content\/uploads\/2013\/06\/web15_frama9.jpg",640,480,false],"qubely_portrait":["https:\/\/www.ofm.hr\/koprivnica\/wp-content\/uploads\/2013\/06\/web15_frama9.jpg",427,320,false],"qubely_thumbnail":["https:\/\/www.ofm.hr\/koprivnica\/wp-content\/uploads\/2013\/06\/web15_frama9.jpg",133,100,false]},"qubely_author":{"display_name":"Branko","author_link":"https:\/\/www.ofm.hr\/koprivnica\/author\/admkp8\/"},"qubely_comment":0,"qubely_category":"<a href=\"https:\/\/www.ofm.hr\/koprivnica\/category\/frama\/\" rel=\"category tag\">FRAMA<\/a>","qubely_excerpt":"{ppgallery} {\/ppgallery} Bjelovar je od 22. do 24 velja\u010de bio doma\u0107in VII. &scaron;kole animatora i VI. seminara za voditelje formacije i odgovorne u bratstvu Frame. U Ovoj godini vjere tema &scaron;kole animatora bila je iz Jakovljeve poslanice:&#8221;Vidi&scaron;: vjera je sura\u0111ivala s djelima njegovim i djelima se vjera usavr&scaron;ila.&#8221; Jak 2, 22 , a za seminar&hellip;","featured_image_urls_v2":{"full":["https:\/\/www.ofm.hr\/koprivnica\/wp-content\/uploads\/2013\/06\/web15_frama9.jpg",640,480,false],"thumbnail":["https:\/\/www.ofm.hr\/koprivnica\/wp-content\/uploads\/2013\/06\/web15_frama9-150x150.jpg",150,150,true],"medium":["https:\/\/www.ofm.hr\/koprivnica\/wp-content\/uploads\/2013\/06\/web15_frama9-300x225.jpg",300,225,true],"medium_large":["https:\/\/www.ofm.hr\/koprivnica\/wp-content\/uploads\/2013\/06\/web15_frama9.jpg",640,480,false],"large":["https:\/\/www.ofm.hr\/koprivnica\/wp-content\/uploads\/2013\/06\/web15_frama9.jpg",640,480,false],"1536x1536":["https:\/\/www.ofm.hr\/koprivnica\/wp-content\/uploads\/2013\/06\/web15_frama9.jpg",640,480,false],"2048x2048":["https:\/\/www.ofm.hr\/koprivnica\/wp-content\/uploads\/2013\/06\/web15_frama9.jpg",640,480,false],"qubely_landscape":["https:\/\/www.ofm.hr\/koprivnica\/wp-content\/uploads\/2013\/06\/web15_frama9.jpg",640,480,false],"qubely_portrait":["https:\/\/www.ofm.hr\/koprivnica\/wp-content\/uploads\/2013\/06\/web15_frama9.jpg",427,320,false],"qubely_thumbnail":["https:\/\/www.ofm.hr\/koprivnica\/wp-content\/uploads\/2013\/06\/web15_frama9.jpg",133,100,false]},"post_excerpt_stackable_v2":"<p>{ppgallery} {\/ppgallery} Bjelovar je od 22. do 24 velja\u010de bio doma\u0107in VII. &scaron;kole animatora i VI. seminara za voditelje formacije i odgovorne u bratstvu Frame. U Ovoj godini vjere tema &scaron;kole animatora bila je iz Jakovljeve poslanice:&#8221;Vidi&scaron;: vjera je sura\u0111ivala s djelima njegovim i djelima se vjera usavr&scaron;ila.&#8221; Jak 2, 22 , a za seminar dio iz poslanice Korin\u0107anima: &#8220;&#8230; da se vjera va&scaron;a ne temelji na mudrosti ljudskoj nego na snazi Bo\u017ejoj.&#8221; 1 Kor 2, 5.&nbsp; Bio je ovo susret pro\u017eet molitvom, u\u010denjem, pjesmom, ali podsjetnik na temelje na&scaron;e vjere, na va\u017enost povezivanja vjere sa djelima, na iskreno \u017eivljenje&hellip;<\/p>\n","category_list_v2":"<a href=\"https:\/\/www.ofm.hr\/koprivnica\/category\/frama\/\" rel=\"category tag\">FRAMA<\/a>","author_info_v2":{"name":"Branko","url":"https:\/\/www.ofm.hr\/koprivnica\/author\/admkp8\/"},"comments_num_v2":"0 comments","_links":{"self":[{"href":"https:\/\/www.ofm.hr\/koprivnica\/wp-json\/wp\/v2\/posts\/2138","targetHints":{"allow":["GET"]}}],"collection":[{"href":"https:\/\/www.ofm.hr\/koprivnica\/wp-json\/wp\/v2\/posts"}],"about":[{"href":"https:\/\/www.ofm.hr\/koprivnica\/wp-json\/wp\/v2\/types\/post"}],"author":[{"embeddable":true,"href":"https:\/\/www.ofm.hr\/koprivnica\/wp-json\/wp\/v2\/users\/1"}],"replies":[{"embeddable":true,"href":"https:\/\/www.ofm.hr\/koprivnica\/wp-json\/wp\/v2\/comments?post=2138"}],"version-history":[{"count":1,"href":"https:\/\/www.ofm.hr\/koprivnica\/wp-json\/wp\/v2\/posts\/2138\/revisions"}],"predecessor-version":[{"id":10193,"href":"https:\/\/www.ofm.hr\/koprivnica\/wp-json\/wp\/v2\/posts\/2138\/revisions\/10193"}],"wp:featuredmedia":[{"embeddable":true,"href":"https:\/\/www.ofm.hr\/koprivnica\/wp-json\/wp\/v2\/media\/2137"}],"wp:attachment":[{"href":"https:\/\/www.ofm.hr\/koprivnica\/wp-json\/wp\/v2\/media?parent=2138"}],"wp:term":[{"taxonomy":"category","embeddable":true,"href":"https:\/\/www.ofm.hr\/koprivnica\/wp-json\/wp\/v2\/categories?post=2138"},{"taxonomy":"post_tag","embeddable":true,"href":"https:\/\/www.ofm.hr\/koprivnica\/wp-json\/wp\/v2\/tags?post=2138"}],"curies":[{"name":"wp","href":"https:\/\/api.w.org\/{rel}","templated":true}]}}