{"id":2215,"date":"2022-01-03T14:17:14","date_gmt":"2022-01-03T13:17:14","guid":{"rendered":"https:\/\/ofm.hr\/koprivnica-wp\/?p=2215"},"modified":"2022-01-03T14:17:15","modified_gmt":"2022-01-03T13:17:15","slug":"upno-pastoralno-vijee","status":"publish","type":"post","link":"https:\/\/www.ofm.hr\/koprivnica\/upno-pastoralno-vijee\/","title":{"rendered":"\u017dupno pastoralno vije\u0107e"},"content":{"rendered":"<p>Nakon odr\u017eanih izbora, 23. o\u017eujka 2014. i potvrde Biskupskog Ordinarijata Vara\u017edinske biskupije u nedjelju, 18. svibnja 2014. za vrijeme \u017eupne mise novoizabrani \u010dlanovi \u017dPV-a zapo\u010deli su svoj mandat.<\/p>\n<p>U ponedjeljak, 26. svibnja odr\u017eana je prva sjednica \u017dPV-a u novom sazivu.&nbsp; Na sjednicu su bili pozvani i vije\u0107nici iz pro\u0161log mandata kako bi im se dala zahvala za petogodi\u0161nje slu\u017eenje u unapre\u0111enju \u017eupnog pastorala. Ovaj puta glavna tema je bila organizacija glavnog \u017eupnog pro\u0161tenja. Tako je dogovoreno da proslava blagdana sv. Antuna, za kojeg se pripremamo kroz trinaest utoraka uo\u010di blagdana,&nbsp; zapo\u010dne u ponedjeljak, 9. lipnja na ve\u010dernjoj misi u 18,30 kada \u0107emo ve\u0107 po tradiciji okupiti \u017eupljane koji u ovoj godini slave obljetnicu braka. U srijedu, 11. lipnja odr\u017eat \u0107e se SUSRET STARACA I BOLESNIKA na\u0161e \u017eupe., a u \u010detvrtak, 12. lipnja SUSRET SVIH SKUPINA KOJE SE OKUPLJAJU U NA\u0160EM SAMOSTANU I CRKVI (\u017dupno pastoralno vije\u0107e, Volonteri \u017eupnog Karitasa, \u010dita\u010di, pjeva\u010di &#8211; \u017eupni zbor, Malo stado &#8211; Frama, FSR, Vjera i svjetlo, Biblijska skupina, ministranti).<\/p>\n<p>Pripravu za blagdan \u017eupe vodit \u0107e fra Smiljan Beri\u0161i\u0107, voditelj Hrvatske Katoli\u010dke Misije u Australiji.<\/p>\n","protected":false},"excerpt":{"rendered":"<p>Nakon odr\u017eanih izbora, 23. o\u017eujka 2014. i potvrde Biskupskog Ordinarijata Vara\u017edinske biskupije u nedjelju, 18. svibnja 2014. za vrijeme \u017eupne mise novoizabrani \u010dlanovi \u017dPV-a zapo\u010deli su svoj mandat. U ponedjeljak, 26. svibnja odr\u017eana je prva sjednica \u017dPV-a u novom sazivu.&nbsp; Na sjednicu su bili pozvani i vije\u0107nici iz pro\u0161log mandata kako bi im se dala [&hellip;]<\/p>\n","protected":false},"author":1,"featured_media":0,"comment_status":"closed","ping_status":"open","sticky":false,"template":"","format":"standard","meta":{"qubely_global_settings":"","qubely_interactions":"","footnotes":""},"categories":[160],"tags":[],"class_list":["post-2215","post","type-post","status-publish","format-standard","hentry","category-zupna-vijeca"],"blocksy_meta":{"styles_descriptor":{"styles":{"desktop":"","tablet":"","mobile":""},"google_fonts":[],"version":6}},"qubely_featured_image_url":null,"qubely_author":{"display_name":"Branko","author_link":"https:\/\/www.ofm.hr\/koprivnica\/author\/admkp8\/"},"qubely_comment":0,"qubely_category":"<a href=\"https:\/\/www.ofm.hr\/koprivnica\/category\/zupna-vijeca\/\" rel=\"category tag\">\u017dupna vije\u0107a<\/a>","qubely_excerpt":"Nakon odr\u017eanih izbora, 23. o\u017eujka 2014. i potvrde Biskupskog Ordinarijata Vara\u017edinske biskupije u nedjelju, 18. svibnja 2014. za vrijeme \u017eupne mise novoizabrani \u010dlanovi \u017dPV-a zapo\u010deli su svoj mandat. U ponedjeljak, 26. svibnja odr\u017eana je prva sjednica \u017dPV-a u novom sazivu.&nbsp; Na sjednicu su bili pozvani i vije\u0107nici iz pro\u0161log mandata kako bi im se dala&hellip;","featured_image_urls_v2":{"full":"","thumbnail":"","medium":"","medium_large":"","large":"","1536x1536":"","2048x2048":"","qubely_landscape":"","qubely_portrait":"","qubely_thumbnail":""},"post_excerpt_stackable_v2":"<p>Nakon odr\u017eanih izbora, 23. o\u017eujka 2014. i potvrde Biskupskog Ordinarijata Vara\u017edinske biskupije u nedjelju, 18. svibnja 2014. za vrijeme \u017eupne mise novoizabrani \u010dlanovi \u017dPV-a zapo\u010deli su svoj mandat. U ponedjeljak, 26. svibnja odr\u017eana je prva sjednica \u017dPV-a u novom sazivu.&nbsp; Na sjednicu su bili pozvani i vije\u0107nici iz pro\u0161log mandata kako bi im se dala zahvala za petogodi\u0161nje slu\u017eenje u unapre\u0111enju \u017eupnog pastorala. Ovaj puta glavna tema je bila organizacija glavnog \u017eupnog pro\u0161tenja. Tako je dogovoreno da proslava blagdana sv. Antuna, za kojeg se pripremamo kroz trinaest utoraka uo\u010di blagdana,&nbsp; zapo\u010dne u ponedjeljak, 9. lipnja na ve\u010dernjoj misi u 18,30&hellip;<\/p>\n","category_list_v2":"<a href=\"https:\/\/www.ofm.hr\/koprivnica\/category\/zupna-vijeca\/\" rel=\"category tag\">\u017dupna vije\u0107a<\/a>","author_info_v2":{"name":"Branko","url":"https:\/\/www.ofm.hr\/koprivnica\/author\/admkp8\/"},"comments_num_v2":"0 comments","_links":{"self":[{"href":"https:\/\/www.ofm.hr\/koprivnica\/wp-json\/wp\/v2\/posts\/2215","targetHints":{"allow":["GET"]}}],"collection":[{"href":"https:\/\/www.ofm.hr\/koprivnica\/wp-json\/wp\/v2\/posts"}],"about":[{"href":"https:\/\/www.ofm.hr\/koprivnica\/wp-json\/wp\/v2\/types\/post"}],"author":[{"embeddable":true,"href":"https:\/\/www.ofm.hr\/koprivnica\/wp-json\/wp\/v2\/users\/1"}],"replies":[{"embeddable":true,"href":"https:\/\/www.ofm.hr\/koprivnica\/wp-json\/wp\/v2\/comments?post=2215"}],"version-history":[{"count":1,"href":"https:\/\/www.ofm.hr\/koprivnica\/wp-json\/wp\/v2\/posts\/2215\/revisions"}],"predecessor-version":[{"id":9236,"href":"https:\/\/www.ofm.hr\/koprivnica\/wp-json\/wp\/v2\/posts\/2215\/revisions\/9236"}],"wp:attachment":[{"href":"https:\/\/www.ofm.hr\/koprivnica\/wp-json\/wp\/v2\/media?parent=2215"}],"wp:term":[{"taxonomy":"category","embeddable":true,"href":"https:\/\/www.ofm.hr\/koprivnica\/wp-json\/wp\/v2\/categories?post=2215"},{"taxonomy":"post_tag","embeddable":true,"href":"https:\/\/www.ofm.hr\/koprivnica\/wp-json\/wp\/v2\/tags?post=2215"}],"curies":[{"name":"wp","href":"https:\/\/api.w.org\/{rel}","templated":true}]}}