{"id":2221,"date":"2022-01-03T14:16:27","date_gmt":"2022-01-03T13:16:27","guid":{"rendered":"https:\/\/ofm.hr\/koprivnica-wp\/?p=2221"},"modified":"2022-01-03T14:16:28","modified_gmt":"2022-01-03T13:16:28","slug":"izbori-za-upno-pastoralno-vijee-u-upi-sv-antuna-padovanskog-23-oujka-2014","status":"publish","type":"post","link":"https:\/\/www.ofm.hr\/koprivnica\/izbori-za-upno-pastoralno-vijee-u-upi-sv-antuna-padovanskog-23-oujka-2014\/","title":{"rendered":"Izbori za \u017eupno pastoralno vije\u0107e u \u017eupi  Sv. Antuna padovanskog &#8211; 23. O\u017eujka 2014."},"content":{"rendered":"<p>Ovo su drugi izbori za \u017dPV otkako sam u \u017eupi. Prvi su bili 2009. i kako se Vije\u0107e bira na pet godina njima je upravo istekao mandat. Ovaj puta odredbom na\u0161eg vara\u017edinskog biskupa Mons. Josipa Mrzljaka izbori su odr\u017eani ove nedjelje u ve\u0107ini \u017eupa na\u0161e Biskupije.<\/p>\n<p><!--more--><\/p>\n<p>Iako smo se spremali na izbore, sama odredba do\u0161la je dosta nenadano pa nismo imali dovoljno vremena da se i bolje pripremimo. Dva tjedna pred izbore zamolili smo vas vjernike da predlo\u017eite osobe za koje smatrate da bi mogle vr\u0161iti slu\u017ebu \u017eupnog pastoralnog vije\u0107nika. na temelju va\u0161ih prijedloga i uz suglasnost onih osoba koje su dobile ve\u0107inu glasova nastala je lista od 20 osoba koje smo vam pro\u0161le nedjelje, 23. o\u017eujka predlo\u017eili da izme\u0111u njih izaberete deset onih koji \u0107e vr\u0161iti tu slu\u017ebu.<\/p>\n<p>U nedjelju, 23. o\u017eujka poslije svake mise na\u0161i \u017eupljani bili su pozvani da u velikoj samostanskoj dvorani glasuju za predlo\u017eene kandidate. Da bi vam olak\u0161ali, imali ste na fotografijama prelo\u017eene kandidate. Na \u017ealost, moramo ustanoviti da se premalo poznamo pa je ovo bila prilika da mnogi prvi put saznaju za imena onih koje vi\u0111aju redovito u crkvi, ali nikad nisu imali potrebe da se bolje upoznaju. Na tom planu treba i dalje raditi kako bismo bili zaista \u017eupna zajednica u kojoj jedni druge znamo ne samo povr\u0161no, nego kao bra\u0107a i sestre koji na svoj na\u010din vodimo i brigu jedni o drugima.<\/p>\n<p>U ponedjeljak se pristupilo brojanju glasova. Komisija se sastojala od o. Marijana, \u017eupnika kao predsjednika i \u010dlanova o. Krunoslava, kapelana, Ane Tot i Ivice Mikora.<\/p>\n<p>Ustanovili smo da su pristupile glasovanju 242 osobe. Jedan listi\u0107 je bio neva\u017ee\u0107i. Na temelju prebrojanih glasova do\u0161li smo do sljede\u0107eg rezultata:<\/p>\n<table style=\"width: 370px;\" cellspacing=\"3\" cellpadding=\"3\" border=\"3\" align=\"center\">\n<thead>\n<tr>\n<th scope=\"row\">broj<\/th>\n<th scope=\"col\">Prezime i ime<\/th>\n<th scope=\"col\">broj glasova<\/th>\n<th style=\"width: 161px;\" scope=\"col\">stan<\/th>\n<\/tr>\n<\/thead>\n<tbody>\n<tr>\n<th scope=\"row\">1.<\/th>\n<td style=\"text-align: center;\"><span style=\"color: #ff0000;\"><strong>\u0160okec Marijela<\/strong><\/span><\/td>\n<td style=\"text-align: center;\"><strong>151<\/strong><\/td>\n<td style=\"width: 161px; text-align: center;\"><strong>P. Sva\u010di\u0107a 10<\/strong><\/td>\n<\/tr>\n<tr>\n<th scope=\"row\">2.<\/th>\n<td style=\"text-align: center;\"><span style=\"color: #ff0000;\"><strong>I\u0161tvanovi\u0107 Marijana<\/strong><\/span><\/td>\n<td style=\"text-align: center;\"><strong>144<\/strong><\/td>\n<td style=\"width: 161px; text-align: center;\"><strong>TKZ 26<\/strong><\/td>\n<\/tr>\n<tr>\n<th scope=\"row\">3.<\/th>\n<td style=\"text-align: center;\"><span style=\"color: #ff0000;\"><strong>Ostri\u017e Damir<\/strong><\/span><\/td>\n<td style=\"text-align: center;\"><strong>138<\/strong><\/td>\n<td style=\"width: 161px; text-align: center;\"><strong>Dubovec 17<\/strong><\/td>\n<\/tr>\n<tr>\n<th scope=\"row\">4.<\/th>\n<td style=\"text-align: center;\"><span style=\"color: #ff0000;\"><strong>Ga\u0161pari\u0107 Ivica<\/strong><\/span><\/td>\n<td style=\"text-align: center;\"><strong>125<\/strong><\/td>\n<td style=\"width: 161px; text-align: center;\"><strong>Mihanovi\u0107eva 29<\/strong><\/td>\n<\/tr>\n<tr>\n<th scope=\"row\">5.<\/th>\n<td style=\"text-align: center;\"><span style=\"color: #ff0000;\"><strong>Juri\u0107 Anita<\/strong><\/span><\/td>\n<td style=\"text-align: center;\"><strong>121<\/strong><\/td>\n<td style=\"width: 161px; text-align: center;\"><strong>TKZ 12<\/strong><\/td>\n<\/tr>\n<tr>\n<th scope=\"row\">6.<\/th>\n<td style=\"text-align: center;\"><span style=\"color: #ff0000;\"><strong>Gojkovi\u0107 \u0160tefica<\/strong><\/span><\/td>\n<td style=\"text-align: center;\"><strong>119<\/strong><\/td>\n<td style=\"width: 161px; text-align: center;\"><strong>Mihanovi\u0107eva 5b<\/strong><\/td>\n<\/tr>\n<tr>\n<th scope=\"row\">7.<\/th>\n<td style=\"text-align: center;\"><span style=\"color: #ff0000;\"><strong>Huzjak Jasna<\/strong><\/span><\/td>\n<td style=\"text-align: center;\"><strong>116<\/strong><\/td>\n<td style=\"width: 161px; text-align: center;\"><strong>TKZ 20<\/strong><\/td>\n<\/tr>\n<tr>\n<th scope=\"row\">8.<\/th>\n<td style=\"text-align: center;\"><span style=\"color: #ff0000;\"><strong>Ma\u0111eri\u0107 Mirjana<\/strong><\/span><\/td>\n<td style=\"text-align: center;\"><strong>110<\/strong><\/td>\n<td style=\"width: 161px; text-align: center;\"><strong>D. Peja\u010devi\u0107 15<\/strong><\/td>\n<\/tr>\n<tr>\n<th scope=\"row\">9.<\/th>\n<td style=\"text-align: center;\"><span style=\"color: #ff0000;\"><strong>Bari\u010di\u0107 Nedjeljko<\/strong><\/span><\/td>\n<td style=\"text-align: center;\"><strong>107<\/strong><\/td>\n<td style=\"width: 161px; text-align: center;\"><strong>Gori\u010dka 31<\/strong><\/td>\n<\/tr>\n<tr>\n<th scope=\"row\">10.<\/th>\n<td style=\"text-align: center;\"><span style=\"color: #ff0000;\"><strong>\u017dini\u0107 Margareta<\/strong><\/span><\/td>\n<td style=\"text-align: center;\"><strong>107<\/strong><\/td>\n<td style=\"width: 161px; text-align: center;\"><strong>A. G. Mato\u0161a 28<\/strong><\/td>\n<\/tr>\n<tr>\n<th scope=\"row\">11.<\/th>\n<td style=\"text-align: center;\">Torma Matija<\/td>\n<td style=\"text-align: center;\">106<\/td>\n<td style=\"width: 161px; text-align: center;\">Be\u010d 10<\/td>\n<\/tr>\n<tr>\n<th scope=\"row\">12.<\/th>\n<td style=\"text-align: center;\">Su\u0161ilovi\u0107 Mirjana<\/td>\n<td style=\"text-align: center;\">105<\/td>\n<td style=\"width: 161px; text-align: center;\">Starogradska 67<\/td>\n<\/tr>\n<tr>\n<th scope=\"row\">13.<\/th>\n<td style=\"text-align: center;\">Petrovi\u0107 Brankica<\/td>\n<td style=\"text-align: center;\">101<\/td>\n<td style=\"width: 161px; text-align: center;\">\u0160poljarska 50<\/td>\n<\/tr>\n<tr>\n<th scope=\"row\">14.<\/th>\n<td style=\"text-align: center;\">Luka\u010di\u0107 Bo\u017ea<\/td>\n<td style=\"text-align: center;\">93<\/td>\n<td style=\"width: 161px; text-align: center;\">P. Sva\u010di\u0107a 17<\/td>\n<\/tr>\n<tr>\n<th scope=\"row\">15.<\/th>\n<td style=\"text-align: center;\">Balent Franjo<\/td>\n<td style=\"text-align: center;\">92<\/td>\n<td style=\"width: 161px; text-align: center;\">Gup\u010deva 13<\/td>\n<\/tr>\n<tr>\n<th scope=\"row\">16.<\/th>\n<td style=\"text-align: center;\">Glavina Ljiljana<\/td>\n<td style=\"text-align: center;\">91<\/td>\n<td style=\"width: 161px; text-align: center;\">D. Peja\u010devi\u0107 11<\/td>\n<\/tr>\n<tr>\n<th scope=\"row\">17.<\/th>\n<td style=\"text-align: center;\">Kresonja Marijana<\/td>\n<td style=\"text-align: center;\">87<\/td>\n<td style=\"width: 161px; text-align: center;\">I. Ma\u017eurani\u0107a 9<\/td>\n<\/tr>\n<tr>\n<th scope=\"row\">18.<\/th>\n<td style=\"text-align: center;\">Petri\u010devi\u0107 Ivica<\/td>\n<td style=\"text-align: center;\">80<\/td>\n<td style=\"width: 161px; text-align: center;\">TKZ 4<\/td>\n<\/tr>\n<tr>\n<th scope=\"row\">19.<\/th>\n<td style=\"text-align: center;\">Petrovi\u0107 Fri\u0161\u010di\u0107 Irena<\/td>\n<td style=\"text-align: center;\">78<\/td>\n<td style=\"width: 161px; text-align: center;\">Cinderi\u0161\u0107e 12<\/td>\n<\/tr>\n<tr>\n<th scope=\"row\">20.<\/th>\n<td style=\"text-align: center;\">Jelak Ru\u017ea<\/td>\n<td style=\"text-align: center;\">63<\/td>\n<td style=\"width: 161px; text-align: center;\">Cvjetna 11<\/td>\n<\/tr>\n<\/tbody>\n<\/table>\n<p>Kao \u0161to je vidljivo iz prilo\u017eene tablice masnim slovima ozna\u010dena su imena prvih deset kandidata koji su po broju glasova prema va\u0161em glasovanju predlo\u017eeni Biskupskom Ordinarijatu da budu potvr\u0111eni za \u010dlanove \u017dPV u vremenu 2014-2019.<\/p>\n<p>Zahvaljujem prvo dosada\u0161njim \u010dlanovima \u017dPV-a koji su u proteklom vremenu svojim radom omogu\u0107ili da se mnoge akcije na razini \u017eupe pokrenu i uspiju. Zahvaljujem svim&nbsp; kandidatima koji su u ovim izborima bili na listi i pokazali da je bila &#8220;o\u0161tra borba&#8221; da se izbore prva mjesta. Ovdje se ne radi o razli\u010ditim &#8220;strankama&#8221; kao na Izborima na koje smo navikli na dru\u0161tvenoj razini. Ovdje smo svi bili i \u017eelimo biti &#8220;Isusova stranka&#8221; pa prema tome ne govorimo o gubitnicima, nego&nbsp; tek o po\u0161tivanju demokratskih principa u izborima za \u017dPV.<\/p>\n<p>Rezultati izbora proslije\u0111eni su Biskupskom Ordinarijatu u Vara\u017edin i kako je predvi\u0111eno u jednu nedjelju poslije Uskrsa sve\u010dano \u0107emo proglasiti izabrane \u010dlanove \u017dPV-a. Uz ovo desetero predlo\u017eenih kandidata u \u017dPV ulaze jo\u0161 i oni koje \u017eupnik ima pravo imenovati, a to su, po abecednom redu:<\/p>\n<p><strong>Buni\u0107 Marko<\/strong>, dipl. ing elektrotehnike r. 1982. sa stanom u Mari\u0161kinoj 9<\/p>\n<p><strong>Emer\u0161i\u0107 Vedran<\/strong>, vjerou\u010ditelj r. 1974. sa stanom u P. Sva\u010di\u0107a 6<\/p>\n<p><strong>\u0160venda Zoran<\/strong>, ing. gra\u0111evine r. 1969. sa stanom u Kr. Jelene 26<\/p>\n<p><strong>Terzi\u0107 Petra<\/strong>, student r. 1988. sa stanom u Mihanovi\u0107evoj 15<\/p>\n<p><strong>Tot Ana<\/strong>, u\u010diteljica r. 1980. sa stanom u Bjelovarskoj 19a<\/p>\n<p>Svima \u010destitam, ne samo izabranima, nego i kandidatima koji su sudjelovali na izbornoj listi. Nadam se da \u0107e i oni kao &#8220;vanjski suradnici&#8221; pokazati zauzetost da \u017eupna zajednica i dalje napreduje.<\/p>\n<p align=\"right\">o. Marijan Opitz, \u017eupnik<\/p>\n","protected":false},"excerpt":{"rendered":"<p>Ovo su drugi izbori za \u017dPV otkako sam u \u017eupi. Prvi su bili 2009. i kako se Vije\u0107e bira na pet godina njima je upravo istekao mandat. Ovaj puta odredbom na\u0161eg vara\u017edinskog biskupa Mons. Josipa Mrzljaka izbori su odr\u017eani ove nedjelje u ve\u0107ini \u017eupa na\u0161e Biskupije.<\/p>\n","protected":false},"author":1,"featured_media":0,"comment_status":"closed","ping_status":"open","sticky":false,"template":"","format":"standard","meta":{"qubely_global_settings":"","qubely_interactions":"","footnotes":""},"categories":[160],"tags":[],"class_list":["post-2221","post","type-post","status-publish","format-standard","hentry","category-zupna-vijeca"],"blocksy_meta":{"styles_descriptor":{"styles":{"desktop":"","tablet":"","mobile":""},"google_fonts":[],"version":6}},"qubely_featured_image_url":null,"qubely_author":{"display_name":"Branko","author_link":"https:\/\/www.ofm.hr\/koprivnica\/author\/admkp8\/"},"qubely_comment":0,"qubely_category":"<a href=\"https:\/\/www.ofm.hr\/koprivnica\/category\/zupna-vijeca\/\" rel=\"category tag\">\u017dupna vije\u0107a<\/a>","qubely_excerpt":"Ovo su drugi izbori za \u017dPV otkako sam u \u017eupi. Prvi su bili 2009. i kako se Vije\u0107e bira na pet godina njima je upravo istekao mandat. Ovaj puta odredbom na\u0161eg vara\u017edinskog biskupa Mons. Josipa Mrzljaka izbori su odr\u017eani ove nedjelje u ve\u0107ini \u017eupa na\u0161e Biskupije.","featured_image_urls_v2":{"full":"","thumbnail":"","medium":"","medium_large":"","large":"","1536x1536":"","2048x2048":"","qubely_landscape":"","qubely_portrait":"","qubely_thumbnail":""},"post_excerpt_stackable_v2":"<p>Ovo su drugi izbori za \u017dPV otkako sam u \u017eupi. Prvi su bili 2009. i kako se Vije\u0107e bira na pet godina njima je upravo istekao mandat. Ovaj puta odredbom na\u0161eg vara\u017edinskog biskupa Mons. Josipa Mrzljaka izbori su odr\u017eani ove nedjelje u ve\u0107ini \u017eupa na\u0161e Biskupije. Iako smo se spremali na izbore, sama odredba do\u0161la je dosta nenadano pa nismo imali dovoljno vremena da se i bolje pripremimo. Dva tjedna pred izbore zamolili smo vas vjernike da predlo\u017eite osobe za koje smatrate da bi mogle vr\u0161iti slu\u017ebu \u017eupnog pastoralnog vije\u0107nika. na temelju va\u0161ih prijedloga i uz suglasnost onih osoba koje&hellip;<\/p>\n","category_list_v2":"<a href=\"https:\/\/www.ofm.hr\/koprivnica\/category\/zupna-vijeca\/\" rel=\"category tag\">\u017dupna vije\u0107a<\/a>","author_info_v2":{"name":"Branko","url":"https:\/\/www.ofm.hr\/koprivnica\/author\/admkp8\/"},"comments_num_v2":"0 comments","_links":{"self":[{"href":"https:\/\/www.ofm.hr\/koprivnica\/wp-json\/wp\/v2\/posts\/2221","targetHints":{"allow":["GET"]}}],"collection":[{"href":"https:\/\/www.ofm.hr\/koprivnica\/wp-json\/wp\/v2\/posts"}],"about":[{"href":"https:\/\/www.ofm.hr\/koprivnica\/wp-json\/wp\/v2\/types\/post"}],"author":[{"embeddable":true,"href":"https:\/\/www.ofm.hr\/koprivnica\/wp-json\/wp\/v2\/users\/1"}],"replies":[{"embeddable":true,"href":"https:\/\/www.ofm.hr\/koprivnica\/wp-json\/wp\/v2\/comments?post=2221"}],"version-history":[{"count":1,"href":"https:\/\/www.ofm.hr\/koprivnica\/wp-json\/wp\/v2\/posts\/2221\/revisions"}],"predecessor-version":[{"id":9235,"href":"https:\/\/www.ofm.hr\/koprivnica\/wp-json\/wp\/v2\/posts\/2221\/revisions\/9235"}],"wp:attachment":[{"href":"https:\/\/www.ofm.hr\/koprivnica\/wp-json\/wp\/v2\/media?parent=2221"}],"wp:term":[{"taxonomy":"category","embeddable":true,"href":"https:\/\/www.ofm.hr\/koprivnica\/wp-json\/wp\/v2\/categories?post=2221"},{"taxonomy":"post_tag","embeddable":true,"href":"https:\/\/www.ofm.hr\/koprivnica\/wp-json\/wp\/v2\/tags?post=2221"}],"curies":[{"name":"wp","href":"https:\/\/api.w.org\/{rel}","templated":true}]}}