{"id":2373,"date":"2022-03-06T22:43:53","date_gmt":"2022-03-06T21:43:53","guid":{"rendered":"https:\/\/ofm.hr\/koprivnica-wp\/?p=2373"},"modified":"2022-03-06T22:51:44","modified_gmt":"2022-03-06T21:51:44","slug":"susret-zajednica-vjera-i-svjetlo-na-blagdan-svijenice","status":"publish","type":"post","link":"https:\/\/www.ofm.hr\/koprivnica\/susret-zajednica-vjera-i-svjetlo-na-blagdan-svijenice\/","title":{"rendered":"Susret zajednica \u201eVjera i svjetlo\u201c na blagdan Svije\u0107nice"},"content":{"rendered":"<p style=\"text-align: center;\"><iframe loading=\"lazy\" src=\"\/\/www.youtube.com\/embed\/7hRHSoedTuk?list=UUHwKPzIH1H9FA2Y-oHktB4w\" width=\"150\" height=\"113\" allowfullscreen=\"allowfullscreen\"><\/iframe>&nbsp;&nbsp;&nbsp;&nbsp;&nbsp;&nbsp;&nbsp;&nbsp;&nbsp;&nbsp;&nbsp;&nbsp;&nbsp;<iframe loading=\"lazy\" src=\"\/\/www.youtube.com\/embed\/aa_rFZWIiwI?list=UUHwKPzIH1H9FA2Y-oHktB4w\" width=\"150\" height=\"113\" allowfullscreen=\"allowfullscreen\"><\/iframe><\/p>\n<p style=\"text-align: justify;\">Svije\u0107nica je. Dan kada se sve zajednice &bdquo;Vjera i svjetlo&ldquo; u svijetu okupljaju na zajedni\u010dku molitvu i dru\u017eenje. Ove godine mi, &bdquo;Antunovi ljiljani&ldquo;, bili smo doma\u0107ini zajednicama iz \u010cakovca, Klo&scaron;tra Podravskog, \u0110ur\u0111evca i Virovitice. Radosni &scaron;to smo \u010duli da \u0107e se \u010dlanovi zajednica odazvati u velikom broju bili smo spremni da ih puna srca do\u010dekamo da zajedno s njima proslavimo dan Kristove svjetlosti i na&scaron; dan. Okupljanje je zapo\u010delo ve\u0107 negdje oko 16,00 sati. &Scaron;arenilo ki&scaron;obrana na&scaron;ih dragih gostiju i prijatelja rastjerao je tamne oblake iz kojih je te subote neumorno padala ki&scaron;a. Razdragana lica, &scaron;iroki osmjesi, &scaron;to dragih nam prijatelja, &scaron;to nas doma\u0107ina, dalo je naslutiti da \u0107e to biti jedna lijepa ve\u010der, ve\u010der u kojoj \u0107emo kao najve\u0107eg gosta pozvati Isusa da s nama podijeli tu svjetlost koja nam tako&nbsp; puno daje snage, ljubavi, nade i otkriva nove putove koji su pred nama. Pater Kruno i Vedran sve su lijepo na po\u010detku pozdravili, najavili &scaron;to smo sve pripremili i kako \u0107e izgledati taj na&scaron; zajedni\u010dki susret te pozvali na pjesmu. Po&scaron;to se ove godine u Hrvatskoj slavi 20 godina postojanja &bdquo;Vjere i svjetla&ldquo; kratkim smo igrokazom prikazali kako je uop\u0107e zapo\u010deo taj pokret u svijetu, a nakon toga otpjevali smo nekoliko pjesama. Na poseban na\u010din izmolila se himna &bdquo;Vjere i svjetla&ldquo; te su prijatelji iz svake zajednice zapalili svje\u0107ice, polo\u017eili ih na na&scaron; mali oltar u dvorani i tako prikazali znak Kristove svjetlosti prisutne me\u0111u svima nama. Izmoliv&scaron;i krunicu, svi zajedno oti&scaron;li smo na misu. Misnom slavlju proslave blagdana Svije\u0107nice pridonijele su sve zajednice, bilo kao ministranti, \u010dita\u010di, glumci koji su o\u017eivljavali Evan\u0111elje, bilo izvo\u0111enjem prigodnih pjesma. Bilo je zaista prelijepo. No, to svakako nije bilo sve. Agape. To je onaj dio susreta kad razmjenjujemo rije\u010di, kad pru\u017eamo jedni drugima ruke, zagrljaje, kada slavimo na&scaron;e dru\u017eenje, na&scaron;u ljubav prema Isusu koji nas i na ovakav na\u010din spaja. Baloni svih boja, kola\u010da i poslastica svih vrsta, pjesama razli\u010ditih nota. Svega toga je bilo, a u zraku se mogla osjetiti samo velika radost. Usred pjesme i plesa odjednom su se ugasila sva svjetla. Tiho i polako otvorila su se jedna vrata a kroz njih na rukama na&scaron;e drage prijateljice u&scaron;la je torta s upaljenom ro\u0111endanskom svije\u0107om. Da, ro\u0111endan je. 20 godina &bdquo;Vjere i svjetla&ldquo; u Hrvatskoj, a \u010dak 40 godina u cijelome svijetu. To je bio stvarno dobar razlog za slavlje. Slavilo se, pjevalo, plesalo i radovalo, ali je i vrijeme nemilosrdno prolazilo. Na&scaron;i dragi prijatelji trebali su po\u0107i. Ne mogu zaboraviti kako mi je jedan prijatelj iz \u010cakovca rekao: &bdquo;Za&scaron;to se mora i\u0107i kada je najljep&scaron;e?!&ldquo;, a onda je sam i odgovorio: &bdquo;&#8230; pa ba&scaron; zato jer to su trenuci koji se pamte!&ldquo; Zato, dragi na&scaron;i prijatelji, hvala vam svima iz srca &scaron;to ste nam do&scaron;li, &scaron;to smo ovaj dan Kristove svjetlosti jo&scaron; vi&scaron;e raspr&scaron;ili, ba&scaron; poput krijesnica koje neumorno svijetle u mraku, i &scaron;to vas je bilo lijepo opet vidjeti. I ono najva\u017enije, &scaron;to Isusov plamen prijateljstva sad jo&scaron; ja\u010de gori u svima nama.<\/p>\n<p style=\"text-align: justify;\">Koraljka Ko&scaron;uta, prijatelj &bdquo;ViS&ldquo;<\/p>\n<p style=\"text-align: justify;\"><a href=\"https:\/\/www.ofm.hr\/koprivnica\/wp-content\/uploads\/2013\/06\/i1265.photobucket.com_albums_jj513_a-padovanski_web-10_P2020009.jpg\" rel=\"lightbox[gallery-2.2.13.] mce_thref=\" class=\"thickbox\">{ppgallery}<img loading=\"lazy\" decoding=\"async\" class=\" size-full wp-image-2357\" src=\"https:\/\/www.ofm.hr\/koprivnica\/wp-content\/uploads\/2013\/06\/i1265.photobucket.com_albums_jj513_a-padovanski_web-10_P2020009.jpg\" alt=\"\" width=\"128\" height=\"90\" border=\"0\" \/><\/a> <a href=\"https:\/\/www.ofm.hr\/koprivnica\/wp-content\/uploads\/2013\/06\/i1265.photobucket.com_albums_jj513_a-padovanski_web-10_P2020011.jpg\" rel=\"lightbox[gallery-2.2.13.] mce_thref=\" class=\"thickbox\"><img loading=\"lazy\" decoding=\"async\" class=\" size-full wp-image-2358\" src=\"https:\/\/www.ofm.hr\/koprivnica\/wp-content\/uploads\/2013\/06\/i1265.photobucket.com_albums_jj513_a-padovanski_web-10_P2020011.jpg\" alt=\"\" width=\"128\" height=\"90\" border=\"0\" \/><\/a> <a href=\"https:\/\/www.ofm.hr\/koprivnica\/wp-content\/uploads\/2013\/06\/i1265.photobucket.com_albums_jj513_a-padovanski_web-10_P2020019.jpg\" rel=\"lightbox[gallery-2.2.13.] mce_thref=\" class=\"thickbox\"><img loading=\"lazy\" decoding=\"async\" class=\" size-full wp-image-2359\" src=\"https:\/\/www.ofm.hr\/koprivnica\/wp-content\/uploads\/2013\/06\/i1265.photobucket.com_albums_jj513_a-padovanski_web-10_P2020019.jpg\" alt=\"\" width=\"128\" height=\"90\" border=\"0\" \/><\/a><\/p>\n<p style=\"text-align: justify;\"><a href=\"https:\/\/www.ofm.hr\/koprivnica\/wp-content\/uploads\/2013\/06\/i1265.photobucket.com_albums_jj513_a-padovanski_web-10_P2020023.jpg\" rel=\"lightbox[gallery-2.2.13.] mce_thref=\" class=\"thickbox\"><img loading=\"lazy\" decoding=\"async\" class=\" size-full wp-image-2360\" src=\"https:\/\/www.ofm.hr\/koprivnica\/wp-content\/uploads\/2013\/06\/i1265.photobucket.com_albums_jj513_a-padovanski_web-10_P2020023.jpg\" alt=\"\" width=\"128\" height=\"90\" border=\"0\" \/><\/a> <a href=\"https:\/\/www.ofm.hr\/koprivnica\/wp-content\/uploads\/2013\/06\/i1265.photobucket.com_albums_jj513_a-padovanski_web-10_P2020025.jpg\" rel=\"lightbox[gallery-2.2.13.] mce_thref=\" class=\"thickbox\"><img loading=\"lazy\" decoding=\"async\" class=\" size-full wp-image-2361\" src=\"https:\/\/www.ofm.hr\/koprivnica\/wp-content\/uploads\/2013\/06\/i1265.photobucket.com_albums_jj513_a-padovanski_web-10_P2020025.jpg\" alt=\"\" width=\"128\" height=\"90\" border=\"0\" \/><\/a> <a href=\"https:\/\/www.ofm.hr\/koprivnica\/wp-content\/uploads\/2013\/06\/i1265.photobucket.com_albums_jj513_a-padovanski_web-10_P2020033.jpg\" rel=\"lightbox[gallery-2.2.13.] mce_thref=\" class=\"thickbox\"><img loading=\"lazy\" decoding=\"async\" class=\" size-full wp-image-2362\" src=\"https:\/\/www.ofm.hr\/koprivnica\/wp-content\/uploads\/2013\/06\/i1265.photobucket.com_albums_jj513_a-padovanski_web-10_P2020033.jpg\" alt=\"\" width=\"128\" height=\"90\" border=\"0\" \/><\/a><\/p>\n<p style=\"text-align: justify;\"><a href=\"https:\/\/www.ofm.hr\/koprivnica\/wp-content\/uploads\/2013\/06\/i1265.photobucket.com_albums_jj513_a-padovanski_web-10_P2020037.jpg\" rel=\"lightbox[gallery-2.2.13.] mce_thref=\" class=\"thickbox\"><img loading=\"lazy\" decoding=\"async\" class=\" size-full wp-image-2363\" src=\"https:\/\/www.ofm.hr\/koprivnica\/wp-content\/uploads\/2013\/06\/i1265.photobucket.com_albums_jj513_a-padovanski_web-10_P2020037.jpg\" alt=\"\" width=\"128\" height=\"90\" border=\"0\" \/><\/a> <a href=\"https:\/\/www.ofm.hr\/koprivnica\/wp-content\/uploads\/2013\/06\/i1265.photobucket.com_albums_jj513_a-padovanski_web-10_P2020039.jpg\" rel=\"lightbox[gallery-2.2.13.] mce_thref=\" class=\"thickbox\"><img loading=\"lazy\" decoding=\"async\" class=\" size-full wp-image-2364\" src=\"https:\/\/www.ofm.hr\/koprivnica\/wp-content\/uploads\/2013\/06\/i1265.photobucket.com_albums_jj513_a-padovanski_web-10_P2020039.jpg\" alt=\"\" width=\"128\" height=\"90\" border=\"0\" \/><\/a> <a href=\"https:\/\/www.ofm.hr\/koprivnica\/wp-content\/uploads\/2013\/06\/i1265.photobucket.com_albums_jj513_a-padovanski_web-10_P2020043.jpg\" rel=\"lightbox[gallery-2.2.13.] mce_thref=\" class=\"thickbox\"><img loading=\"lazy\" decoding=\"async\" class=\" size-full wp-image-2365\" src=\"https:\/\/www.ofm.hr\/koprivnica\/wp-content\/uploads\/2013\/06\/i1265.photobucket.com_albums_jj513_a-padovanski_web-10_P2020043.jpg\" alt=\"\" width=\"128\" height=\"90\" border=\"0\" \/><\/a><\/p>\n<p style=\"text-align: justify;\"><a href=\"https:\/\/www.ofm.hr\/koprivnica\/wp-content\/uploads\/2013\/06\/i1265.photobucket.com_albums_jj513_a-padovanski_web-10_P2020044.jpg\" rel=\"lightbox[gallery-2.2.13.] mce_thref=\" class=\"thickbox\"><img loading=\"lazy\" decoding=\"async\" class=\" size-full wp-image-2366\" src=\"https:\/\/www.ofm.hr\/koprivnica\/wp-content\/uploads\/2013\/06\/i1265.photobucket.com_albums_jj513_a-padovanski_web-10_P2020044.jpg\" alt=\"\" width=\"128\" height=\"90\" border=\"0\" \/><\/a> <a href=\"https:\/\/www.ofm.hr\/koprivnica\/wp-content\/uploads\/2013\/06\/i1265.photobucket.com_albums_jj513_a-padovanski_web-10_P2020052.jpg\" rel=\"lightbox[gallery-2.2.13.] mce_thref=\" class=\"thickbox\"><img loading=\"lazy\" decoding=\"async\" class=\" size-full wp-image-2367\" src=\"https:\/\/www.ofm.hr\/koprivnica\/wp-content\/uploads\/2013\/06\/i1265.photobucket.com_albums_jj513_a-padovanski_web-10_P2020052.jpg\" alt=\"\" width=\"128\" height=\"90\" border=\"0\" \/><\/a> <a href=\"https:\/\/www.ofm.hr\/koprivnica\/wp-content\/uploads\/2013\/06\/i1265.photobucket.com_albums_jj513_a-padovanski_web-10_P2020056.jpg\" rel=\"lightbox[gallery-2.2.13.] mce_thref=\" class=\"thickbox\"><img loading=\"lazy\" decoding=\"async\" class=\" size-full wp-image-2368\" src=\"https:\/\/www.ofm.hr\/koprivnica\/wp-content\/uploads\/2013\/06\/i1265.photobucket.com_albums_jj513_a-padovanski_web-10_P2020056.jpg\" alt=\"\" width=\"128\" height=\"90\" border=\"0\" \/><\/a><\/p>\n<p style=\"text-align: justify;\"><a href=\"https:\/\/www.ofm.hr\/koprivnica\/wp-content\/uploads\/2013\/06\/i1265.photobucket.com_albums_jj513_a-padovanski_web-10_P2020058.jpg\" rel=\"lightbox[gallery-2.2.13.] mce_thref=\" class=\"thickbox\"><img loading=\"lazy\" decoding=\"async\" class=\" size-full wp-image-2369\" src=\"https:\/\/www.ofm.hr\/koprivnica\/wp-content\/uploads\/2013\/06\/i1265.photobucket.com_albums_jj513_a-padovanski_web-10_P2020058.jpg\" alt=\"\" width=\"128\" height=\"90\" border=\"0\" \/><\/a> <a href=\"https:\/\/www.ofm.hr\/koprivnica\/wp-content\/uploads\/2013\/06\/i1265.photobucket.com_albums_jj513_a-padovanski_web-10_P2020060.jpg\" rel=\"lightbox[gallery-2.2.13.] mce_thref=\" class=\"thickbox\"><img loading=\"lazy\" decoding=\"async\" class=\" size-full wp-image-2370\" src=\"https:\/\/www.ofm.hr\/koprivnica\/wp-content\/uploads\/2013\/06\/i1265.photobucket.com_albums_jj513_a-padovanski_web-10_P2020060.jpg\" alt=\"\" width=\"128\" height=\"90\" border=\"0\" \/><\/a> <a href=\"https:\/\/www.ofm.hr\/koprivnica\/wp-content\/uploads\/2013\/06\/i1265.photobucket.com_albums_jj513_a-padovanski_web-10_P2020063.jpg\" rel=\"lightbox[gallery-2.2.13.] mce_thref=\" class=\"thickbox\"><img loading=\"lazy\" decoding=\"async\" class=\" size-full wp-image-2371\" src=\"https:\/\/www.ofm.hr\/koprivnica\/wp-content\/uploads\/2013\/06\/i1265.photobucket.com_albums_jj513_a-padovanski_web-10_P2020063.jpg\" alt=\"\" width=\"128\" height=\"90\" border=\"0\" \/><\/a><\/p>\n<p style=\"text-align: justify;\"><a href=\"https:\/\/www.ofm.hr\/koprivnica\/wp-content\/uploads\/2013\/06\/i1265.photobucket.com_albums_jj513_a-padovanski_web-10_P2020066.jpg\" rel=\"lightbox[gallery-2.2.13.] mce_thref=\" class=\"thickbox\"><img loading=\"lazy\" decoding=\"async\" class=\" size-full wp-image-2372\" src=\"https:\/\/www.ofm.hr\/koprivnica\/wp-content\/uploads\/2013\/06\/i1265.photobucket.com_albums_jj513_a-padovanski_web-10_P2020066.jpg\" alt=\"\" width=\"128\" height=\"90\" border=\"0\" \/>{\/ppgallery}<\/a><\/p>\n","protected":false},"excerpt":{"rendered":"<p>&nbsp;&nbsp;&nbsp;&nbsp;&nbsp;&nbsp;&nbsp;&nbsp;&nbsp;&nbsp;&nbsp;&nbsp;&nbsp; Svije\u0107nica je. Dan kada se sve zajednice &bdquo;Vjera i svjetlo&ldquo; u svijetu okupljaju na zajedni\u010dku molitvu i dru\u017eenje. Ove godine mi, &bdquo;Antunovi ljiljani&ldquo;, bili smo doma\u0107ini zajednicama iz \u010cakovca, Klo&scaron;tra Podravskog, \u0110ur\u0111evca i Virovitice. Radosni &scaron;to smo \u010duli da \u0107e se \u010dlanovi zajednica odazvati u velikom broju bili smo spremni da ih puna srca [&hellip;]<\/p>\n","protected":false},"author":1,"featured_media":2357,"comment_status":"closed","ping_status":"open","sticky":false,"template":"","format":"standard","meta":{"qubely_global_settings":"","qubely_interactions":"","footnotes":""},"categories":[41],"tags":[],"class_list":["post-2373","post","type-post","status-publish","format-standard","has-post-thumbnail","hentry","category-vjera-i-svjetlo"],"blocksy_meta":{"styles_descriptor":{"styles":{"desktop":"","tablet":"","mobile":""},"google_fonts":[],"version":6}},"qubely_featured_image_url":{"full":["https:\/\/www.ofm.hr\/koprivnica\/wp-content\/uploads\/2013\/06\/i1265.photobucket.com_albums_jj513_a-padovanski_web-10_P2020009.jpg",640,480,false],"landscape":["https:\/\/www.ofm.hr\/koprivnica\/wp-content\/uploads\/2013\/06\/i1265.photobucket.com_albums_jj513_a-padovanski_web-10_P2020009.jpg",640,480,false],"portraits":["https:\/\/www.ofm.hr\/koprivnica\/wp-content\/uploads\/2013\/06\/i1265.photobucket.com_albums_jj513_a-padovanski_web-10_P2020009.jpg",427,320,false],"thumbnail":["https:\/\/www.ofm.hr\/koprivnica\/wp-content\/uploads\/2013\/06\/i1265.photobucket.com_albums_jj513_a-padovanski_web-10_P2020009-150x150.jpg",150,150,true],"medium":["https:\/\/www.ofm.hr\/koprivnica\/wp-content\/uploads\/2013\/06\/i1265.photobucket.com_albums_jj513_a-padovanski_web-10_P2020009-300x225.jpg",300,225,true],"medium_large":["https:\/\/www.ofm.hr\/koprivnica\/wp-content\/uploads\/2013\/06\/i1265.photobucket.com_albums_jj513_a-padovanski_web-10_P2020009.jpg",640,480,false],"large":["https:\/\/www.ofm.hr\/koprivnica\/wp-content\/uploads\/2013\/06\/i1265.photobucket.com_albums_jj513_a-padovanski_web-10_P2020009.jpg",640,480,false],"1536x1536":["https:\/\/www.ofm.hr\/koprivnica\/wp-content\/uploads\/2013\/06\/i1265.photobucket.com_albums_jj513_a-padovanski_web-10_P2020009.jpg",640,480,false],"2048x2048":["https:\/\/www.ofm.hr\/koprivnica\/wp-content\/uploads\/2013\/06\/i1265.photobucket.com_albums_jj513_a-padovanski_web-10_P2020009.jpg",640,480,false],"qubely_landscape":["https:\/\/www.ofm.hr\/koprivnica\/wp-content\/uploads\/2013\/06\/i1265.photobucket.com_albums_jj513_a-padovanski_web-10_P2020009.jpg",640,480,false],"qubely_portrait":["https:\/\/www.ofm.hr\/koprivnica\/wp-content\/uploads\/2013\/06\/i1265.photobucket.com_albums_jj513_a-padovanski_web-10_P2020009.jpg",427,320,false],"qubely_thumbnail":["https:\/\/www.ofm.hr\/koprivnica\/wp-content\/uploads\/2013\/06\/i1265.photobucket.com_albums_jj513_a-padovanski_web-10_P2020009.jpg",133,100,false]},"qubely_author":{"display_name":"Branko","author_link":"https:\/\/www.ofm.hr\/koprivnica\/author\/admkp8\/"},"qubely_comment":0,"qubely_category":"<a href=\"https:\/\/www.ofm.hr\/koprivnica\/category\/pastoralne-aktivnosti\/vjera-i-svjetlo\/\" rel=\"category tag\">VJERA I SVJETLO<\/a>","qubely_excerpt":"&nbsp;&nbsp;&nbsp;&nbsp;&nbsp;&nbsp;&nbsp;&nbsp;&nbsp;&nbsp;&nbsp;&nbsp;&nbsp; Svije\u0107nica je. Dan kada se sve zajednice &bdquo;Vjera i svjetlo&ldquo; u svijetu okupljaju na zajedni\u010dku molitvu i dru\u017eenje. Ove godine mi, &bdquo;Antunovi ljiljani&ldquo;, bili smo doma\u0107ini zajednicama iz \u010cakovca, Klo&scaron;tra Podravskog, \u0110ur\u0111evca i Virovitice. Radosni &scaron;to smo \u010duli da \u0107e se \u010dlanovi zajednica odazvati u velikom broju bili smo spremni da ih puna srca&hellip;","featured_image_urls_v2":{"full":["https:\/\/www.ofm.hr\/koprivnica\/wp-content\/uploads\/2013\/06\/i1265.photobucket.com_albums_jj513_a-padovanski_web-10_P2020009.jpg",640,480,false],"thumbnail":["https:\/\/www.ofm.hr\/koprivnica\/wp-content\/uploads\/2013\/06\/i1265.photobucket.com_albums_jj513_a-padovanski_web-10_P2020009-150x150.jpg",150,150,true],"medium":["https:\/\/www.ofm.hr\/koprivnica\/wp-content\/uploads\/2013\/06\/i1265.photobucket.com_albums_jj513_a-padovanski_web-10_P2020009-300x225.jpg",300,225,true],"medium_large":["https:\/\/www.ofm.hr\/koprivnica\/wp-content\/uploads\/2013\/06\/i1265.photobucket.com_albums_jj513_a-padovanski_web-10_P2020009.jpg",640,480,false],"large":["https:\/\/www.ofm.hr\/koprivnica\/wp-content\/uploads\/2013\/06\/i1265.photobucket.com_albums_jj513_a-padovanski_web-10_P2020009.jpg",640,480,false],"1536x1536":["https:\/\/www.ofm.hr\/koprivnica\/wp-content\/uploads\/2013\/06\/i1265.photobucket.com_albums_jj513_a-padovanski_web-10_P2020009.jpg",640,480,false],"2048x2048":["https:\/\/www.ofm.hr\/koprivnica\/wp-content\/uploads\/2013\/06\/i1265.photobucket.com_albums_jj513_a-padovanski_web-10_P2020009.jpg",640,480,false],"qubely_landscape":["https:\/\/www.ofm.hr\/koprivnica\/wp-content\/uploads\/2013\/06\/i1265.photobucket.com_albums_jj513_a-padovanski_web-10_P2020009.jpg",640,480,false],"qubely_portrait":["https:\/\/www.ofm.hr\/koprivnica\/wp-content\/uploads\/2013\/06\/i1265.photobucket.com_albums_jj513_a-padovanski_web-10_P2020009.jpg",427,320,false],"qubely_thumbnail":["https:\/\/www.ofm.hr\/koprivnica\/wp-content\/uploads\/2013\/06\/i1265.photobucket.com_albums_jj513_a-padovanski_web-10_P2020009.jpg",133,100,false]},"post_excerpt_stackable_v2":"<p>&nbsp;&nbsp;&nbsp;&nbsp;&nbsp;&nbsp;&nbsp;&nbsp;&nbsp;&nbsp;&nbsp;&nbsp;&nbsp; Svije\u0107nica je. Dan kada se sve zajednice &bdquo;Vjera i svjetlo&ldquo; u svijetu okupljaju na zajedni\u010dku molitvu i dru\u017eenje. Ove godine mi, &bdquo;Antunovi ljiljani&ldquo;, bili smo doma\u0107ini zajednicama iz \u010cakovca, Klo&scaron;tra Podravskog, \u0110ur\u0111evca i Virovitice. Radosni &scaron;to smo \u010duli da \u0107e se \u010dlanovi zajednica odazvati u velikom broju bili smo spremni da ih puna srca do\u010dekamo da zajedno s njima proslavimo dan Kristove svjetlosti i na&scaron; dan. Okupljanje je zapo\u010delo ve\u0107 negdje oko 16,00 sati. &Scaron;arenilo ki&scaron;obrana na&scaron;ih dragih gostiju i prijatelja rastjerao je tamne oblake iz kojih je te subote neumorno padala ki&scaron;a. Razdragana lica, &scaron;iroki osmjesi, &scaron;to dragih&hellip;<\/p>\n","category_list_v2":"<a href=\"https:\/\/www.ofm.hr\/koprivnica\/category\/pastoralne-aktivnosti\/vjera-i-svjetlo\/\" rel=\"category tag\">VJERA I SVJETLO<\/a>","author_info_v2":{"name":"Branko","url":"https:\/\/www.ofm.hr\/koprivnica\/author\/admkp8\/"},"comments_num_v2":"0 comments","_links":{"self":[{"href":"https:\/\/www.ofm.hr\/koprivnica\/wp-json\/wp\/v2\/posts\/2373","targetHints":{"allow":["GET"]}}],"collection":[{"href":"https:\/\/www.ofm.hr\/koprivnica\/wp-json\/wp\/v2\/posts"}],"about":[{"href":"https:\/\/www.ofm.hr\/koprivnica\/wp-json\/wp\/v2\/types\/post"}],"author":[{"embeddable":true,"href":"https:\/\/www.ofm.hr\/koprivnica\/wp-json\/wp\/v2\/users\/1"}],"replies":[{"embeddable":true,"href":"https:\/\/www.ofm.hr\/koprivnica\/wp-json\/wp\/v2\/comments?post=2373"}],"version-history":[{"count":1,"href":"https:\/\/www.ofm.hr\/koprivnica\/wp-json\/wp\/v2\/posts\/2373\/revisions"}],"predecessor-version":[{"id":11071,"href":"https:\/\/www.ofm.hr\/koprivnica\/wp-json\/wp\/v2\/posts\/2373\/revisions\/11071"}],"wp:featuredmedia":[{"embeddable":true,"href":"https:\/\/www.ofm.hr\/koprivnica\/wp-json\/wp\/v2\/media\/2357"}],"wp:attachment":[{"href":"https:\/\/www.ofm.hr\/koprivnica\/wp-json\/wp\/v2\/media?parent=2373"}],"wp:term":[{"taxonomy":"category","embeddable":true,"href":"https:\/\/www.ofm.hr\/koprivnica\/wp-json\/wp\/v2\/categories?post=2373"},{"taxonomy":"post_tag","embeddable":true,"href":"https:\/\/www.ofm.hr\/koprivnica\/wp-json\/wp\/v2\/tags?post=2373"}],"curies":[{"name":"wp","href":"https:\/\/api.w.org\/{rel}","templated":true}]}}