{"id":2415,"date":"2022-03-06T22:43:53","date_gmt":"2022-03-06T21:43:53","guid":{"rendered":"https:\/\/ofm.hr\/koprivnica-wp\/?p=2415"},"modified":"2022-03-06T22:43:53","modified_gmt":"2022-03-06T21:43:53","slug":"susret-zajednice-vjera-i-svjetlo-sv-stjepan-ovjek-mudrosti","status":"publish","type":"post","link":"https:\/\/www.ofm.hr\/koprivnica\/susret-zajednice-vjera-i-svjetlo-sv-stjepan-ovjek-mudrosti\/","title":{"rendered":"Susret Zajednice Vjera i svjetlo \u2013 Sv. Stjepan, \u010dovjek mudrosti"},"content":{"rendered":"<p style=\"text-align: justify;\">Po\u010dela bih osvrt na susret koji se zbio ovog mjeseca (mjeseca o\u017eujka) tzv. molitvom siromaha, a koja glasi: &bdquo;Isuse, dajem Ti svoj \u017eivot.&ldquo; Ova molitva na najjednostavniji na\u010din prikazuje snagu vjere onog koji je slijedio Isusa Krista i prvi dao svoj \u017eivot za Njega. Bio je to sv. Stjepan, \u010dovjek pun mudrosti, Duha Svetoga i ljubavi prema bra\u0107i i sestrama. Upravo je njemu ovo na&scaron;e duhovno dru\u017eenje bilo posve\u0107eno.<\/p>\n<p style=\"text-align: justify;\">Pozdravne rije\u010di, kratke informacije, molitva i pjesma na po\u010detku susreta bile su uvod u ono &scaron;to se je sve doga\u0111alo na tom susretu. Dubravka nam je lijepo opisala tko je to bio sv. Stjepan i kako je Isus Krist utjecao na njegov \u017eivot. Dobro je poznato da je on bio glasnik Radosne vijesti i da je ba&scaron; radi toga prvi dao svoj \u017eivot za Isusa Krista jer ga je htio slijediti u vjeri ne uzimaju\u0107i za zlo onima koji su ga radi toga osudili i kamenovali. Naprotiv, molio je Gospodina da im oprosti, kao &scaron;to im je i on sam oprostio. Upravo je tu mudrost sv. Stjepana i snaga njegove vjere, snaga da tra\u017ei&scaron; oprost i da daje&scaron; oprost. Da bismo i sami osjetili &scaron;to zna\u010di moliti oprost, svaki je \u010dlan Zajednice uzeo jedan proljetni cvijet i stavio ga na kri\u017e a nakon toga je uzeo malo kartonsko srce i poklonio ga osobi od koje tra\u017ei oprost. Zanimljivo je tada bilo vidjeti reakcije \u010dlanova Zajednice, ali ono &scaron;to je najljep&scaron;e bilo za vidjeti je zagrljaj osobe koja tra\u017ei oprost i osobe koja opra&scaron;ta. Tako ne&scaron;to govori vi&scaron;e nego tisu\u0107e izgovorenih rije\u010di. I rije\u010dima molitve &bdquo;Pomozi mi oprostiti&ldquo;, u ti&scaron;ini sabiru\u0107i svoje misli, razmatrali smo posljednje tri re\u010denice iz molitve, a koje glase: &#8230;Da opra&scaron;tam beskrajno i bez postavljanja granica mog oprosta. Pomozi mi Gospodine oprostiti i usadi u moje srce da opra&scaron;tam sli\u010dno kao i ti.<\/p>\n<p style=\"text-align: justify;\">Zaklju\u010dak je da upravo ovo vrijeme Korizme treba iskoristiti da budemo bolji jedni prema drugima, popustljiviji, da tvrdoglavost i sebi\u010dnost stavimo sa strane, da slu&scaron;aju\u0107i jedni druge i \u010dujemo ono &scaron;to nam se govori, da budemo otvoreni prema iskrenosti i istini, da se ne bojimo tra\u017eiti&nbsp; oprost i da ga isto tako bezuvjetno i bez bojazni dajemo.<\/p>\n<p style=\"text-align: justify;\">Prije misnog slavlja ostalo nam je jo&scaron; toliko vremena da malo porazgovaramo o vjeri, o tome kako mi mo\u017eemo biti Isusovi svjedoci, ne samo u Zajednici, ve\u0107 me\u0111u prijateljima, na poslu, u &scaron;koli i sl. Ka\u017ee se za sv. Stjepana da je on &bdquo;prvomu\u010denik&ldquo;, a mu\u010denik je pravi svjedok vjere. Iako svjedoci mo\u017eemo biti na razli\u010dite na\u010dine, svjedok vjere je ne&scaron;to \u010dime mo\u017eemo i rije\u010dima i djelima pokazati da slijedimo Isusa Krista, a mo\u017eemo to u\u010diniti i &scaron;utke, odnosno svojim pona&scaron;anjem (pristojno&scaron;\u0107u, dobrotom,&nbsp; susretljivo&scaron;\u0107u, strpljivo&scaron;\u0107u, vjerno&scaron;\u0107u Bogu, bli\u017enjima i sl.). \u010clanovi su ispri\u010dali kako oni svjedo\u010de svoju vjeru te na kakve reakcije okoline nailaze, kako na one pozitivne, tako i na one negativne. Nakon misnog slavlja ponovno smo se okupili u dvorani te nastavili dru\u017eenje uz \u010destitarske pjesme otpjevane na&scaron;im ro\u0111endanskim i imendanskim slavljenicima. Razmi&scaron;ljaju\u0107i o tome koji na\u010din je izabrao sv. Stjepan kada je odlu\u010dio slijediti put Isusa Krista, na nama je da isto tako svatko izabere svoj na\u010din, odnosno najbolje da&nbsp; to prepustimo dragom Bogu jer On je taj koji nas poznaje bolje i od nas samih. To najbolje dokazuje poruka sadr\u017eana u rije\u010dima Bo\u017ejim: &bdquo;miran budi, budi tih i ja \u0107u ti pokazati put&ldquo;, put&nbsp; kojim \u0107e&scaron; me slijediti.<\/p>\n<p style=\"text-align: justify;\">Koraljka Ko&scaron;uta, prijatelj Zajednice ViS<\/p>\n<p style=\"text-align: justify;\">{ppgallery}<img loading=\"lazy\" decoding=\"async\" class=\" size-full wp-image-2398\" src=\"https:\/\/www.ofm.hr\/koprivnica\/wp-content\/uploads\/2013\/07\/web15_P3170072.jpg\" alt=\"\" width=\"119\" height=\"90\" srcset=\"https:\/\/www.ofm.hr\/koprivnica\/wp-content\/uploads\/2013\/07\/web15_P3170072.jpg 640w, https:\/\/www.ofm.hr\/koprivnica\/wp-content\/uploads\/2013\/07\/web15_P3170072-600x450.jpg 600w, https:\/\/www.ofm.hr\/koprivnica\/wp-content\/uploads\/2013\/07\/web15_P3170072-300x225.jpg 300w\" sizes=\"auto, (max-width: 119px) 100vw, 119px\" \/> <img loading=\"lazy\" decoding=\"async\" class=\" size-full wp-image-2399\" src=\"https:\/\/www.ofm.hr\/koprivnica\/wp-content\/uploads\/2013\/07\/web15_P3170075.jpg\" alt=\"\" width=\"119\" height=\"90\" srcset=\"https:\/\/www.ofm.hr\/koprivnica\/wp-content\/uploads\/2013\/07\/web15_P3170075.jpg 640w, https:\/\/www.ofm.hr\/koprivnica\/wp-content\/uploads\/2013\/07\/web15_P3170075-600x450.jpg 600w, https:\/\/www.ofm.hr\/koprivnica\/wp-content\/uploads\/2013\/07\/web15_P3170075-300x225.jpg 300w\" sizes=\"auto, (max-width: 119px) 100vw, 119px\" \/> <img loading=\"lazy\" decoding=\"async\" class=\" size-full wp-image-2400\" src=\"https:\/\/www.ofm.hr\/koprivnica\/wp-content\/uploads\/2013\/07\/web15_P3170076.jpg\" alt=\"\" width=\"119\" height=\"90\" srcset=\"https:\/\/www.ofm.hr\/koprivnica\/wp-content\/uploads\/2013\/07\/web15_P3170076.jpg 640w, https:\/\/www.ofm.hr\/koprivnica\/wp-content\/uploads\/2013\/07\/web15_P3170076-600x450.jpg 600w, https:\/\/www.ofm.hr\/koprivnica\/wp-content\/uploads\/2013\/07\/web15_P3170076-300x225.jpg 300w\" sizes=\"auto, (max-width: 119px) 100vw, 119px\" \/> <img loading=\"lazy\" decoding=\"async\" class=\" size-full wp-image-2401\" src=\"https:\/\/www.ofm.hr\/koprivnica\/wp-content\/uploads\/2013\/07\/web15_P3170081.jpg\" alt=\"\" width=\"119\" height=\"90\" srcset=\"https:\/\/www.ofm.hr\/koprivnica\/wp-content\/uploads\/2013\/07\/web15_P3170081.jpg 640w, https:\/\/www.ofm.hr\/koprivnica\/wp-content\/uploads\/2013\/07\/web15_P3170081-600x450.jpg 600w, https:\/\/www.ofm.hr\/koprivnica\/wp-content\/uploads\/2013\/07\/web15_P3170081-300x225.jpg 300w\" sizes=\"auto, (max-width: 119px) 100vw, 119px\" \/> <img loading=\"lazy\" decoding=\"async\" class=\" size-full wp-image-2402\" src=\"https:\/\/www.ofm.hr\/koprivnica\/wp-content\/uploads\/2013\/07\/web15_P3170083.jpg\" alt=\"\" width=\"119\" height=\"90\" srcset=\"https:\/\/www.ofm.hr\/koprivnica\/wp-content\/uploads\/2013\/07\/web15_P3170083.jpg 640w, https:\/\/www.ofm.hr\/koprivnica\/wp-content\/uploads\/2013\/07\/web15_P3170083-600x450.jpg 600w, https:\/\/www.ofm.hr\/koprivnica\/wp-content\/uploads\/2013\/07\/web15_P3170083-300x225.jpg 300w\" sizes=\"auto, (max-width: 119px) 100vw, 119px\" \/> <img loading=\"lazy\" decoding=\"async\" class=\" size-full wp-image-2403\" src=\"https:\/\/www.ofm.hr\/koprivnica\/wp-content\/uploads\/2013\/07\/web15_P3170084.jpg\" alt=\"\" width=\"119\" height=\"90\" srcset=\"https:\/\/www.ofm.hr\/koprivnica\/wp-content\/uploads\/2013\/07\/web15_P3170084.jpg 640w, https:\/\/www.ofm.hr\/koprivnica\/wp-content\/uploads\/2013\/07\/web15_P3170084-600x450.jpg 600w, https:\/\/www.ofm.hr\/koprivnica\/wp-content\/uploads\/2013\/07\/web15_P3170084-300x225.jpg 300w\" sizes=\"auto, (max-width: 119px) 100vw, 119px\" \/> <img loading=\"lazy\" decoding=\"async\" class=\" size-full wp-image-2404\" src=\"https:\/\/www.ofm.hr\/koprivnica\/wp-content\/uploads\/2013\/07\/web15_P3170085.jpg\" alt=\"\" width=\"119\" height=\"90\" srcset=\"https:\/\/www.ofm.hr\/koprivnica\/wp-content\/uploads\/2013\/07\/web15_P3170085.jpg 640w, https:\/\/www.ofm.hr\/koprivnica\/wp-content\/uploads\/2013\/07\/web15_P3170085-600x450.jpg 600w, https:\/\/www.ofm.hr\/koprivnica\/wp-content\/uploads\/2013\/07\/web15_P3170085-300x225.jpg 300w\" sizes=\"auto, (max-width: 119px) 100vw, 119px\" \/> <img loading=\"lazy\" decoding=\"async\" class=\" size-full wp-image-2405\" src=\"https:\/\/www.ofm.hr\/koprivnica\/wp-content\/uploads\/2013\/07\/web15_P3170087.jpg\" alt=\"\" width=\"119\" height=\"90\" srcset=\"https:\/\/www.ofm.hr\/koprivnica\/wp-content\/uploads\/2013\/07\/web15_P3170087.jpg 640w, https:\/\/www.ofm.hr\/koprivnica\/wp-content\/uploads\/2013\/07\/web15_P3170087-600x450.jpg 600w, https:\/\/www.ofm.hr\/koprivnica\/wp-content\/uploads\/2013\/07\/web15_P3170087-300x225.jpg 300w\" sizes=\"auto, (max-width: 119px) 100vw, 119px\" \/> <img loading=\"lazy\" decoding=\"async\" class=\" size-full wp-image-2406\" src=\"https:\/\/www.ofm.hr\/koprivnica\/wp-content\/uploads\/2013\/07\/web15_P3170089.jpg\" alt=\"\" width=\"119\" height=\"90\" srcset=\"https:\/\/www.ofm.hr\/koprivnica\/wp-content\/uploads\/2013\/07\/web15_P3170089.jpg 640w, https:\/\/www.ofm.hr\/koprivnica\/wp-content\/uploads\/2013\/07\/web15_P3170089-600x450.jpg 600w, https:\/\/www.ofm.hr\/koprivnica\/wp-content\/uploads\/2013\/07\/web15_P3170089-300x225.jpg 300w\" sizes=\"auto, (max-width: 119px) 100vw, 119px\" \/> <img loading=\"lazy\" decoding=\"async\" class=\" size-full wp-image-2407\" src=\"https:\/\/www.ofm.hr\/koprivnica\/wp-content\/uploads\/2013\/07\/web15_P3170092.jpg\" alt=\"\" width=\"119\" height=\"90\" srcset=\"https:\/\/www.ofm.hr\/koprivnica\/wp-content\/uploads\/2013\/07\/web15_P3170092.jpg 640w, https:\/\/www.ofm.hr\/koprivnica\/wp-content\/uploads\/2013\/07\/web15_P3170092-600x450.jpg 600w, https:\/\/www.ofm.hr\/koprivnica\/wp-content\/uploads\/2013\/07\/web15_P3170092-300x225.jpg 300w\" sizes=\"auto, (max-width: 119px) 100vw, 119px\" \/> <img loading=\"lazy\" decoding=\"async\" class=\" size-full wp-image-2408\" src=\"https:\/\/www.ofm.hr\/koprivnica\/wp-content\/uploads\/2013\/07\/web15_P3170093.jpg\" alt=\"\" width=\"119\" height=\"90\" srcset=\"https:\/\/www.ofm.hr\/koprivnica\/wp-content\/uploads\/2013\/07\/web15_P3170093.jpg 640w, https:\/\/www.ofm.hr\/koprivnica\/wp-content\/uploads\/2013\/07\/web15_P3170093-600x450.jpg 600w, https:\/\/www.ofm.hr\/koprivnica\/wp-content\/uploads\/2013\/07\/web15_P3170093-300x225.jpg 300w\" sizes=\"auto, (max-width: 119px) 100vw, 119px\" \/> <img loading=\"lazy\" decoding=\"async\" class=\" size-full wp-image-2409\" src=\"https:\/\/www.ofm.hr\/koprivnica\/wp-content\/uploads\/2013\/07\/web15_P3170094.jpg\" alt=\"\" width=\"119\" height=\"90\" srcset=\"https:\/\/www.ofm.hr\/koprivnica\/wp-content\/uploads\/2013\/07\/web15_P3170094.jpg 640w, https:\/\/www.ofm.hr\/koprivnica\/wp-content\/uploads\/2013\/07\/web15_P3170094-600x450.jpg 600w, https:\/\/www.ofm.hr\/koprivnica\/wp-content\/uploads\/2013\/07\/web15_P3170094-300x225.jpg 300w\" sizes=\"auto, (max-width: 119px) 100vw, 119px\" \/> <img loading=\"lazy\" decoding=\"async\" class=\" size-full wp-image-2410\" src=\"https:\/\/www.ofm.hr\/koprivnica\/wp-content\/uploads\/2013\/07\/web15_P3170096.jpg\" alt=\"\" width=\"119\" height=\"90\" srcset=\"https:\/\/www.ofm.hr\/koprivnica\/wp-content\/uploads\/2013\/07\/web15_P3170096.jpg 640w, https:\/\/www.ofm.hr\/koprivnica\/wp-content\/uploads\/2013\/07\/web15_P3170096-600x450.jpg 600w, https:\/\/www.ofm.hr\/koprivnica\/wp-content\/uploads\/2013\/07\/web15_P3170096-300x225.jpg 300w\" sizes=\"auto, (max-width: 119px) 100vw, 119px\" \/> <img loading=\"lazy\" decoding=\"async\" class=\" size-full wp-image-2411\" src=\"https:\/\/www.ofm.hr\/koprivnica\/wp-content\/uploads\/2013\/07\/web15_P3170098.jpg\" alt=\"\" width=\"119\" height=\"90\" srcset=\"https:\/\/www.ofm.hr\/koprivnica\/wp-content\/uploads\/2013\/07\/web15_P3170098.jpg 640w, https:\/\/www.ofm.hr\/koprivnica\/wp-content\/uploads\/2013\/07\/web15_P3170098-600x450.jpg 600w, https:\/\/www.ofm.hr\/koprivnica\/wp-content\/uploads\/2013\/07\/web15_P3170098-300x225.jpg 300w\" sizes=\"auto, (max-width: 119px) 100vw, 119px\" \/> <img loading=\"lazy\" decoding=\"async\" class=\" size-full wp-image-2412\" src=\"https:\/\/www.ofm.hr\/koprivnica\/wp-content\/uploads\/2013\/07\/web15_P3170100.jpg\" alt=\"\" width=\"119\" height=\"90\" srcset=\"https:\/\/www.ofm.hr\/koprivnica\/wp-content\/uploads\/2013\/07\/web15_P3170100.jpg 640w, https:\/\/www.ofm.hr\/koprivnica\/wp-content\/uploads\/2013\/07\/web15_P3170100-600x450.jpg 600w, https:\/\/www.ofm.hr\/koprivnica\/wp-content\/uploads\/2013\/07\/web15_P3170100-300x225.jpg 300w\" sizes=\"auto, (max-width: 119px) 100vw, 119px\" \/> <img loading=\"lazy\" decoding=\"async\" class=\" size-full wp-image-2413\" src=\"https:\/\/www.ofm.hr\/koprivnica\/wp-content\/uploads\/2013\/07\/web15_P3170103.jpg\" alt=\"\" width=\"119\" height=\"90\" srcset=\"https:\/\/www.ofm.hr\/koprivnica\/wp-content\/uploads\/2013\/07\/web15_P3170103.jpg 640w, https:\/\/www.ofm.hr\/koprivnica\/wp-content\/uploads\/2013\/07\/web15_P3170103-600x450.jpg 600w, https:\/\/www.ofm.hr\/koprivnica\/wp-content\/uploads\/2013\/07\/web15_P3170103-300x225.jpg 300w\" sizes=\"auto, (max-width: 119px) 100vw, 119px\" \/> <img loading=\"lazy\" decoding=\"async\" class=\" size-full wp-image-2414\" src=\"https:\/\/www.ofm.hr\/koprivnica\/wp-content\/uploads\/2013\/07\/web15_P3170105.jpg\" alt=\"\" width=\"119\" height=\"90\" srcset=\"https:\/\/www.ofm.hr\/koprivnica\/wp-content\/uploads\/2013\/07\/web15_P3170105.jpg 640w, https:\/\/www.ofm.hr\/koprivnica\/wp-content\/uploads\/2013\/07\/web15_P3170105-600x450.jpg 600w, https:\/\/www.ofm.hr\/koprivnica\/wp-content\/uploads\/2013\/07\/web15_P3170105-300x225.jpg 300w\" sizes=\"auto, (max-width: 119px) 100vw, 119px\" \/>{\/ppgallery}<\/p>\n","protected":false},"excerpt":{"rendered":"<p>Po\u010dela bih osvrt na susret koji se zbio ovog mjeseca (mjeseca o\u017eujka) tzv. molitvom siromaha, a koja glasi: &bdquo;Isuse, dajem Ti svoj \u017eivot.&ldquo; Ova molitva na najjednostavniji na\u010din prikazuje snagu vjere onog koji je slijedio Isusa Krista i prvi dao svoj \u017eivot za Njega. Bio je to sv. Stjepan, \u010dovjek pun mudrosti, Duha Svetoga i [&hellip;]<\/p>\n","protected":false},"author":1,"featured_media":2398,"comment_status":"closed","ping_status":"open","sticky":false,"template":"","format":"standard","meta":{"qubely_global_settings":"","qubely_interactions":"","footnotes":""},"categories":[41],"tags":[],"class_list":["post-2415","post","type-post","status-publish","format-standard","has-post-thumbnail","hentry","category-vjera-i-svjetlo"],"blocksy_meta":{"styles_descriptor":{"styles":{"desktop":"","tablet":"","mobile":""},"google_fonts":[],"version":6}},"qubely_featured_image_url":{"full":["https:\/\/www.ofm.hr\/koprivnica\/wp-content\/uploads\/2013\/07\/web15_P3170072.jpg",640,480,false],"landscape":["https:\/\/www.ofm.hr\/koprivnica\/wp-content\/uploads\/2013\/07\/web15_P3170072.jpg",640,480,false],"portraits":["https:\/\/www.ofm.hr\/koprivnica\/wp-content\/uploads\/2013\/07\/web15_P3170072.jpg",427,320,false],"thumbnail":["https:\/\/www.ofm.hr\/koprivnica\/wp-content\/uploads\/2013\/07\/web15_P3170072-150x150.jpg",150,150,true],"medium":["https:\/\/www.ofm.hr\/koprivnica\/wp-content\/uploads\/2013\/07\/web15_P3170072-300x225.jpg",300,225,true],"medium_large":["https:\/\/www.ofm.hr\/koprivnica\/wp-content\/uploads\/2013\/07\/web15_P3170072.jpg",640,480,false],"large":["https:\/\/www.ofm.hr\/koprivnica\/wp-content\/uploads\/2013\/07\/web15_P3170072.jpg",640,480,false],"1536x1536":["https:\/\/www.ofm.hr\/koprivnica\/wp-content\/uploads\/2013\/07\/web15_P3170072.jpg",640,480,false],"2048x2048":["https:\/\/www.ofm.hr\/koprivnica\/wp-content\/uploads\/2013\/07\/web15_P3170072.jpg",640,480,false],"qubely_landscape":["https:\/\/www.ofm.hr\/koprivnica\/wp-content\/uploads\/2013\/07\/web15_P3170072.jpg",640,480,false],"qubely_portrait":["https:\/\/www.ofm.hr\/koprivnica\/wp-content\/uploads\/2013\/07\/web15_P3170072.jpg",427,320,false],"qubely_thumbnail":["https:\/\/www.ofm.hr\/koprivnica\/wp-content\/uploads\/2013\/07\/web15_P3170072.jpg",133,100,false]},"qubely_author":{"display_name":"Branko","author_link":"https:\/\/www.ofm.hr\/koprivnica\/author\/admkp8\/"},"qubely_comment":0,"qubely_category":"<a href=\"https:\/\/www.ofm.hr\/koprivnica\/category\/pastoralne-aktivnosti\/vjera-i-svjetlo\/\" rel=\"category tag\">VJERA I SVJETLO<\/a>","qubely_excerpt":"Po\u010dela bih osvrt na susret koji se zbio ovog mjeseca (mjeseca o\u017eujka) tzv. molitvom siromaha, a koja glasi: &bdquo;Isuse, dajem Ti svoj \u017eivot.&ldquo; Ova molitva na najjednostavniji na\u010din prikazuje snagu vjere onog koji je slijedio Isusa Krista i prvi dao svoj \u017eivot za Njega. Bio je to sv. Stjepan, \u010dovjek pun mudrosti, Duha Svetoga i&hellip;","featured_image_urls_v2":{"full":["https:\/\/www.ofm.hr\/koprivnica\/wp-content\/uploads\/2013\/07\/web15_P3170072.jpg",640,480,false],"thumbnail":["https:\/\/www.ofm.hr\/koprivnica\/wp-content\/uploads\/2013\/07\/web15_P3170072-150x150.jpg",150,150,true],"medium":["https:\/\/www.ofm.hr\/koprivnica\/wp-content\/uploads\/2013\/07\/web15_P3170072-300x225.jpg",300,225,true],"medium_large":["https:\/\/www.ofm.hr\/koprivnica\/wp-content\/uploads\/2013\/07\/web15_P3170072.jpg",640,480,false],"large":["https:\/\/www.ofm.hr\/koprivnica\/wp-content\/uploads\/2013\/07\/web15_P3170072.jpg",640,480,false],"1536x1536":["https:\/\/www.ofm.hr\/koprivnica\/wp-content\/uploads\/2013\/07\/web15_P3170072.jpg",640,480,false],"2048x2048":["https:\/\/www.ofm.hr\/koprivnica\/wp-content\/uploads\/2013\/07\/web15_P3170072.jpg",640,480,false],"qubely_landscape":["https:\/\/www.ofm.hr\/koprivnica\/wp-content\/uploads\/2013\/07\/web15_P3170072.jpg",640,480,false],"qubely_portrait":["https:\/\/www.ofm.hr\/koprivnica\/wp-content\/uploads\/2013\/07\/web15_P3170072.jpg",427,320,false],"qubely_thumbnail":["https:\/\/www.ofm.hr\/koprivnica\/wp-content\/uploads\/2013\/07\/web15_P3170072.jpg",133,100,false]},"post_excerpt_stackable_v2":"<p>Po\u010dela bih osvrt na susret koji se zbio ovog mjeseca (mjeseca o\u017eujka) tzv. molitvom siromaha, a koja glasi: &bdquo;Isuse, dajem Ti svoj \u017eivot.&ldquo; Ova molitva na najjednostavniji na\u010din prikazuje snagu vjere onog koji je slijedio Isusa Krista i prvi dao svoj \u017eivot za Njega. Bio je to sv. Stjepan, \u010dovjek pun mudrosti, Duha Svetoga i ljubavi prema bra\u0107i i sestrama. Upravo je njemu ovo na&scaron;e duhovno dru\u017eenje bilo posve\u0107eno. Pozdravne rije\u010di, kratke informacije, molitva i pjesma na po\u010detku susreta bile su uvod u ono &scaron;to se je sve doga\u0111alo na tom susretu. Dubravka nam je lijepo opisala tko je to&hellip;<\/p>\n","category_list_v2":"<a href=\"https:\/\/www.ofm.hr\/koprivnica\/category\/pastoralne-aktivnosti\/vjera-i-svjetlo\/\" rel=\"category tag\">VJERA I SVJETLO<\/a>","author_info_v2":{"name":"Branko","url":"https:\/\/www.ofm.hr\/koprivnica\/author\/admkp8\/"},"comments_num_v2":"0 comments","_links":{"self":[{"href":"https:\/\/www.ofm.hr\/koprivnica\/wp-json\/wp\/v2\/posts\/2415","targetHints":{"allow":["GET"]}}],"collection":[{"href":"https:\/\/www.ofm.hr\/koprivnica\/wp-json\/wp\/v2\/posts"}],"about":[{"href":"https:\/\/www.ofm.hr\/koprivnica\/wp-json\/wp\/v2\/types\/post"}],"author":[{"embeddable":true,"href":"https:\/\/www.ofm.hr\/koprivnica\/wp-json\/wp\/v2\/users\/1"}],"replies":[{"embeddable":true,"href":"https:\/\/www.ofm.hr\/koprivnica\/wp-json\/wp\/v2\/comments?post=2415"}],"version-history":[{"count":1,"href":"https:\/\/www.ofm.hr\/koprivnica\/wp-json\/wp\/v2\/posts\/2415\/revisions"}],"predecessor-version":[{"id":11069,"href":"https:\/\/www.ofm.hr\/koprivnica\/wp-json\/wp\/v2\/posts\/2415\/revisions\/11069"}],"wp:featuredmedia":[{"embeddable":true,"href":"https:\/\/www.ofm.hr\/koprivnica\/wp-json\/wp\/v2\/media\/2398"}],"wp:attachment":[{"href":"https:\/\/www.ofm.hr\/koprivnica\/wp-json\/wp\/v2\/media?parent=2415"}],"wp:term":[{"taxonomy":"category","embeddable":true,"href":"https:\/\/www.ofm.hr\/koprivnica\/wp-json\/wp\/v2\/categories?post=2415"},{"taxonomy":"post_tag","embeddable":true,"href":"https:\/\/www.ofm.hr\/koprivnica\/wp-json\/wp\/v2\/tags?post=2415"}],"curies":[{"name":"wp","href":"https:\/\/api.w.org\/{rel}","templated":true}]}}