{"id":3653,"date":"2022-01-07T21:42:38","date_gmt":"2022-01-07T20:42:38","guid":{"rendered":"https:\/\/ofm.hr\/koprivnica-wp\/?p=3653"},"modified":"2022-01-07T21:42:38","modified_gmt":"2022-01-07T20:42:38","slug":"iv-susret-mladih-vjernika-koprivnikog-dekanata","status":"publish","type":"post","link":"https:\/\/www.ofm.hr\/koprivnica\/iv-susret-mladih-vjernika-koprivnikog-dekanata\/","title":{"rendered":"IV. susret mladih vjernika Koprivni\u010dkog dekanata"},"content":{"rendered":"<p style=\"text-align: justify;\">U subotu 21. travnja 2012. u \u017eupi Uznesenja Bla\u017eene Djevice Marije u Mo\u010dilama, odr\u017ean je \u010detvrti susret mladih vjernika Koprivni\u010dkog dekanata, ujedno i posljednji u nizu susreta \u010dija je svrha priprema mladih za Susret hrvatske katoli\u010dke mlade\u017ei koji \u0107e se odr\u017eati u Sisku 5. i 6. svibnja 2012. Susret je bio uprili\u010den u duhu Euharistijskog klanjanja i svete mise pod geslom: &#8220;Ja sam s vama&#8221; (Mt 28, 20). Svetu misu je predvodio msgr. Leonard Marka\u010d, \u017eupnik u Mo\u010dilama i dekan Koprivni\u010dkog dekanata uz asistenciju trajnog \u0111akona Miljenka Flajsa koji je ujedno predvodio i euharistijsko klanjanje. Msgr. Marka\u010d je u propovijedi usporedio mlade s Isusovim u\u010denicima, ali ne sa &scaron;irim krugom sedamdesetorice, ve\u0107 s dvanaestoricom najbli\u017eih Njemu. Tako\u0111er, podsjetio je mlade na Isusovu prisutnost koju je lako primjetiti ako se tome posveti samo malo pa\u017enje. Pjevanje je predvodio zbor mladih \u017eupe Mo\u010dile, &bdquo;Eshaton&#8221;.<\/p>\n<p style=\"text-align: justify;\">Preuzeto sa stranice: www.<cite>mladi-vz.com<\/cite><\/p>\n<p style=\"text-align: justify;\">{ppgallery}<img loading=\"lazy\" decoding=\"async\" class=\" size-full wp-image-3651\" width=\"119\" height=\"90\" alt=\"\" src=\"https:\/\/www.ofm.hr\/koprivnica\/wp-content\/uploads\/2012\/06\/web15_img01.jpg\" srcset=\"https:\/\/www.ofm.hr\/koprivnica\/wp-content\/uploads\/2012\/06\/web15_img01.jpg 640w, https:\/\/www.ofm.hr\/koprivnica\/wp-content\/uploads\/2012\/06\/web15_img01-600x450.jpg 600w, https:\/\/www.ofm.hr\/koprivnica\/wp-content\/uploads\/2012\/06\/web15_img01-300x225.jpg 300w\" sizes=\"auto, (max-width: 119px) 100vw, 119px\" \/> <img loading=\"lazy\" decoding=\"async\" class=\" size-full wp-image-3652\" width=\"119\" height=\"90\" alt=\"\" src=\"https:\/\/www.ofm.hr\/koprivnica\/wp-content\/uploads\/2012\/06\/web15_img02.jpg\" srcset=\"https:\/\/www.ofm.hr\/koprivnica\/wp-content\/uploads\/2012\/06\/web15_img02.jpg 640w, https:\/\/www.ofm.hr\/koprivnica\/wp-content\/uploads\/2012\/06\/web15_img02-600x450.jpg 600w, https:\/\/www.ofm.hr\/koprivnica\/wp-content\/uploads\/2012\/06\/web15_img02-300x225.jpg 300w\" sizes=\"auto, (max-width: 119px) 100vw, 119px\" \/>{\/ppgallery}<\/p>\n","protected":false},"excerpt":{"rendered":"<p>U subotu 21. travnja 2012. u \u017eupi Uznesenja Bla\u017eene Djevice Marije u Mo\u010dilama, odr\u017ean je \u010detvrti susret mladih vjernika Koprivni\u010dkog dekanata, ujedno i posljednji u nizu susreta \u010dija je svrha priprema mladih za Susret hrvatske katoli\u010dke mlade\u017ei koji \u0107e se odr\u017eati u Sisku 5. i 6. svibnja 2012. Susret je bio uprili\u010den u duhu Euharistijskog [&hellip;]<\/p>\n","protected":false},"author":1,"featured_media":3651,"comment_status":"open","ping_status":"open","sticky":true,"template":"","format":"standard","meta":{"qubely_global_settings":"","qubely_interactions":"","footnotes":""},"categories":[40],"tags":[],"class_list":["post-3653","post","type-post","status-publish","format-standard","has-post-thumbnail","hentry","category-frama"],"blocksy_meta":{"styles_descriptor":{"styles":{"desktop":"","tablet":"","mobile":""},"google_fonts":[],"version":6}},"qubely_featured_image_url":{"full":["https:\/\/www.ofm.hr\/koprivnica\/wp-content\/uploads\/2012\/06\/web15_img01.jpg",640,480,false],"landscape":["https:\/\/www.ofm.hr\/koprivnica\/wp-content\/uploads\/2012\/06\/web15_img01.jpg",640,480,false],"portraits":["https:\/\/www.ofm.hr\/koprivnica\/wp-content\/uploads\/2012\/06\/web15_img01.jpg",427,320,false],"thumbnail":["https:\/\/www.ofm.hr\/koprivnica\/wp-content\/uploads\/2012\/06\/web15_img01-150x150.jpg",150,150,true],"medium":["https:\/\/www.ofm.hr\/koprivnica\/wp-content\/uploads\/2012\/06\/web15_img01-300x225.jpg",300,225,true],"medium_large":["https:\/\/www.ofm.hr\/koprivnica\/wp-content\/uploads\/2012\/06\/web15_img01.jpg",640,480,false],"large":["https:\/\/www.ofm.hr\/koprivnica\/wp-content\/uploads\/2012\/06\/web15_img01.jpg",640,480,false],"1536x1536":["https:\/\/www.ofm.hr\/koprivnica\/wp-content\/uploads\/2012\/06\/web15_img01.jpg",640,480,false],"2048x2048":["https:\/\/www.ofm.hr\/koprivnica\/wp-content\/uploads\/2012\/06\/web15_img01.jpg",640,480,false],"qubely_landscape":["https:\/\/www.ofm.hr\/koprivnica\/wp-content\/uploads\/2012\/06\/web15_img01.jpg",640,480,false],"qubely_portrait":["https:\/\/www.ofm.hr\/koprivnica\/wp-content\/uploads\/2012\/06\/web15_img01.jpg",427,320,false],"qubely_thumbnail":["https:\/\/www.ofm.hr\/koprivnica\/wp-content\/uploads\/2012\/06\/web15_img01.jpg",133,100,false]},"qubely_author":{"display_name":"Branko","author_link":"https:\/\/www.ofm.hr\/koprivnica\/author\/admkp8\/"},"qubely_comment":0,"qubely_category":"<a href=\"https:\/\/www.ofm.hr\/koprivnica\/category\/frama\/\" rel=\"category tag\">FRAMA<\/a>","qubely_excerpt":"U subotu 21. travnja 2012. u \u017eupi Uznesenja Bla\u017eene Djevice Marije u Mo\u010dilama, odr\u017ean je \u010detvrti susret mladih vjernika Koprivni\u010dkog dekanata, ujedno i posljednji u nizu susreta \u010dija je svrha priprema mladih za Susret hrvatske katoli\u010dke mlade\u017ei koji \u0107e se odr\u017eati u Sisku 5. i 6. svibnja 2012. Susret je bio uprili\u010den u duhu Euharistijskog&hellip;","featured_image_urls_v2":{"full":["https:\/\/www.ofm.hr\/koprivnica\/wp-content\/uploads\/2012\/06\/web15_img01.jpg",640,480,false],"thumbnail":["https:\/\/www.ofm.hr\/koprivnica\/wp-content\/uploads\/2012\/06\/web15_img01-150x150.jpg",150,150,true],"medium":["https:\/\/www.ofm.hr\/koprivnica\/wp-content\/uploads\/2012\/06\/web15_img01-300x225.jpg",300,225,true],"medium_large":["https:\/\/www.ofm.hr\/koprivnica\/wp-content\/uploads\/2012\/06\/web15_img01.jpg",640,480,false],"large":["https:\/\/www.ofm.hr\/koprivnica\/wp-content\/uploads\/2012\/06\/web15_img01.jpg",640,480,false],"1536x1536":["https:\/\/www.ofm.hr\/koprivnica\/wp-content\/uploads\/2012\/06\/web15_img01.jpg",640,480,false],"2048x2048":["https:\/\/www.ofm.hr\/koprivnica\/wp-content\/uploads\/2012\/06\/web15_img01.jpg",640,480,false],"qubely_landscape":["https:\/\/www.ofm.hr\/koprivnica\/wp-content\/uploads\/2012\/06\/web15_img01.jpg",640,480,false],"qubely_portrait":["https:\/\/www.ofm.hr\/koprivnica\/wp-content\/uploads\/2012\/06\/web15_img01.jpg",427,320,false],"qubely_thumbnail":["https:\/\/www.ofm.hr\/koprivnica\/wp-content\/uploads\/2012\/06\/web15_img01.jpg",133,100,false]},"post_excerpt_stackable_v2":"<p>U subotu 21. travnja 2012. u \u017eupi Uznesenja Bla\u017eene Djevice Marije u Mo\u010dilama, odr\u017ean je \u010detvrti susret mladih vjernika Koprivni\u010dkog dekanata, ujedno i posljednji u nizu susreta \u010dija je svrha priprema mladih za Susret hrvatske katoli\u010dke mlade\u017ei koji \u0107e se odr\u017eati u Sisku 5. i 6. svibnja 2012. Susret je bio uprili\u010den u duhu Euharistijskog klanjanja i svete mise pod geslom: &#8220;Ja sam s vama&#8221; (Mt 28, 20). Svetu misu je predvodio msgr. Leonard Marka\u010d, \u017eupnik u Mo\u010dilama i dekan Koprivni\u010dkog dekanata uz asistenciju trajnog \u0111akona Miljenka Flajsa koji je ujedno predvodio i euharistijsko klanjanje. Msgr. Marka\u010d je u propovijedi&hellip;<\/p>\n","category_list_v2":"<a href=\"https:\/\/www.ofm.hr\/koprivnica\/category\/frama\/\" rel=\"category tag\">FRAMA<\/a>","author_info_v2":{"name":"Branko","url":"https:\/\/www.ofm.hr\/koprivnica\/author\/admkp8\/"},"comments_num_v2":"0 comments","_links":{"self":[{"href":"https:\/\/www.ofm.hr\/koprivnica\/wp-json\/wp\/v2\/posts\/3653","targetHints":{"allow":["GET"]}}],"collection":[{"href":"https:\/\/www.ofm.hr\/koprivnica\/wp-json\/wp\/v2\/posts"}],"about":[{"href":"https:\/\/www.ofm.hr\/koprivnica\/wp-json\/wp\/v2\/types\/post"}],"author":[{"embeddable":true,"href":"https:\/\/www.ofm.hr\/koprivnica\/wp-json\/wp\/v2\/users\/1"}],"replies":[{"embeddable":true,"href":"https:\/\/www.ofm.hr\/koprivnica\/wp-json\/wp\/v2\/comments?post=3653"}],"version-history":[{"count":1,"href":"https:\/\/www.ofm.hr\/koprivnica\/wp-json\/wp\/v2\/posts\/3653\/revisions"}],"predecessor-version":[{"id":10203,"href":"https:\/\/www.ofm.hr\/koprivnica\/wp-json\/wp\/v2\/posts\/3653\/revisions\/10203"}],"wp:featuredmedia":[{"embeddable":true,"href":"https:\/\/www.ofm.hr\/koprivnica\/wp-json\/wp\/v2\/media\/3651"}],"wp:attachment":[{"href":"https:\/\/www.ofm.hr\/koprivnica\/wp-json\/wp\/v2\/media?parent=3653"}],"wp:term":[{"taxonomy":"category","embeddable":true,"href":"https:\/\/www.ofm.hr\/koprivnica\/wp-json\/wp\/v2\/categories?post=3653"},{"taxonomy":"post_tag","embeddable":true,"href":"https:\/\/www.ofm.hr\/koprivnica\/wp-json\/wp\/v2\/tags?post=3653"}],"curies":[{"name":"wp","href":"https:\/\/api.w.org\/{rel}","templated":true}]}}