{"id":3664,"date":"2022-01-07T21:42:38","date_gmt":"2022-01-07T20:42:38","guid":{"rendered":"https:\/\/ofm.hr\/koprivnica-wp\/?p=3664"},"modified":"2022-01-07T21:42:38","modified_gmt":"2022-01-07T20:42:38","slug":"mladi-nae-upe-sudjelovali-na-7-susretu-hrvatske-katolike-mladei-u-sisku","status":"publish","type":"post","link":"https:\/\/www.ofm.hr\/koprivnica\/mladi-nae-upe-sudjelovali-na-7-susretu-hrvatske-katolike-mladei-u-sisku\/","title":{"rendered":"Mladi na\u0161e \u017eupe sudjelovali na 7. Susretu hrvatske katoli\u010dke mlade\u017ei u Sisku"},"content":{"rendered":"<p style=\"text-align: justify;\">U subotu 5. svibnja 2012. u Sisku je odr\u017ean 7. Susret hrvatske katoli\u010dke mlade\u017ei. Pod geslom &bdquo;U svjetlosti hodimo&#8221; (1Iv 1,7) okupilo se 30.000 mladih vjernika iz svih dijelova Hrvatske, Bosne i Hercegovine te hrvatskih katoli\u010dkih misija iz europskih zemalja. Kolona mladih predvo\u0111ena sisa\u010dkim kri\u017eem krenula je od sisa\u010dke katedrale do prostora kod crkve Sv. Kvirina, gdje se odr\u017ealo sve\u010dano misno slavlje Susreta hrvatske katoli\u010dke mlade\u017ei. Mladi su se hode\u0107i uz rijeku Kupu preto\u010dili u svjetlosnu rijeku u duhu gesla &bdquo;U svjetlosti hodimo&#8221;. U procesiji se nosio i kri\u017e, koji \u0107e od ovog susreta biti kri\u017e susreta hrvatske katoli\u010dke mlade\u017ei. Radost prisutnosti tolikog broja mladih iskazali su i gra\u0111ani koji su ih pozdravljali sa svojih prozora. Sve\u010dano misno slavlje predvodio je zagreba\u010dki nadbiskup kardinal Josip Bozani\u0107. U koncelebraciji su bili otpravnik poslova Apostolske nuncijature u RH mons. Mauro Lalli, svi hrvatski nadbiskupi i biskupi na \u010delu s predsjednikom Hrvatske biskupske konferencije \u0111akova\u010dko-osje\u010dkim nadbiskupom Marinom Sraki\u0107em, vojni ordinarij u BiH Tomo Vuk&scaron;i\u0107, kotorski biskup Ilija Janji\u0107, srijemski biskup \u0110uro Ga&scaron;parovi\u0107 i pomo\u0107ni biskup banjalu\u010dki Marko Semren. Poruku Svetoga Oca upu\u0107enu sudionicima susreta, koju je potpisao dr\u017eavni tajnik Svete Stolice kardinal Tarcisio Bertone pro\u010ditao je povjerenik za pastoral mladih Sisa\u010dke biskupije vl\u010d. Branko Koreti\u0107. Misno slavlje pjevanjem je animirao Biskupijski zbor mladih pod ravnanjem prof. Jelene Bla&scaron;kovi\u0107. Na kraju misnog slavlja mladi Sisa\u010dke biskupije predali su kri\u017e mladima Dubrova\u010dke biskupije koji \u0107e biti doma\u0107ini SHKM-a 2014. Nakon misnog slavlja mladi su po&scaron;li u \u017eupe gdje su bili smje&scaron;teni u obiteljima i dvoranama. Vi&scaron;e od 4.000 obitelji u 63 \u017eupe Sisa\u010dke biskupije radosno su ugostile hrvatsku katoli\u010dku mlade\u017e. Na&scaron;u biskupiju predstavljalo je 900 mladih iz 84 \u017eupa koji su bili smje&scaron;teni diljem Sisa\u010dke biskupije. Mladi koprivni\u010dkog dekanata su bili smje&scaron;teni u starodrevnom marijanskom pro&scaron;teni&scaron;tu Majke Bo\u017eje Klo&scaron;tarske u Klo&scaron;tar Ivani\u0107u. Prema programu Susreta hrvatske katoli\u010dke mlade\u017ei u Sisku u nedjelju 6. svibnja sve\u010dano misno slavlje predslavio je mons. Nikola Keki\u0107, biskup Kri\u017eeva\u010dke eparhije za vjernike bizantsko-slavenskog obreda, uz koncelebraciju doma\u0107ina \u017eupnika fra Tomislava Bo\u017ei\u010deka, povjerenika za pastoral mladih Kotorske biskupije don Dejan Turza i desetak sve\u0107enika. Vladika Keki\u0107 izrazio je radost da upravo u Klo&scaron;tru Ivani\u0107u ima prigodu slaviti misno slavlje u godini kada se slavi veliki jubilej Kri\u017eeva\u010dke biskupije &ndash; 400. obljetnice obnove crkvenog zajedni&scaron;tva u Hrvatskoj i osnutka grkokatoli\u010dke biskupije u Mar\u010di koja se nalazi u upravo u \u017eupi Klo&scaron;tar Ivani\u0107. Susret je nakon misnoga slavlja nastavljen u radosnom i raspjevanom predstavljanju \u017eupa i biskupija te na kraju okrjepom u &Scaron;portskome parku u Klo&scaron;tru Ivani\u0107u.<\/p>\n<p style=\"text-align: justify;\">{ppgallery}&nbsp;<img loading=\"lazy\" decoding=\"async\" class=\" size-full wp-image-3654\" width=\"119\" height=\"90\" alt=\"\" src=\"https:\/\/www.ofm.hr\/koprivnica\/wp-content\/uploads\/2012\/06\/web15_10-1.jpg\" srcset=\"https:\/\/www.ofm.hr\/koprivnica\/wp-content\/uploads\/2012\/06\/web15_10-1.jpg 640w, https:\/\/www.ofm.hr\/koprivnica\/wp-content\/uploads\/2012\/06\/web15_10-1-600x450.jpg 600w, https:\/\/www.ofm.hr\/koprivnica\/wp-content\/uploads\/2012\/06\/web15_10-1-300x225.jpg 300w\" sizes=\"auto, (max-width: 119px) 100vw, 119px\" \/> <img loading=\"lazy\" decoding=\"async\" class=\" size-full wp-image-3655\" width=\"119\" height=\"90\" alt=\"\" src=\"https:\/\/www.ofm.hr\/koprivnica\/wp-content\/uploads\/2012\/06\/web15_11-1.jpg\" \/> <img loading=\"lazy\" decoding=\"async\" class=\" size-full wp-image-3656\" width=\"119\" height=\"90\" alt=\"\" src=\"https:\/\/www.ofm.hr\/koprivnica\/wp-content\/uploads\/2012\/06\/web15_12-1.jpg\" srcset=\"https:\/\/www.ofm.hr\/koprivnica\/wp-content\/uploads\/2012\/06\/web15_12-1.jpg 640w, https:\/\/www.ofm.hr\/koprivnica\/wp-content\/uploads\/2012\/06\/web15_12-1-600x450.jpg 600w, https:\/\/www.ofm.hr\/koprivnica\/wp-content\/uploads\/2012\/06\/web15_12-1-300x225.jpg 300w\" sizes=\"auto, (max-width: 119px) 100vw, 119px\" \/> <img loading=\"lazy\" decoding=\"async\" class=\" size-full wp-image-3657\" width=\"119\" height=\"90\" alt=\"\" src=\"https:\/\/www.ofm.hr\/koprivnica\/wp-content\/uploads\/2012\/06\/web15_15-1.jpg\" srcset=\"https:\/\/www.ofm.hr\/koprivnica\/wp-content\/uploads\/2012\/06\/web15_15-1.jpg 640w, https:\/\/www.ofm.hr\/koprivnica\/wp-content\/uploads\/2012\/06\/web15_15-1-600x450.jpg 600w, https:\/\/www.ofm.hr\/koprivnica\/wp-content\/uploads\/2012\/06\/web15_15-1-300x225.jpg 300w\" sizes=\"auto, (max-width: 119px) 100vw, 119px\" \/> <img loading=\"lazy\" decoding=\"async\" class=\" size-full wp-image-3658\" width=\"119\" height=\"90\" alt=\"\" src=\"https:\/\/www.ofm.hr\/koprivnica\/wp-content\/uploads\/2012\/06\/web15_16-1.jpg\" srcset=\"https:\/\/www.ofm.hr\/koprivnica\/wp-content\/uploads\/2012\/06\/web15_16-1.jpg 640w, https:\/\/www.ofm.hr\/koprivnica\/wp-content\/uploads\/2012\/06\/web15_16-1-600x450.jpg 600w, https:\/\/www.ofm.hr\/koprivnica\/wp-content\/uploads\/2012\/06\/web15_16-1-300x225.jpg 300w\" sizes=\"auto, (max-width: 119px) 100vw, 119px\" \/> <img loading=\"lazy\" decoding=\"async\" class=\" size-full wp-image-3659\" width=\"119\" height=\"90\" alt=\"\" src=\"https:\/\/www.ofm.hr\/koprivnica\/wp-content\/uploads\/2012\/06\/web15_17-1.jpg\" srcset=\"https:\/\/www.ofm.hr\/koprivnica\/wp-content\/uploads\/2012\/06\/web15_17-1.jpg 640w, https:\/\/www.ofm.hr\/koprivnica\/wp-content\/uploads\/2012\/06\/web15_17-1-600x450.jpg 600w, https:\/\/www.ofm.hr\/koprivnica\/wp-content\/uploads\/2012\/06\/web15_17-1-300x225.jpg 300w\" sizes=\"auto, (max-width: 119px) 100vw, 119px\" \/> <img loading=\"lazy\" decoding=\"async\" class=\" size-full wp-image-3660\" width=\"119\" height=\"90\" alt=\"\" src=\"https:\/\/www.ofm.hr\/koprivnica\/wp-content\/uploads\/2012\/06\/web15_18-1.jpg\" srcset=\"https:\/\/www.ofm.hr\/koprivnica\/wp-content\/uploads\/2012\/06\/web15_18-1.jpg 640w, https:\/\/www.ofm.hr\/koprivnica\/wp-content\/uploads\/2012\/06\/web15_18-1-600x450.jpg 600w, https:\/\/www.ofm.hr\/koprivnica\/wp-content\/uploads\/2012\/06\/web15_18-1-300x225.jpg 300w\" sizes=\"auto, (max-width: 119px) 100vw, 119px\" \/> <img loading=\"lazy\" decoding=\"async\" class=\" size-full wp-image-3661\" width=\"119\" height=\"90\" alt=\"\" src=\"https:\/\/www.ofm.hr\/koprivnica\/wp-content\/uploads\/2012\/06\/web15_19-1.jpg\" srcset=\"https:\/\/www.ofm.hr\/koprivnica\/wp-content\/uploads\/2012\/06\/web15_19-1.jpg 640w, https:\/\/www.ofm.hr\/koprivnica\/wp-content\/uploads\/2012\/06\/web15_19-1-600x450.jpg 600w, https:\/\/www.ofm.hr\/koprivnica\/wp-content\/uploads\/2012\/06\/web15_19-1-300x225.jpg 300w\" sizes=\"auto, (max-width: 119px) 100vw, 119px\" \/> <img loading=\"lazy\" decoding=\"async\" class=\" size-full wp-image-3662\" width=\"119\" height=\"90\" alt=\"\" src=\"https:\/\/www.ofm.hr\/koprivnica\/wp-content\/uploads\/2012\/06\/web15_13.jpg\" srcset=\"https:\/\/www.ofm.hr\/koprivnica\/wp-content\/uploads\/2012\/06\/web15_13.jpg 640w, https:\/\/www.ofm.hr\/koprivnica\/wp-content\/uploads\/2012\/06\/web15_13-600x450.jpg 600w, https:\/\/www.ofm.hr\/koprivnica\/wp-content\/uploads\/2012\/06\/web15_13-300x225.jpg 300w\" sizes=\"auto, (max-width: 119px) 100vw, 119px\" \/> <img loading=\"lazy\" decoding=\"async\" class=\" size-full wp-image-3663\" width=\"119\" height=\"90\" alt=\"\" src=\"https:\/\/www.ofm.hr\/koprivnica\/wp-content\/uploads\/2012\/06\/web15_14.jpg\" \/>&nbsp;{\/ppgallery}<\/p>\n","protected":false},"excerpt":{"rendered":"<p>U subotu 5. svibnja 2012. u Sisku je odr\u017ean 7. Susret hrvatske katoli\u010dke mlade\u017ei. Pod geslom &bdquo;U svjetlosti hodimo&#8221; (1Iv 1,7) okupilo se 30.000 mladih vjernika iz svih dijelova Hrvatske, Bosne i Hercegovine te hrvatskih katoli\u010dkih misija iz europskih zemalja. Kolona mladih predvo\u0111ena sisa\u010dkim kri\u017eem krenula je od sisa\u010dke katedrale do prostora kod crkve Sv. [&hellip;]<\/p>\n","protected":false},"author":1,"featured_media":3654,"comment_status":"open","ping_status":"open","sticky":true,"template":"","format":"standard","meta":{"qubely_global_settings":"","qubely_interactions":"","footnotes":""},"categories":[40],"tags":[],"class_list":["post-3664","post","type-post","status-publish","format-standard","has-post-thumbnail","hentry","category-frama"],"blocksy_meta":{"styles_descriptor":{"styles":{"desktop":"","tablet":"","mobile":""},"google_fonts":[],"version":6}},"qubely_featured_image_url":{"full":["https:\/\/www.ofm.hr\/koprivnica\/wp-content\/uploads\/2012\/06\/web15_10-1.jpg",640,480,false],"landscape":["https:\/\/www.ofm.hr\/koprivnica\/wp-content\/uploads\/2012\/06\/web15_10-1.jpg",640,480,false],"portraits":["https:\/\/www.ofm.hr\/koprivnica\/wp-content\/uploads\/2012\/06\/web15_10-1.jpg",427,320,false],"thumbnail":["https:\/\/www.ofm.hr\/koprivnica\/wp-content\/uploads\/2012\/06\/web15_10-1-150x150.jpg",150,150,true],"medium":["https:\/\/www.ofm.hr\/koprivnica\/wp-content\/uploads\/2012\/06\/web15_10-1-300x225.jpg",300,225,true],"medium_large":["https:\/\/www.ofm.hr\/koprivnica\/wp-content\/uploads\/2012\/06\/web15_10-1.jpg",640,480,false],"large":["https:\/\/www.ofm.hr\/koprivnica\/wp-content\/uploads\/2012\/06\/web15_10-1.jpg",640,480,false],"1536x1536":["https:\/\/www.ofm.hr\/koprivnica\/wp-content\/uploads\/2012\/06\/web15_10-1.jpg",640,480,false],"2048x2048":["https:\/\/www.ofm.hr\/koprivnica\/wp-content\/uploads\/2012\/06\/web15_10-1.jpg",640,480,false],"qubely_landscape":["https:\/\/www.ofm.hr\/koprivnica\/wp-content\/uploads\/2012\/06\/web15_10-1.jpg",640,480,false],"qubely_portrait":["https:\/\/www.ofm.hr\/koprivnica\/wp-content\/uploads\/2012\/06\/web15_10-1.jpg",427,320,false],"qubely_thumbnail":["https:\/\/www.ofm.hr\/koprivnica\/wp-content\/uploads\/2012\/06\/web15_10-1.jpg",133,100,false]},"qubely_author":{"display_name":"Branko","author_link":"https:\/\/www.ofm.hr\/koprivnica\/author\/admkp8\/"},"qubely_comment":0,"qubely_category":"<a href=\"https:\/\/www.ofm.hr\/koprivnica\/category\/frama\/\" rel=\"category tag\">FRAMA<\/a>","qubely_excerpt":"U subotu 5. svibnja 2012. u Sisku je odr\u017ean 7. Susret hrvatske katoli\u010dke mlade\u017ei. Pod geslom &bdquo;U svjetlosti hodimo&#8221; (1Iv 1,7) okupilo se 30.000 mladih vjernika iz svih dijelova Hrvatske, Bosne i Hercegovine te hrvatskih katoli\u010dkih misija iz europskih zemalja. Kolona mladih predvo\u0111ena sisa\u010dkim kri\u017eem krenula je od sisa\u010dke katedrale do prostora kod crkve Sv.&hellip;","featured_image_urls_v2":{"full":["https:\/\/www.ofm.hr\/koprivnica\/wp-content\/uploads\/2012\/06\/web15_10-1.jpg",640,480,false],"thumbnail":["https:\/\/www.ofm.hr\/koprivnica\/wp-content\/uploads\/2012\/06\/web15_10-1-150x150.jpg",150,150,true],"medium":["https:\/\/www.ofm.hr\/koprivnica\/wp-content\/uploads\/2012\/06\/web15_10-1-300x225.jpg",300,225,true],"medium_large":["https:\/\/www.ofm.hr\/koprivnica\/wp-content\/uploads\/2012\/06\/web15_10-1.jpg",640,480,false],"large":["https:\/\/www.ofm.hr\/koprivnica\/wp-content\/uploads\/2012\/06\/web15_10-1.jpg",640,480,false],"1536x1536":["https:\/\/www.ofm.hr\/koprivnica\/wp-content\/uploads\/2012\/06\/web15_10-1.jpg",640,480,false],"2048x2048":["https:\/\/www.ofm.hr\/koprivnica\/wp-content\/uploads\/2012\/06\/web15_10-1.jpg",640,480,false],"qubely_landscape":["https:\/\/www.ofm.hr\/koprivnica\/wp-content\/uploads\/2012\/06\/web15_10-1.jpg",640,480,false],"qubely_portrait":["https:\/\/www.ofm.hr\/koprivnica\/wp-content\/uploads\/2012\/06\/web15_10-1.jpg",427,320,false],"qubely_thumbnail":["https:\/\/www.ofm.hr\/koprivnica\/wp-content\/uploads\/2012\/06\/web15_10-1.jpg",133,100,false]},"post_excerpt_stackable_v2":"<p>U subotu 5. svibnja 2012. u Sisku je odr\u017ean 7. Susret hrvatske katoli\u010dke mlade\u017ei. Pod geslom &bdquo;U svjetlosti hodimo&#8221; (1Iv 1,7) okupilo se 30.000 mladih vjernika iz svih dijelova Hrvatske, Bosne i Hercegovine te hrvatskih katoli\u010dkih misija iz europskih zemalja. Kolona mladih predvo\u0111ena sisa\u010dkim kri\u017eem krenula je od sisa\u010dke katedrale do prostora kod crkve Sv. Kvirina, gdje se odr\u017ealo sve\u010dano misno slavlje Susreta hrvatske katoli\u010dke mlade\u017ei. Mladi su se hode\u0107i uz rijeku Kupu preto\u010dili u svjetlosnu rijeku u duhu gesla &bdquo;U svjetlosti hodimo&#8221;. U procesiji se nosio i kri\u017e, koji \u0107e od ovog susreta biti kri\u017e susreta hrvatske katoli\u010dke mlade\u017ei.&hellip;<\/p>\n","category_list_v2":"<a href=\"https:\/\/www.ofm.hr\/koprivnica\/category\/frama\/\" rel=\"category tag\">FRAMA<\/a>","author_info_v2":{"name":"Branko","url":"https:\/\/www.ofm.hr\/koprivnica\/author\/admkp8\/"},"comments_num_v2":"0 comments","_links":{"self":[{"href":"https:\/\/www.ofm.hr\/koprivnica\/wp-json\/wp\/v2\/posts\/3664","targetHints":{"allow":["GET"]}}],"collection":[{"href":"https:\/\/www.ofm.hr\/koprivnica\/wp-json\/wp\/v2\/posts"}],"about":[{"href":"https:\/\/www.ofm.hr\/koprivnica\/wp-json\/wp\/v2\/types\/post"}],"author":[{"embeddable":true,"href":"https:\/\/www.ofm.hr\/koprivnica\/wp-json\/wp\/v2\/users\/1"}],"replies":[{"embeddable":true,"href":"https:\/\/www.ofm.hr\/koprivnica\/wp-json\/wp\/v2\/comments?post=3664"}],"version-history":[{"count":1,"href":"https:\/\/www.ofm.hr\/koprivnica\/wp-json\/wp\/v2\/posts\/3664\/revisions"}],"predecessor-version":[{"id":10202,"href":"https:\/\/www.ofm.hr\/koprivnica\/wp-json\/wp\/v2\/posts\/3664\/revisions\/10202"}],"wp:featuredmedia":[{"embeddable":true,"href":"https:\/\/www.ofm.hr\/koprivnica\/wp-json\/wp\/v2\/media\/3654"}],"wp:attachment":[{"href":"https:\/\/www.ofm.hr\/koprivnica\/wp-json\/wp\/v2\/media?parent=3664"}],"wp:term":[{"taxonomy":"category","embeddable":true,"href":"https:\/\/www.ofm.hr\/koprivnica\/wp-json\/wp\/v2\/categories?post=3664"},{"taxonomy":"post_tag","embeddable":true,"href":"https:\/\/www.ofm.hr\/koprivnica\/wp-json\/wp\/v2\/tags?post=3664"}],"curies":[{"name":"wp","href":"https:\/\/api.w.org\/{rel}","templated":true}]}}