{"id":3666,"date":"2022-01-07T21:42:38","date_gmt":"2022-01-07T20:42:38","guid":{"rendered":"https:\/\/ofm.hr\/koprivnica-wp\/?p=3666"},"modified":"2022-01-07T21:42:38","modified_gmt":"2022-01-07T20:42:38","slug":"obeanja-frame-koprivnica","status":"publish","type":"post","link":"https:\/\/www.ofm.hr\/koprivnica\/obeanja-frame-koprivnica\/","title":{"rendered":"Obe\u0107anja frame Koprivnica"},"content":{"rendered":"<p style=\"text-align: justify;\">Svakodnevno donosimo neke dobre odluke i svi znamo koliko je dobar osje\u0107aj kada postanemo svjesni &scaron;to smo dobili s njima. Jedan od jo&scaron; ljep&scaron;ih osje\u0107aja je kada tako ne&scaron;to podijelimo i s prijateljima, a najljep&scaron;i kada podijelimo i sa samim Bogom. Jedna od takvih odluka je odaziv na davanje obe\u0107anja. Obe\u0107anja su vrlo bitan dio \u017eivota svakoga frama&scaron;a i svake godine velik broj nas obe\u0107aje da \u0107e se odazvati na svaki poziv dobra. Da ta obe\u0107anja ne bi zaboravili, potrebno nam je da ih nakon godine dana obnovimo. Na to su se i ove subote, 15. rujna 2012., odlu\u010dili i na&scaron;i koprivni\u010dki frama&scaron;i u crkvi Sv. Antuna Padovanskog. Broj obe\u0107anika nije bio velik (nas 11) jer ipak smo mi jedna mala Frama, ali je bio dovoljan da nas velik broj fratara, frama&scaron;a, prijatelja i \u010dlanova obitelji do\u0111e podr\u017eati u tako va\u017enome danu na&scaron;ih \u017eivota. Jedan od mnogih fratara koji su do&scaron;li, a stvarno smo po\u010da&scaron;\u0107eni tim velikim brojem u kojem su se odzvali, bio je i fra Ivan Penava koji je i vodio misu. S njime smo se ve\u0107 jako dobro upoznali i sprijateljili na duhovnoj obnovi koju nam je, tako\u0111er, on vodio te nam je sada jako puno zna\u010dilo &scaron;to je do&scaron;ao i na obe\u0107anja, vodio misu te odr\u017eao predivnu propovijed punu nadahnu\u0107a.<\/p>\n<p style=\"text-align: justify;\">&nbsp;<\/p>\n<p style=\"text-align: justify;\">Misno slavlje je, tako\u0111er, jako posebnim u\u010dinio i sam po\u010detak oko kojega su se na&scaron;i frama&scaron;i potrudili da bude domi&scaron;ljat, simboli\u010dan i nezaboravan. Naime, pri ulasku u crkvu obe\u0107anici su nosili u \u010da&scaron;ama vodu i kada su do&scaron;li do oltara ulili su je u jedan vr\u010d. Nakon &scaron;to su se svi izredali, do oltara su dolazili sve\u0107enici, a me\u0111u njima i na&scaron; duhovni asistent, fra Krunoslav Albert. Fra Kruno je vodu koju smo mi ulijevali u vr\u010d izlio po maketi svijeta i njome ispunio prostore mora koji su bili prazni. Time smo na simboli\u010dan na\u010din htjeli poslati poruku svima oko nas, a i sebi samima da bi se trebali truditi iz dana u dan da se Njegova milost iz na&scaron;ih srdaca razlije po cijelome svijetu. Da bi se to i razumjelo tijekom misnoga slavlja, ispod makete svijetanapisali smo citat koji poma\u017ee u obja&scaron;njenju na&scaron;eg ulaska u crkvu. &bdquo;Pro&scaron;ao je zemljom \u010dine\u0107i dobro&hellip;(Dj 10,38) Nasljeduju\u0107i Krista neka se Njegova milost iz na&scaron;ih srdaca razlije po cijelome svijetu!&ldquo;<\/p>\n<p style=\"text-align: justify;\">&nbsp;<\/p>\n<p style=\"text-align: justify;\">Nakon misnoga slavlja, pozvali smo sve koji su nas do&scaron;li podr\u017eati na dru\u017eenje u obli\u017enju dvoranu. Uz dru\u017eenje, tako\u0111er smo pripremili iznena\u0111enje kojim smo&nbsp; htjeli sve zabaviti i time pokazati koliko nam zna\u010di &scaron;to su nas do&scaron;li podr\u017eati u tako bitnome danu na&scaron;ih \u017eivota. Naime, pripremili smo dva zabavna videa, jedan o na&scaron;em superjunaku Framanu i jedan sa preradom pjesme &bdquo;Somebody that I used to know&ldquo;. Na\u017ealost podosta velik broj prijatelja koji su htjeli biti s nama nisu mogli do\u0107i pa smo odlu\u010dili staviti na&scaron;e videe na youtube i tako i s njima podijeliti na&scaron;u kreativnost. Pa ako si upravo ti netko od tih ljudi koji nisu mogli do\u0107i, ovdje mo\u017ee&scaron; pogledati na&scaron;e uratke i jednostavno u\u017eivati.<\/p>\n<p style=\"text-align: justify;\">&nbsp;<\/p>\n","protected":false},"excerpt":{"rendered":"<p>Svakodnevno donosimo neke dobre odluke i svi znamo koliko je dobar osje\u0107aj kada postanemo svjesni &scaron;to smo dobili s njima. Jedan od jo&scaron; ljep&scaron;ih osje\u0107aja je kada tako ne&scaron;to podijelimo i s prijateljima, a najljep&scaron;i kada podijelimo i sa samim Bogom. Jedna od takvih odluka je odaziv na davanje obe\u0107anja. Obe\u0107anja su vrlo bitan dio [&hellip;]<\/p>\n","protected":false},"author":1,"featured_media":0,"comment_status":"open","ping_status":"open","sticky":true,"template":"","format":"standard","meta":{"qubely_global_settings":"","qubely_interactions":"","footnotes":""},"categories":[40],"tags":[],"class_list":["post-3666","post","type-post","status-publish","format-standard","hentry","category-frama"],"blocksy_meta":{"styles_descriptor":{"styles":{"desktop":"","tablet":"","mobile":""},"google_fonts":[],"version":6}},"qubely_featured_image_url":null,"qubely_author":{"display_name":"Branko","author_link":"https:\/\/www.ofm.hr\/koprivnica\/author\/admkp8\/"},"qubely_comment":0,"qubely_category":"<a href=\"https:\/\/www.ofm.hr\/koprivnica\/category\/frama\/\" rel=\"category tag\">FRAMA<\/a>","qubely_excerpt":"Svakodnevno donosimo neke dobre odluke i svi znamo koliko je dobar osje\u0107aj kada postanemo svjesni &scaron;to smo dobili s njima. Jedan od jo&scaron; ljep&scaron;ih osje\u0107aja je kada tako ne&scaron;to podijelimo i s prijateljima, a najljep&scaron;i kada podijelimo i sa samim Bogom. Jedna od takvih odluka je odaziv na davanje obe\u0107anja. Obe\u0107anja su vrlo bitan dio&hellip;","featured_image_urls_v2":{"full":"","thumbnail":"","medium":"","medium_large":"","large":"","1536x1536":"","2048x2048":"","qubely_landscape":"","qubely_portrait":"","qubely_thumbnail":""},"post_excerpt_stackable_v2":"<p>Svakodnevno donosimo neke dobre odluke i svi znamo koliko je dobar osje\u0107aj kada postanemo svjesni &scaron;to smo dobili s njima. Jedan od jo&scaron; ljep&scaron;ih osje\u0107aja je kada tako ne&scaron;to podijelimo i s prijateljima, a najljep&scaron;i kada podijelimo i sa samim Bogom. Jedna od takvih odluka je odaziv na davanje obe\u0107anja. Obe\u0107anja su vrlo bitan dio \u017eivota svakoga frama&scaron;a i svake godine velik broj nas obe\u0107aje da \u0107e se odazvati na svaki poziv dobra. Da ta obe\u0107anja ne bi zaboravili, potrebno nam je da ih nakon godine dana obnovimo. Na to su se i ove subote, 15. rujna 2012., odlu\u010dili i&hellip;<\/p>\n","category_list_v2":"<a href=\"https:\/\/www.ofm.hr\/koprivnica\/category\/frama\/\" rel=\"category tag\">FRAMA<\/a>","author_info_v2":{"name":"Branko","url":"https:\/\/www.ofm.hr\/koprivnica\/author\/admkp8\/"},"comments_num_v2":"0 comments","_links":{"self":[{"href":"https:\/\/www.ofm.hr\/koprivnica\/wp-json\/wp\/v2\/posts\/3666","targetHints":{"allow":["GET"]}}],"collection":[{"href":"https:\/\/www.ofm.hr\/koprivnica\/wp-json\/wp\/v2\/posts"}],"about":[{"href":"https:\/\/www.ofm.hr\/koprivnica\/wp-json\/wp\/v2\/types\/post"}],"author":[{"embeddable":true,"href":"https:\/\/www.ofm.hr\/koprivnica\/wp-json\/wp\/v2\/users\/1"}],"replies":[{"embeddable":true,"href":"https:\/\/www.ofm.hr\/koprivnica\/wp-json\/wp\/v2\/comments?post=3666"}],"version-history":[{"count":1,"href":"https:\/\/www.ofm.hr\/koprivnica\/wp-json\/wp\/v2\/posts\/3666\/revisions"}],"predecessor-version":[{"id":10200,"href":"https:\/\/www.ofm.hr\/koprivnica\/wp-json\/wp\/v2\/posts\/3666\/revisions\/10200"}],"wp:attachment":[{"href":"https:\/\/www.ofm.hr\/koprivnica\/wp-json\/wp\/v2\/media?parent=3666"}],"wp:term":[{"taxonomy":"category","embeddable":true,"href":"https:\/\/www.ofm.hr\/koprivnica\/wp-json\/wp\/v2\/categories?post=3666"},{"taxonomy":"post_tag","embeddable":true,"href":"https:\/\/www.ofm.hr\/koprivnica\/wp-json\/wp\/v2\/tags?post=3666"}],"curies":[{"name":"wp","href":"https:\/\/api.w.org\/{rel}","templated":true}]}}