{"id":4136,"date":"2022-01-07T21:26:18","date_gmt":"2022-01-07T20:26:18","guid":{"rendered":"https:\/\/ofm.hr\/koprivnica-wp\/?p=4136"},"modified":"2022-01-07T21:38:17","modified_gmt":"2022-01-07T20:38:17","slug":"zavjeti-u-franjevakom-svjetovnom-redu","status":"publish","type":"post","link":"https:\/\/www.ofm.hr\/koprivnica\/zavjeti-u-franjevakom-svjetovnom-redu\/","title":{"rendered":"Zavjeti u Franjeva\u010dkom svjetovnom redu"},"content":{"rendered":"<p style=\"text-align: justify;\">{ppgallery}<\/p>\n<p style=\"text-align: justify;\"><img loading=\"lazy\" decoding=\"async\" class=\" alignleft size-full wp-image-4125\" src=\"https:\/\/www.ofm.hr\/koprivnica\/wp-content\/uploads\/2012\/02\/web14_PB170014.jpg\" alt=\"\" style=\"margin: 3px; float: left;\" height=\"90\" width=\"119\" srcset=\"https:\/\/www.ofm.hr\/koprivnica\/wp-content\/uploads\/2012\/02\/web14_PB170014.jpg 640w, https:\/\/www.ofm.hr\/koprivnica\/wp-content\/uploads\/2012\/02\/web14_PB170014-600x450.jpg 600w, https:\/\/www.ofm.hr\/koprivnica\/wp-content\/uploads\/2012\/02\/web14_PB170014-300x225.jpg 300w\" sizes=\"auto, (max-width: 119px) 100vw, 119px\" \/> {\/ppgallery}U \u010detvrtak 17. studenog na blagdan svete Elizabete, za&scaron;titnice Franjeva\u010dkog svjetovnog reda, u sve\u010danom euharistijskom slavlju u 17:30 sati, koje je predvodio \u017eupnik i duhovni asistent FSR-a pater Marijan Opitz uz koncelebraciju vl\u010d. Branka Toma&scaron;i\u0107a, svoje do\u017eivotne zavjete dalo je troje \u010dlanova FSR-a: supru\u017enici Marko i Vesna Buni\u0107 i Zoran Crn\u010di\u0107. Uz njih svoje prve privremene zavjete dao je brat Ivan Tomi\u0107 a brat Ivica Kova\u010devi\u0107 je primljen u FSR. U svojoj homiliji pater Marijan Opitz govorio je o svetoj Elizabeti kao ugarskoj kneginji i franjeva\u010dkoj pokornici koja je u mnogome slijedila franjeva\u010dki duh. Osnivala je bolnice, pomagala potrebnima i siroma&scaron;nima. Dvorila je bolesnike i patnike gledaju\u0107i u njima Krista.<br \/> Mi se isto trebamo zapitati koliko se ostvarujemo kao svjedoci Evan\u0111elja, kako svjedo\u010dimo svoju vjeru i djelotvornu ljubav. Na kraju misnog slavlja i blagoslova uslijedile su \u010destitke svih \u010dlanova FSR-a i FRAME koji su bili prisutni. Nakon euharistijskog slavlja \u010dlanovi FSR-a pripremili su prigodnu zakusku. Zavjetovanicima i primljeniku \u017eelimo mir i ustrajnost u nasljedovanju Isusa Krista po primjeru sv. Franje Asi&scaron;kog.<br \/>{ppgallery}<img loading=\"lazy\" decoding=\"async\" class=\" size-full wp-image-4126\" src=\"https:\/\/www.ofm.hr\/koprivnica\/wp-content\/uploads\/2012\/02\/web14_PB170001.jpg\" alt=\"\" height=\"90\" width=\"119\" srcset=\"https:\/\/www.ofm.hr\/koprivnica\/wp-content\/uploads\/2012\/02\/web14_PB170001.jpg 640w, https:\/\/www.ofm.hr\/koprivnica\/wp-content\/uploads\/2012\/02\/web14_PB170001-600x450.jpg 600w, https:\/\/www.ofm.hr\/koprivnica\/wp-content\/uploads\/2012\/02\/web14_PB170001-300x225.jpg 300w\" sizes=\"auto, (max-width: 119px) 100vw, 119px\" \/> <img loading=\"lazy\" decoding=\"async\" class=\" size-full wp-image-4127\" src=\"https:\/\/www.ofm.hr\/koprivnica\/wp-content\/uploads\/2012\/02\/web14_PB170003.jpg\" alt=\"\" height=\"90\" width=\"119\" srcset=\"https:\/\/www.ofm.hr\/koprivnica\/wp-content\/uploads\/2012\/02\/web14_PB170003.jpg 640w, https:\/\/www.ofm.hr\/koprivnica\/wp-content\/uploads\/2012\/02\/web14_PB170003-600x450.jpg 600w, https:\/\/www.ofm.hr\/koprivnica\/wp-content\/uploads\/2012\/02\/web14_PB170003-300x225.jpg 300w\" sizes=\"auto, (max-width: 119px) 100vw, 119px\" \/> <img loading=\"lazy\" decoding=\"async\" class=\" size-full wp-image-4128\" src=\"https:\/\/www.ofm.hr\/koprivnica\/wp-content\/uploads\/2012\/02\/web14_PB170004.jpg\" alt=\"\" height=\"90\" width=\"119\" srcset=\"https:\/\/www.ofm.hr\/koprivnica\/wp-content\/uploads\/2012\/02\/web14_PB170004.jpg 640w, https:\/\/www.ofm.hr\/koprivnica\/wp-content\/uploads\/2012\/02\/web14_PB170004-600x450.jpg 600w, https:\/\/www.ofm.hr\/koprivnica\/wp-content\/uploads\/2012\/02\/web14_PB170004-300x225.jpg 300w\" sizes=\"auto, (max-width: 119px) 100vw, 119px\" \/> <img loading=\"lazy\" decoding=\"async\" class=\" size-full wp-image-4129\" src=\"https:\/\/www.ofm.hr\/koprivnica\/wp-content\/uploads\/2012\/02\/web14_PB170010.jpg\" alt=\"\" height=\"90\" width=\"119\" srcset=\"https:\/\/www.ofm.hr\/koprivnica\/wp-content\/uploads\/2012\/02\/web14_PB170010.jpg 640w, https:\/\/www.ofm.hr\/koprivnica\/wp-content\/uploads\/2012\/02\/web14_PB170010-600x450.jpg 600w, https:\/\/www.ofm.hr\/koprivnica\/wp-content\/uploads\/2012\/02\/web14_PB170010-300x225.jpg 300w\" sizes=\"auto, (max-width: 119px) 100vw, 119px\" \/> <img loading=\"lazy\" decoding=\"async\" class=\" size-full wp-image-4130\" src=\"https:\/\/www.ofm.hr\/koprivnica\/wp-content\/uploads\/2012\/02\/web14_PB170012.jpg\" alt=\"\" height=\"90\" width=\"119\" srcset=\"https:\/\/www.ofm.hr\/koprivnica\/wp-content\/uploads\/2012\/02\/web14_PB170012.jpg 640w, https:\/\/www.ofm.hr\/koprivnica\/wp-content\/uploads\/2012\/02\/web14_PB170012-600x450.jpg 600w, https:\/\/www.ofm.hr\/koprivnica\/wp-content\/uploads\/2012\/02\/web14_PB170012-300x225.jpg 300w\" sizes=\"auto, (max-width: 119px) 100vw, 119px\" \/> <img loading=\"lazy\" decoding=\"async\" class=\" size-full wp-image-4131\" src=\"https:\/\/www.ofm.hr\/koprivnica\/wp-content\/uploads\/2012\/02\/web14_PB170015.jpg\" alt=\"\" height=\"90\" width=\"119\" srcset=\"https:\/\/www.ofm.hr\/koprivnica\/wp-content\/uploads\/2012\/02\/web14_PB170015.jpg 640w, https:\/\/www.ofm.hr\/koprivnica\/wp-content\/uploads\/2012\/02\/web14_PB170015-600x450.jpg 600w, https:\/\/www.ofm.hr\/koprivnica\/wp-content\/uploads\/2012\/02\/web14_PB170015-300x225.jpg 300w\" sizes=\"auto, (max-width: 119px) 100vw, 119px\" \/> <img loading=\"lazy\" decoding=\"async\" class=\" size-full wp-image-4132\" src=\"https:\/\/www.ofm.hr\/koprivnica\/wp-content\/uploads\/2012\/02\/web14_PB170016.jpg\" alt=\"\" height=\"90\" width=\"119\" srcset=\"https:\/\/www.ofm.hr\/koprivnica\/wp-content\/uploads\/2012\/02\/web14_PB170016.jpg 640w, https:\/\/www.ofm.hr\/koprivnica\/wp-content\/uploads\/2012\/02\/web14_PB170016-600x450.jpg 600w, https:\/\/www.ofm.hr\/koprivnica\/wp-content\/uploads\/2012\/02\/web14_PB170016-300x225.jpg 300w\" sizes=\"auto, (max-width: 119px) 100vw, 119px\" \/> <img loading=\"lazy\" decoding=\"async\" class=\" size-full wp-image-4133\" src=\"https:\/\/www.ofm.hr\/koprivnica\/wp-content\/uploads\/2012\/02\/web14_PB170018.jpg\" alt=\"\" height=\"90\" width=\"119\" srcset=\"https:\/\/www.ofm.hr\/koprivnica\/wp-content\/uploads\/2012\/02\/web14_PB170018.jpg 640w, https:\/\/www.ofm.hr\/koprivnica\/wp-content\/uploads\/2012\/02\/web14_PB170018-600x450.jpg 600w, https:\/\/www.ofm.hr\/koprivnica\/wp-content\/uploads\/2012\/02\/web14_PB170018-300x225.jpg 300w\" sizes=\"auto, (max-width: 119px) 100vw, 119px\" \/> <img loading=\"lazy\" decoding=\"async\" class=\" size-full wp-image-4134\" src=\"https:\/\/www.ofm.hr\/koprivnica\/wp-content\/uploads\/2012\/02\/web14_PB170019.jpg\" alt=\"\" height=\"90\" width=\"119\" srcset=\"https:\/\/www.ofm.hr\/koprivnica\/wp-content\/uploads\/2012\/02\/web14_PB170019.jpg 640w, https:\/\/www.ofm.hr\/koprivnica\/wp-content\/uploads\/2012\/02\/web14_PB170019-600x450.jpg 600w, https:\/\/www.ofm.hr\/koprivnica\/wp-content\/uploads\/2012\/02\/web14_PB170019-300x225.jpg 300w\" sizes=\"auto, (max-width: 119px) 100vw, 119px\" \/> <img loading=\"lazy\" decoding=\"async\" class=\" size-full wp-image-4135\" src=\"https:\/\/www.ofm.hr\/koprivnica\/wp-content\/uploads\/2012\/02\/web14_PB170020.jpg\" alt=\"\" height=\"90\" width=\"119\" srcset=\"https:\/\/www.ofm.hr\/koprivnica\/wp-content\/uploads\/2012\/02\/web14_PB170020.jpg 640w, https:\/\/www.ofm.hr\/koprivnica\/wp-content\/uploads\/2012\/02\/web14_PB170020-600x450.jpg 600w, https:\/\/www.ofm.hr\/koprivnica\/wp-content\/uploads\/2012\/02\/web14_PB170020-300x225.jpg 300w\" sizes=\"auto, (max-width: 119px) 100vw, 119px\" \/>{\/ppgallery}<\/p>\n","protected":false},"excerpt":{"rendered":"<p>{ppgallery} {\/ppgallery}U \u010detvrtak 17. studenog na blagdan svete Elizabete, za&scaron;titnice Franjeva\u010dkog svjetovnog reda, u sve\u010danom euharistijskom slavlju u 17:30 sati, koje je predvodio \u017eupnik i duhovni asistent FSR-a pater Marijan Opitz uz koncelebraciju vl\u010d. Branka Toma&scaron;i\u0107a, svoje do\u017eivotne zavjete dalo je troje \u010dlanova FSR-a: supru\u017enici Marko i Vesna Buni\u0107 i Zoran Crn\u010di\u0107. Uz njih svoje [&hellip;]<\/p>\n","protected":false},"author":1,"featured_media":4125,"comment_status":"open","ping_status":"open","sticky":true,"template":"","format":"standard","meta":{"qubely_global_settings":"","qubely_interactions":"","footnotes":""},"categories":[39],"tags":[],"class_list":["post-4136","post","type-post","status-publish","format-standard","has-post-thumbnail","hentry","category-fsr-ofs"],"blocksy_meta":{"styles_descriptor":{"styles":{"desktop":"","tablet":"","mobile":""},"google_fonts":[],"version":6}},"qubely_featured_image_url":{"full":["https:\/\/www.ofm.hr\/koprivnica\/wp-content\/uploads\/2012\/02\/web14_PB170014.jpg",640,480,false],"landscape":["https:\/\/www.ofm.hr\/koprivnica\/wp-content\/uploads\/2012\/02\/web14_PB170014.jpg",640,480,false],"portraits":["https:\/\/www.ofm.hr\/koprivnica\/wp-content\/uploads\/2012\/02\/web14_PB170014.jpg",427,320,false],"thumbnail":["https:\/\/www.ofm.hr\/koprivnica\/wp-content\/uploads\/2012\/02\/web14_PB170014-150x150.jpg",150,150,true],"medium":["https:\/\/www.ofm.hr\/koprivnica\/wp-content\/uploads\/2012\/02\/web14_PB170014-300x225.jpg",300,225,true],"medium_large":["https:\/\/www.ofm.hr\/koprivnica\/wp-content\/uploads\/2012\/02\/web14_PB170014.jpg",640,480,false],"large":["https:\/\/www.ofm.hr\/koprivnica\/wp-content\/uploads\/2012\/02\/web14_PB170014.jpg",640,480,false],"1536x1536":["https:\/\/www.ofm.hr\/koprivnica\/wp-content\/uploads\/2012\/02\/web14_PB170014.jpg",640,480,false],"2048x2048":["https:\/\/www.ofm.hr\/koprivnica\/wp-content\/uploads\/2012\/02\/web14_PB170014.jpg",640,480,false],"qubely_landscape":["https:\/\/www.ofm.hr\/koprivnica\/wp-content\/uploads\/2012\/02\/web14_PB170014.jpg",640,480,false],"qubely_portrait":["https:\/\/www.ofm.hr\/koprivnica\/wp-content\/uploads\/2012\/02\/web14_PB170014.jpg",427,320,false],"qubely_thumbnail":["https:\/\/www.ofm.hr\/koprivnica\/wp-content\/uploads\/2012\/02\/web14_PB170014.jpg",133,100,false]},"qubely_author":{"display_name":"Branko","author_link":"https:\/\/www.ofm.hr\/koprivnica\/author\/admkp8\/"},"qubely_comment":0,"qubely_category":"<a href=\"https:\/\/www.ofm.hr\/koprivnica\/category\/fsr-ofs\/\" rel=\"category tag\">FSR (OFS)<\/a>","qubely_excerpt":"{ppgallery} {\/ppgallery}U \u010detvrtak 17. studenog na blagdan svete Elizabete, za&scaron;titnice Franjeva\u010dkog svjetovnog reda, u sve\u010danom euharistijskom slavlju u 17:30 sati, koje je predvodio \u017eupnik i duhovni asistent FSR-a pater Marijan Opitz uz koncelebraciju vl\u010d. Branka Toma&scaron;i\u0107a, svoje do\u017eivotne zavjete dalo je troje \u010dlanova FSR-a: supru\u017enici Marko i Vesna Buni\u0107 i Zoran Crn\u010di\u0107. Uz njih svoje&hellip;","featured_image_urls_v2":{"full":["https:\/\/www.ofm.hr\/koprivnica\/wp-content\/uploads\/2012\/02\/web14_PB170014.jpg",640,480,false],"thumbnail":["https:\/\/www.ofm.hr\/koprivnica\/wp-content\/uploads\/2012\/02\/web14_PB170014-150x150.jpg",150,150,true],"medium":["https:\/\/www.ofm.hr\/koprivnica\/wp-content\/uploads\/2012\/02\/web14_PB170014-300x225.jpg",300,225,true],"medium_large":["https:\/\/www.ofm.hr\/koprivnica\/wp-content\/uploads\/2012\/02\/web14_PB170014.jpg",640,480,false],"large":["https:\/\/www.ofm.hr\/koprivnica\/wp-content\/uploads\/2012\/02\/web14_PB170014.jpg",640,480,false],"1536x1536":["https:\/\/www.ofm.hr\/koprivnica\/wp-content\/uploads\/2012\/02\/web14_PB170014.jpg",640,480,false],"2048x2048":["https:\/\/www.ofm.hr\/koprivnica\/wp-content\/uploads\/2012\/02\/web14_PB170014.jpg",640,480,false],"qubely_landscape":["https:\/\/www.ofm.hr\/koprivnica\/wp-content\/uploads\/2012\/02\/web14_PB170014.jpg",640,480,false],"qubely_portrait":["https:\/\/www.ofm.hr\/koprivnica\/wp-content\/uploads\/2012\/02\/web14_PB170014.jpg",427,320,false],"qubely_thumbnail":["https:\/\/www.ofm.hr\/koprivnica\/wp-content\/uploads\/2012\/02\/web14_PB170014.jpg",133,100,false]},"post_excerpt_stackable_v2":"<p>{ppgallery} {\/ppgallery}U \u010detvrtak 17. studenog na blagdan svete Elizabete, za&scaron;titnice Franjeva\u010dkog svjetovnog reda, u sve\u010danom euharistijskom slavlju u 17:30 sati, koje je predvodio \u017eupnik i duhovni asistent FSR-a pater Marijan Opitz uz koncelebraciju vl\u010d. Branka Toma&scaron;i\u0107a, svoje do\u017eivotne zavjete dalo je troje \u010dlanova FSR-a: supru\u017enici Marko i Vesna Buni\u0107 i Zoran Crn\u010di\u0107. Uz njih svoje prve privremene zavjete dao je brat Ivan Tomi\u0107 a brat Ivica Kova\u010devi\u0107 je primljen u FSR. U svojoj homiliji pater Marijan Opitz govorio je o svetoj Elizabeti kao ugarskoj kneginji i franjeva\u010dkoj pokornici koja je u mnogome slijedila franjeva\u010dki duh. Osnivala je bolnice, pomagala potrebnima&hellip;<\/p>\n","category_list_v2":"<a href=\"https:\/\/www.ofm.hr\/koprivnica\/category\/fsr-ofs\/\" rel=\"category tag\">FSR (OFS)<\/a>","author_info_v2":{"name":"Branko","url":"https:\/\/www.ofm.hr\/koprivnica\/author\/admkp8\/"},"comments_num_v2":"0 comments","_links":{"self":[{"href":"https:\/\/www.ofm.hr\/koprivnica\/wp-json\/wp\/v2\/posts\/4136","targetHints":{"allow":["GET"]}}],"collection":[{"href":"https:\/\/www.ofm.hr\/koprivnica\/wp-json\/wp\/v2\/posts"}],"about":[{"href":"https:\/\/www.ofm.hr\/koprivnica\/wp-json\/wp\/v2\/types\/post"}],"author":[{"embeddable":true,"href":"https:\/\/www.ofm.hr\/koprivnica\/wp-json\/wp\/v2\/users\/1"}],"replies":[{"embeddable":true,"href":"https:\/\/www.ofm.hr\/koprivnica\/wp-json\/wp\/v2\/comments?post=4136"}],"version-history":[{"count":1,"href":"https:\/\/www.ofm.hr\/koprivnica\/wp-json\/wp\/v2\/posts\/4136\/revisions"}],"predecessor-version":[{"id":10147,"href":"https:\/\/www.ofm.hr\/koprivnica\/wp-json\/wp\/v2\/posts\/4136\/revisions\/10147"}],"wp:featuredmedia":[{"embeddable":true,"href":"https:\/\/www.ofm.hr\/koprivnica\/wp-json\/wp\/v2\/media\/4125"}],"wp:attachment":[{"href":"https:\/\/www.ofm.hr\/koprivnica\/wp-json\/wp\/v2\/media?parent=4136"}],"wp:term":[{"taxonomy":"category","embeddable":true,"href":"https:\/\/www.ofm.hr\/koprivnica\/wp-json\/wp\/v2\/categories?post=4136"},{"taxonomy":"post_tag","embeddable":true,"href":"https:\/\/www.ofm.hr\/koprivnica\/wp-json\/wp\/v2\/tags?post=4136"}],"curies":[{"name":"wp","href":"https:\/\/api.w.org\/{rel}","templated":true}]}}