{"id":4140,"date":"2022-01-07T21:26:18","date_gmt":"2022-01-07T20:26:18","guid":{"rendered":"https:\/\/ofm.hr\/koprivnica-wp\/?p=4140"},"modified":"2022-01-07T21:38:17","modified_gmt":"2022-01-07T20:38:17","slug":"otpad-i-odgovornost-za-stvoreno","status":"publish","type":"post","link":"https:\/\/www.ofm.hr\/koprivnica\/otpad-i-odgovornost-za-stvoreno\/","title":{"rendered":"Otpad i odgovornost za stvoreno"},"content":{"rendered":"<p style=\"text-align: justify;\">{ppgallery}<\/p>\n<p style=\"text-align: justify;\"><img loading=\"lazy\" decoding=\"async\" class=\" alignleft size-full wp-image-4137\" src=\"https:\/\/www.ofm.hr\/koprivnica\/wp-content\/uploads\/2012\/02\/web14_P1280001.jpg\" alt=\"\" style=\"margin: 3px; float: left;\" height=\"90\" width=\"119\" srcset=\"https:\/\/www.ofm.hr\/koprivnica\/wp-content\/uploads\/2012\/02\/web14_P1280001.jpg 640w, https:\/\/www.ofm.hr\/koprivnica\/wp-content\/uploads\/2012\/02\/web14_P1280001-600x450.jpg 600w, https:\/\/www.ofm.hr\/koprivnica\/wp-content\/uploads\/2012\/02\/web14_P1280001-300x225.jpg 300w\" sizes=\"auto, (max-width: 119px) 100vw, 119px\" \/> {\/ppgallery}U subotu, 28. sije\u010dnja o.g, mogli ste nazo\u010diti predavanju koje su pripremile sestre Ivana i Bla\u017eenka te brat Josip iz kaptolskog Franjeva\u010dkog svjetovnog reda. Pred auditorijem od 40-ak prisutnih Ivana i Bla\u017eenka su na interesantan na\u010din predstavile kako se one u svojem bratstvu brinu o ekologiji. Na po\u010detku smo se prisjetili jednog dijela \u010dlanka 18 iz Generalnih konstitucija Franjeva\u010dkog svjetovnog reda koji glasi: &bdquo;Slijede\u0107i primjer svetog Franje, za&scaron;titnika ekologa, neka djelatno promi\u010du inicijative za o\u010duvanje stvorenog, neka sura\u0111uju u naporima da se izbjegne zaga\u0111ivanje i uni&scaron;tavanje prirode te da se stvore \u017eivotni uvjeti i okolina koji ne\u0107e ugro\u017eavati \u010dovjeka.&ldquo; Nadalje govorilo se o razlozima pove\u0107anja otpada te trendovima u svijetu koji nastoje smanjiti, ponovno iskoristiti, iskoristiti kao sirovinu ili oporabiti. Kod nas se to zasad svelo na izbjegavanje-vrednovanje-odlaganje &ndash; tj. na tzv. I-V-O princip. Ono &scaron;to doista svatko od nas mo\u017ee u\u010diniti jest posebno odvajati organski otpad, papir, staklo, plasti\u010dnu ambala\u017eu nakon \u010dega nam ostane svega 28% pomije&scaron;anog otpada koji ne spada u gore navedene kategorije. Pitanje koje se nije izravno postavilo, ali je ostalo visjeti u zraku jest: &bdquo;Za&scaron;to bismo razvrstavali otpad?&ldquo; Za poticaj mo\u017eemo se zapitati nad \u010dinjenicom da sakupljenom 1 tonom papira spasimo 20 mladih stabala i u&scaron;tedimo 60000 litara vode. Svatko od nas mo\u017ee doprinijeti tome. Ako si zainteresiran(a), javi se u koprivni\u010dko bratstvo FSR-a. &bdquo;Ako \u017eeli&scaron; njegovati mir, \u010duvaj stvoreno&ldquo; poruka pape Benedikta XVI uz svjetski dan mira 1. sije\u010dnja 2010. <br \/>Marko Buni\u0107<\/p>\n<p style=\"text-align: justify;\">{ppgallery}<img loading=\"lazy\" decoding=\"async\" class=\" size-full wp-image-4138\" src=\"https:\/\/www.ofm.hr\/koprivnica\/wp-content\/uploads\/2012\/02\/web14_P1280002.jpg\" alt=\"\" height=\"90\" width=\"119\" srcset=\"https:\/\/www.ofm.hr\/koprivnica\/wp-content\/uploads\/2012\/02\/web14_P1280002.jpg 640w, https:\/\/www.ofm.hr\/koprivnica\/wp-content\/uploads\/2012\/02\/web14_P1280002-600x450.jpg 600w, https:\/\/www.ofm.hr\/koprivnica\/wp-content\/uploads\/2012\/02\/web14_P1280002-300x225.jpg 300w\" sizes=\"auto, (max-width: 119px) 100vw, 119px\" \/><img loading=\"lazy\" decoding=\"async\" class=\" size-full wp-image-4139\" src=\"https:\/\/www.ofm.hr\/koprivnica\/wp-content\/uploads\/2012\/02\/web14_P1280005.jpg\" alt=\"\" height=\"90\" width=\"119\" srcset=\"https:\/\/www.ofm.hr\/koprivnica\/wp-content\/uploads\/2012\/02\/web14_P1280005.jpg 640w, https:\/\/www.ofm.hr\/koprivnica\/wp-content\/uploads\/2012\/02\/web14_P1280005-600x450.jpg 600w, https:\/\/www.ofm.hr\/koprivnica\/wp-content\/uploads\/2012\/02\/web14_P1280005-300x225.jpg 300w\" sizes=\"auto, (max-width: 119px) 100vw, 119px\" \/>{\/ppgallery}<\/p>\n","protected":false},"excerpt":{"rendered":"<p>{ppgallery} {\/ppgallery}U subotu, 28. sije\u010dnja o.g, mogli ste nazo\u010diti predavanju koje su pripremile sestre Ivana i Bla\u017eenka te brat Josip iz kaptolskog Franjeva\u010dkog svjetovnog reda. Pred auditorijem od 40-ak prisutnih Ivana i Bla\u017eenka su na interesantan na\u010din predstavile kako se one u svojem bratstvu brinu o ekologiji. Na po\u010detku smo se prisjetili jednog dijela \u010dlanka [&hellip;]<\/p>\n","protected":false},"author":1,"featured_media":4137,"comment_status":"open","ping_status":"open","sticky":true,"template":"","format":"standard","meta":{"qubely_global_settings":"","qubely_interactions":"","footnotes":""},"categories":[39],"tags":[],"class_list":["post-4140","post","type-post","status-publish","format-standard","has-post-thumbnail","hentry","category-fsr-ofs"],"blocksy_meta":{"styles_descriptor":{"styles":{"desktop":"","tablet":"","mobile":""},"google_fonts":[],"version":6}},"qubely_featured_image_url":{"full":["https:\/\/www.ofm.hr\/koprivnica\/wp-content\/uploads\/2012\/02\/web14_P1280001.jpg",640,480,false],"landscape":["https:\/\/www.ofm.hr\/koprivnica\/wp-content\/uploads\/2012\/02\/web14_P1280001.jpg",640,480,false],"portraits":["https:\/\/www.ofm.hr\/koprivnica\/wp-content\/uploads\/2012\/02\/web14_P1280001.jpg",427,320,false],"thumbnail":["https:\/\/www.ofm.hr\/koprivnica\/wp-content\/uploads\/2012\/02\/web14_P1280001-150x150.jpg",150,150,true],"medium":["https:\/\/www.ofm.hr\/koprivnica\/wp-content\/uploads\/2012\/02\/web14_P1280001-300x225.jpg",300,225,true],"medium_large":["https:\/\/www.ofm.hr\/koprivnica\/wp-content\/uploads\/2012\/02\/web14_P1280001.jpg",640,480,false],"large":["https:\/\/www.ofm.hr\/koprivnica\/wp-content\/uploads\/2012\/02\/web14_P1280001.jpg",640,480,false],"1536x1536":["https:\/\/www.ofm.hr\/koprivnica\/wp-content\/uploads\/2012\/02\/web14_P1280001.jpg",640,480,false],"2048x2048":["https:\/\/www.ofm.hr\/koprivnica\/wp-content\/uploads\/2012\/02\/web14_P1280001.jpg",640,480,false],"qubely_landscape":["https:\/\/www.ofm.hr\/koprivnica\/wp-content\/uploads\/2012\/02\/web14_P1280001.jpg",640,480,false],"qubely_portrait":["https:\/\/www.ofm.hr\/koprivnica\/wp-content\/uploads\/2012\/02\/web14_P1280001.jpg",427,320,false],"qubely_thumbnail":["https:\/\/www.ofm.hr\/koprivnica\/wp-content\/uploads\/2012\/02\/web14_P1280001.jpg",133,100,false]},"qubely_author":{"display_name":"Branko","author_link":"https:\/\/www.ofm.hr\/koprivnica\/author\/admkp8\/"},"qubely_comment":0,"qubely_category":"<a href=\"https:\/\/www.ofm.hr\/koprivnica\/category\/fsr-ofs\/\" rel=\"category tag\">FSR (OFS)<\/a>","qubely_excerpt":"{ppgallery} {\/ppgallery}U subotu, 28. sije\u010dnja o.g, mogli ste nazo\u010diti predavanju koje su pripremile sestre Ivana i Bla\u017eenka te brat Josip iz kaptolskog Franjeva\u010dkog svjetovnog reda. Pred auditorijem od 40-ak prisutnih Ivana i Bla\u017eenka su na interesantan na\u010din predstavile kako se one u svojem bratstvu brinu o ekologiji. Na po\u010detku smo se prisjetili jednog dijela \u010dlanka&hellip;","featured_image_urls_v2":{"full":["https:\/\/www.ofm.hr\/koprivnica\/wp-content\/uploads\/2012\/02\/web14_P1280001.jpg",640,480,false],"thumbnail":["https:\/\/www.ofm.hr\/koprivnica\/wp-content\/uploads\/2012\/02\/web14_P1280001-150x150.jpg",150,150,true],"medium":["https:\/\/www.ofm.hr\/koprivnica\/wp-content\/uploads\/2012\/02\/web14_P1280001-300x225.jpg",300,225,true],"medium_large":["https:\/\/www.ofm.hr\/koprivnica\/wp-content\/uploads\/2012\/02\/web14_P1280001.jpg",640,480,false],"large":["https:\/\/www.ofm.hr\/koprivnica\/wp-content\/uploads\/2012\/02\/web14_P1280001.jpg",640,480,false],"1536x1536":["https:\/\/www.ofm.hr\/koprivnica\/wp-content\/uploads\/2012\/02\/web14_P1280001.jpg",640,480,false],"2048x2048":["https:\/\/www.ofm.hr\/koprivnica\/wp-content\/uploads\/2012\/02\/web14_P1280001.jpg",640,480,false],"qubely_landscape":["https:\/\/www.ofm.hr\/koprivnica\/wp-content\/uploads\/2012\/02\/web14_P1280001.jpg",640,480,false],"qubely_portrait":["https:\/\/www.ofm.hr\/koprivnica\/wp-content\/uploads\/2012\/02\/web14_P1280001.jpg",427,320,false],"qubely_thumbnail":["https:\/\/www.ofm.hr\/koprivnica\/wp-content\/uploads\/2012\/02\/web14_P1280001.jpg",133,100,false]},"post_excerpt_stackable_v2":"<p>{ppgallery} {\/ppgallery}U subotu, 28. sije\u010dnja o.g, mogli ste nazo\u010diti predavanju koje su pripremile sestre Ivana i Bla\u017eenka te brat Josip iz kaptolskog Franjeva\u010dkog svjetovnog reda. Pred auditorijem od 40-ak prisutnih Ivana i Bla\u017eenka su na interesantan na\u010din predstavile kako se one u svojem bratstvu brinu o ekologiji. Na po\u010detku smo se prisjetili jednog dijela \u010dlanka 18 iz Generalnih konstitucija Franjeva\u010dkog svjetovnog reda koji glasi: &bdquo;Slijede\u0107i primjer svetog Franje, za&scaron;titnika ekologa, neka djelatno promi\u010du inicijative za o\u010duvanje stvorenog, neka sura\u0111uju u naporima da se izbjegne zaga\u0111ivanje i uni&scaron;tavanje prirode te da se stvore \u017eivotni uvjeti i okolina koji ne\u0107e ugro\u017eavati \u010dovjeka.&ldquo;&hellip;<\/p>\n","category_list_v2":"<a href=\"https:\/\/www.ofm.hr\/koprivnica\/category\/fsr-ofs\/\" rel=\"category tag\">FSR (OFS)<\/a>","author_info_v2":{"name":"Branko","url":"https:\/\/www.ofm.hr\/koprivnica\/author\/admkp8\/"},"comments_num_v2":"0 comments","_links":{"self":[{"href":"https:\/\/www.ofm.hr\/koprivnica\/wp-json\/wp\/v2\/posts\/4140","targetHints":{"allow":["GET"]}}],"collection":[{"href":"https:\/\/www.ofm.hr\/koprivnica\/wp-json\/wp\/v2\/posts"}],"about":[{"href":"https:\/\/www.ofm.hr\/koprivnica\/wp-json\/wp\/v2\/types\/post"}],"author":[{"embeddable":true,"href":"https:\/\/www.ofm.hr\/koprivnica\/wp-json\/wp\/v2\/users\/1"}],"replies":[{"embeddable":true,"href":"https:\/\/www.ofm.hr\/koprivnica\/wp-json\/wp\/v2\/comments?post=4140"}],"version-history":[{"count":1,"href":"https:\/\/www.ofm.hr\/koprivnica\/wp-json\/wp\/v2\/posts\/4140\/revisions"}],"predecessor-version":[{"id":10146,"href":"https:\/\/www.ofm.hr\/koprivnica\/wp-json\/wp\/v2\/posts\/4140\/revisions\/10146"}],"wp:featuredmedia":[{"embeddable":true,"href":"https:\/\/www.ofm.hr\/koprivnica\/wp-json\/wp\/v2\/media\/4137"}],"wp:attachment":[{"href":"https:\/\/www.ofm.hr\/koprivnica\/wp-json\/wp\/v2\/media?parent=4140"}],"wp:term":[{"taxonomy":"category","embeddable":true,"href":"https:\/\/www.ofm.hr\/koprivnica\/wp-json\/wp\/v2\/categories?post=4140"},{"taxonomy":"post_tag","embeddable":true,"href":"https:\/\/www.ofm.hr\/koprivnica\/wp-json\/wp\/v2\/tags?post=4140"}],"curies":[{"name":"wp","href":"https:\/\/api.w.org\/{rel}","templated":true}]}}