{"id":4149,"date":"2022-01-07T21:26:18","date_gmt":"2022-01-07T20:26:18","guid":{"rendered":"https:\/\/ofm.hr\/koprivnica-wp\/?p=4149"},"modified":"2022-01-07T21:38:17","modified_gmt":"2022-01-07T20:38:17","slug":"izborni-kapitul-koprivnikog-bratstva-fsr-a","status":"publish","type":"post","link":"https:\/\/www.ofm.hr\/koprivnica\/izborni-kapitul-koprivnikog-bratstva-fsr-a\/","title":{"rendered":"Izborni kapitul  koprivni\u010dkog bratstva FSR-a."},"content":{"rendered":"<p style=\"text-align: justify;\">U nedjelju, 10. o\u017eujka u na&scaron;oj \u017eupi odr\u017ean je Izborni kapitul bratstva franjeva\u010dkog svjetovnog reda na kojem je izabrano novo vije\u0107e na&scaron;eg bratstva. Kapitul je zapo\u010det euharistijskim slavljem &nbsp;koje je predvodio &nbsp;fra Milan Kri&scaron;to, podru\u010dni &nbsp;duhovni asistent FSR-a i fra Marijan Opitz, duhovni asistent koprivni\u010dkog bratstva. Prije samih izbora u ime Framae rije\u010d podr&scaron;ke uputila nam je sestra Lidija Mihokovi\u0107.<\/p>\n<p style=\"text-align: justify;\"><strong><em>Izbori su protekli u najve\u0107em redu i mirnom ozra\u010dju.<\/em><\/strong><\/p>\n<p style=\"text-align: justify;\">Za ministru koprivni\u010dkog bratstva izabrana je Marija Dini\u0107, doministar je Ivan Mikor, tajnik vije\u0107a je Vesna Buni\u0107, u\u010ditelj za formaciju je Dejan Dini\u0107, blagajnik je \u0110ur\u0111a Pek, i preostala dva vije\u0107nika su \u017deljko Hojsak i Zoran Crn\u010di\u0107. Trajanje mandata novoizabranih \u010dlanova jest tri godine.<\/p>\n<p style=\"text-align: justify;\">Novoizabranom vije\u0107u \u017eelimo puno pouzdanja u Bo\u017eju providnost, a starom vije\u0107u hvala na (s)trpljenju kojim su &ldquo;nosili&rdquo; na&scaron;e bratsvo.<\/p>\n","protected":false},"excerpt":{"rendered":"<p>U nedjelju, 10. o\u017eujka u na&scaron;oj \u017eupi odr\u017ean je Izborni kapitul bratstva franjeva\u010dkog svjetovnog reda na kojem je izabrano novo vije\u0107e na&scaron;eg bratstva. Kapitul je zapo\u010det euharistijskim slavljem &nbsp;koje je predvodio &nbsp;fra Milan Kri&scaron;to, podru\u010dni &nbsp;duhovni asistent FSR-a i fra Marijan Opitz, duhovni asistent koprivni\u010dkog bratstva. Prije samih izbora u ime Framae rije\u010d podr&scaron;ke uputila [&hellip;]<\/p>\n","protected":false},"author":1,"featured_media":0,"comment_status":"open","ping_status":"open","sticky":true,"template":"","format":"standard","meta":{"qubely_global_settings":"","qubely_interactions":"","footnotes":""},"categories":[39],"tags":[],"class_list":["post-4149","post","type-post","status-publish","format-standard","hentry","category-fsr-ofs"],"blocksy_meta":{"styles_descriptor":{"styles":{"desktop":"","tablet":"","mobile":""},"google_fonts":[],"version":6}},"qubely_featured_image_url":null,"qubely_author":{"display_name":"Branko","author_link":"https:\/\/www.ofm.hr\/koprivnica\/author\/admkp8\/"},"qubely_comment":0,"qubely_category":"<a href=\"https:\/\/www.ofm.hr\/koprivnica\/category\/fsr-ofs\/\" rel=\"category tag\">FSR (OFS)<\/a>","qubely_excerpt":"U nedjelju, 10. o\u017eujka u na&scaron;oj \u017eupi odr\u017ean je Izborni kapitul bratstva franjeva\u010dkog svjetovnog reda na kojem je izabrano novo vije\u0107e na&scaron;eg bratstva. Kapitul je zapo\u010det euharistijskim slavljem &nbsp;koje je predvodio &nbsp;fra Milan Kri&scaron;to, podru\u010dni &nbsp;duhovni asistent FSR-a i fra Marijan Opitz, duhovni asistent koprivni\u010dkog bratstva. Prije samih izbora u ime Framae rije\u010d podr&scaron;ke uputila&hellip;","featured_image_urls_v2":{"full":"","thumbnail":"","medium":"","medium_large":"","large":"","1536x1536":"","2048x2048":"","qubely_landscape":"","qubely_portrait":"","qubely_thumbnail":""},"post_excerpt_stackable_v2":"<p>U nedjelju, 10. o\u017eujka u na&scaron;oj \u017eupi odr\u017ean je Izborni kapitul bratstva franjeva\u010dkog svjetovnog reda na kojem je izabrano novo vije\u0107e na&scaron;eg bratstva. Kapitul je zapo\u010det euharistijskim slavljem &nbsp;koje je predvodio &nbsp;fra Milan Kri&scaron;to, podru\u010dni &nbsp;duhovni asistent FSR-a i fra Marijan Opitz, duhovni asistent koprivni\u010dkog bratstva. Prije samih izbora u ime Framae rije\u010d podr&scaron;ke uputila nam je sestra Lidija Mihokovi\u0107. Izbori su protekli u najve\u0107em redu i mirnom ozra\u010dju. Za ministru koprivni\u010dkog bratstva izabrana je Marija Dini\u0107, doministar je Ivan Mikor, tajnik vije\u0107a je Vesna Buni\u0107, u\u010ditelj za formaciju je Dejan Dini\u0107, blagajnik je \u0110ur\u0111a Pek, i preostala dva vije\u0107nika&hellip;<\/p>\n","category_list_v2":"<a href=\"https:\/\/www.ofm.hr\/koprivnica\/category\/fsr-ofs\/\" rel=\"category tag\">FSR (OFS)<\/a>","author_info_v2":{"name":"Branko","url":"https:\/\/www.ofm.hr\/koprivnica\/author\/admkp8\/"},"comments_num_v2":"0 comments","_links":{"self":[{"href":"https:\/\/www.ofm.hr\/koprivnica\/wp-json\/wp\/v2\/posts\/4149","targetHints":{"allow":["GET"]}}],"collection":[{"href":"https:\/\/www.ofm.hr\/koprivnica\/wp-json\/wp\/v2\/posts"}],"about":[{"href":"https:\/\/www.ofm.hr\/koprivnica\/wp-json\/wp\/v2\/types\/post"}],"author":[{"embeddable":true,"href":"https:\/\/www.ofm.hr\/koprivnica\/wp-json\/wp\/v2\/users\/1"}],"replies":[{"embeddable":true,"href":"https:\/\/www.ofm.hr\/koprivnica\/wp-json\/wp\/v2\/comments?post=4149"}],"version-history":[{"count":1,"href":"https:\/\/www.ofm.hr\/koprivnica\/wp-json\/wp\/v2\/posts\/4149\/revisions"}],"predecessor-version":[{"id":10143,"href":"https:\/\/www.ofm.hr\/koprivnica\/wp-json\/wp\/v2\/posts\/4149\/revisions\/10143"}],"wp:attachment":[{"href":"https:\/\/www.ofm.hr\/koprivnica\/wp-json\/wp\/v2\/media?parent=4149"}],"wp:term":[{"taxonomy":"category","embeddable":true,"href":"https:\/\/www.ofm.hr\/koprivnica\/wp-json\/wp\/v2\/categories?post=4149"},{"taxonomy":"post_tag","embeddable":true,"href":"https:\/\/www.ofm.hr\/koprivnica\/wp-json\/wp\/v2\/tags?post=4149"}],"curies":[{"name":"wp","href":"https:\/\/api.w.org\/{rel}","templated":true}]}}