{"id":4150,"date":"2022-01-07T21:26:18","date_gmt":"2022-01-07T20:26:18","guid":{"rendered":"https:\/\/ofm.hr\/koprivnica-wp\/?p=4150"},"modified":"2022-01-07T21:38:17","modified_gmt":"2022-01-07T20:38:17","slug":"zapis-sa-skuptine-ofs-a","status":"publish","type":"post","link":"https:\/\/www.ofm.hr\/koprivnica\/zapis-sa-skuptine-ofs-a\/","title":{"rendered":"Zapis sa skup\u0161tine OFS-a"},"content":{"rendered":"<p style=\"text-align: justify;\">Nakon dugog toplog ljeta evo nas opet zajedno.Sakupljeni u ljubavi kao prava&nbsp; Franjina bra\u0107a,radosno smo zapo\u010deli susret s pjesmom na usnama.<\/p>\n<p style=\"text-align: justify;\">Veselimo se svi i Bogu kli\u010dimo&#8230; odjekivalo je na&scaron;om dvoranom i samo dodatno utiskivalo u na&scaron;a srca svijest da je pjesma dvostruka molitva, a ona ispunjava du&scaron;u. Pred nama je novo razdoblje u kalendarskoj godini ispunjeno \u017eeljama i zadacima koje trebamo i \u017eelimo provesti u \u017eivot.<\/p>\n<p style=\"text-align: justify;\">&nbsp;&nbsp; Svako je na&scaron;e dru\u017eenje lijepo je i ugodno, i&nbsp; kroz to se oboga\u0107ujemo me\u0111usobno se daruju\u0107i srcima ispunjenim ljubavlju, osmjehom i lijepim rije\u010dima. Kao prava bra\u0107a na&scaron;e susrete nastojati \u0107emo i ubudu\u0107e ukra&scaron;avati novim mirisnim cvjeti\u0107ima. Jedan od tih cvjeti\u0107a je na&scaron;e me\u0111usobno bolje upoznavanje. S rado&scaron;\u0107u smo prihvatili prijedlog na&scaron;eg patra Marijana da svaki mjesec skromno ali s ljubavlju proslavimo ro\u0111endane bra\u0107e i sestara koji su ro\u0111eni u tom mjesecu. Marko je prihvatio gitaru i uz njene zvuke i na&scaron;e glasove kojima nas je Bog obdario zapjevali smo \u017deljku, Barbari,patru Marjanu pjesmu &bdquo;Neka te Gospodin blagoslovi i neka te \u010duva&ldquo;. Ovog puta bio je to na&scaron; zajedni\u010dki ro\u0111endanski poklon.<\/p>\n<p style=\"text-align: justify;\">&nbsp; &nbsp;&nbsp;&nbsp;Kao \u017eupa dobit \u0107emo prikladno uokvirenu sliku Marije koju Otac i Sin i Dug Sveti krune za kraljicu. Slika je to lijevog&nbsp; pomo\u0107nog&nbsp; oltara u na&scaron;oj crkvi. Prema dogovorenom redoslijedu ova slika biti \u0107e &nbsp;prisutna u&nbsp; na&scaron;im srcima i obiteljima po tri dana. Na taj na\u010din \u010dastiti \u0107emo Mariju, na&scaron;u kraljicu i majku. &nbsp;Jo&scaron; vi&scaron;e povezani s njom moliti \u0107emo &nbsp;za sveop\u0107e potrebe Crkve i na&scaron;e osobne potrebe.<\/p>\n<p style=\"text-align: justify;\">&nbsp;&nbsp; Svakim danom sve bli\u017ei nam je najve\u0107i franjeva\u010dki blagdan. Sveti Franjo ve\u0107 kuca na na&scaron;a vrata i na na&scaron;e srce. Za taj blagdan u na&scaron;oj \u017eupi pripremiti \u0107emo se trodnevnicom. O\u010dekujemo uvijek nam rado vi\u0111enog&nbsp; patera Petra Cvekana koji \u0107e svojim uvijek nadahnutim i zanosnim propovijedima zasigurno doprinijeti na&scaron;em ve\u0107em odu&scaron;evljenju za franjeva&scaron;tvo koje smo izabrali kao na&scaron;e&nbsp; opredjeljenje.<\/p>\n<p style=\"text-align: justify;\">&nbsp;Za kraj na&scaron;eg susreta ,Gospodinu koji je sama ljubav i dobrota,&nbsp; pjevali smo svima &nbsp;dragu nam pjesmu &bdquo;O ljubavi ja pjevam o Isusu mom kralju&ldquo;.<\/p>\n<p style=\"text-align: justify;\">&nbsp;&nbsp;&nbsp;&nbsp;&nbsp;&nbsp; Prisutni: pater Marijan,Jasenka Damjanovi\u0107,Jasna Huzjak,Aranka Jal\u017eabeti\u0107, Mira Brezenci,Ivana Ve\u010denaj,Milka Brunec,Barbara Ma\u0111eri\u0107,\u0110ur\u0111a Pek,Andreja Femec,Janja Iki\u0107, Katarina Kopri\u010danec, Marija Kuhar,Maja Dini\u0107,Vesna Buni\u0107, Marko Buni\u0107, Alen Lazar,\u017deljko Hojsak, Ivica Mikor,Dejan Dini\u0107 i pater Krunoslav<\/p>\n<p style=\"text-align: justify;\">&nbsp;<\/p>\n<p style=\"text-align: justify;\">&bdquo;NE ZABORAVI LIJEPE DANE! Jer ako ih zaboravi&scaron;, oni se vi&scaron;e ne\u0107e vratiti! Ispuni glavu radosnim mislima, srce pomirljivo&scaron;\u0107u, dobrotom, rado&scaron;\u0107u, ljubavlju, a usta smijehom &ndash; i sve \u0107e opet biti dobro!&ldquo;&nbsp; (Phil Bosmans)<\/p>\n<p style=\"text-align: justify;\">&nbsp;<\/p>\n<p style=\"text-align: justify;\" align=\"right\">Maja Dini\u0107, , rujan 2012<\/p>\n","protected":false},"excerpt":{"rendered":"<p>Nakon dugog toplog ljeta evo nas opet zajedno.Sakupljeni u ljubavi kao prava&nbsp; Franjina bra\u0107a,radosno smo zapo\u010deli susret s pjesmom na usnama. Veselimo se svi i Bogu kli\u010dimo&#8230; odjekivalo je na&scaron;om dvoranom i samo dodatno utiskivalo u na&scaron;a srca svijest da je pjesma dvostruka molitva, a ona ispunjava du&scaron;u. Pred nama je novo razdoblje u kalendarskoj [&hellip;]<\/p>\n","protected":false},"author":1,"featured_media":0,"comment_status":"open","ping_status":"open","sticky":true,"template":"","format":"standard","meta":{"qubely_global_settings":"","qubely_interactions":"","footnotes":""},"categories":[39],"tags":[],"class_list":["post-4150","post","type-post","status-publish","format-standard","hentry","category-fsr-ofs"],"blocksy_meta":{"styles_descriptor":{"styles":{"desktop":"","tablet":"","mobile":""},"google_fonts":[],"version":6}},"qubely_featured_image_url":null,"qubely_author":{"display_name":"Branko","author_link":"https:\/\/www.ofm.hr\/koprivnica\/author\/admkp8\/"},"qubely_comment":0,"qubely_category":"<a href=\"https:\/\/www.ofm.hr\/koprivnica\/category\/fsr-ofs\/\" rel=\"category tag\">FSR (OFS)<\/a>","qubely_excerpt":"Nakon dugog toplog ljeta evo nas opet zajedno.Sakupljeni u ljubavi kao prava&nbsp; Franjina bra\u0107a,radosno smo zapo\u010deli susret s pjesmom na usnama. Veselimo se svi i Bogu kli\u010dimo&#8230; odjekivalo je na&scaron;om dvoranom i samo dodatno utiskivalo u na&scaron;a srca svijest da je pjesma dvostruka molitva, a ona ispunjava du&scaron;u. Pred nama je novo razdoblje u kalendarskoj&hellip;","featured_image_urls_v2":{"full":"","thumbnail":"","medium":"","medium_large":"","large":"","1536x1536":"","2048x2048":"","qubely_landscape":"","qubely_portrait":"","qubely_thumbnail":""},"post_excerpt_stackable_v2":"<p>Nakon dugog toplog ljeta evo nas opet zajedno.Sakupljeni u ljubavi kao prava&nbsp; Franjina bra\u0107a,radosno smo zapo\u010deli susret s pjesmom na usnama. Veselimo se svi i Bogu kli\u010dimo&#8230; odjekivalo je na&scaron;om dvoranom i samo dodatno utiskivalo u na&scaron;a srca svijest da je pjesma dvostruka molitva, a ona ispunjava du&scaron;u. Pred nama je novo razdoblje u kalendarskoj godini ispunjeno \u017eeljama i zadacima koje trebamo i \u017eelimo provesti u \u017eivot. &nbsp;&nbsp; Svako je na&scaron;e dru\u017eenje lijepo je i ugodno, i&nbsp; kroz to se oboga\u0107ujemo me\u0111usobno se daruju\u0107i srcima ispunjenim ljubavlju, osmjehom i lijepim rije\u010dima. Kao prava bra\u0107a na&scaron;e susrete nastojati \u0107emo i ubudu\u0107e&hellip;<\/p>\n","category_list_v2":"<a href=\"https:\/\/www.ofm.hr\/koprivnica\/category\/fsr-ofs\/\" rel=\"category tag\">FSR (OFS)<\/a>","author_info_v2":{"name":"Branko","url":"https:\/\/www.ofm.hr\/koprivnica\/author\/admkp8\/"},"comments_num_v2":"0 comments","_links":{"self":[{"href":"https:\/\/www.ofm.hr\/koprivnica\/wp-json\/wp\/v2\/posts\/4150","targetHints":{"allow":["GET"]}}],"collection":[{"href":"https:\/\/www.ofm.hr\/koprivnica\/wp-json\/wp\/v2\/posts"}],"about":[{"href":"https:\/\/www.ofm.hr\/koprivnica\/wp-json\/wp\/v2\/types\/post"}],"author":[{"embeddable":true,"href":"https:\/\/www.ofm.hr\/koprivnica\/wp-json\/wp\/v2\/users\/1"}],"replies":[{"embeddable":true,"href":"https:\/\/www.ofm.hr\/koprivnica\/wp-json\/wp\/v2\/comments?post=4150"}],"version-history":[{"count":1,"href":"https:\/\/www.ofm.hr\/koprivnica\/wp-json\/wp\/v2\/posts\/4150\/revisions"}],"predecessor-version":[{"id":10144,"href":"https:\/\/www.ofm.hr\/koprivnica\/wp-json\/wp\/v2\/posts\/4150\/revisions\/10144"}],"wp:attachment":[{"href":"https:\/\/www.ofm.hr\/koprivnica\/wp-json\/wp\/v2\/media?parent=4150"}],"wp:term":[{"taxonomy":"category","embeddable":true,"href":"https:\/\/www.ofm.hr\/koprivnica\/wp-json\/wp\/v2\/categories?post=4150"},{"taxonomy":"post_tag","embeddable":true,"href":"https:\/\/www.ofm.hr\/koprivnica\/wp-json\/wp\/v2\/tags?post=4150"}],"curies":[{"name":"wp","href":"https:\/\/api.w.org\/{rel}","templated":true}]}}