{"id":4173,"date":"2022-01-07T21:26:18","date_gmt":"2022-01-07T20:26:18","guid":{"rendered":"https:\/\/ofm.hr\/koprivnica-wp\/?p=4173"},"modified":"2022-01-07T21:38:17","modified_gmt":"2022-01-07T20:38:17","slug":"izabrano-novo-vodstvo-mjesnog-bratstva-ofs-a-u-koprivnici","status":"publish","type":"post","link":"https:\/\/www.ofm.hr\/koprivnica\/izabrano-novo-vodstvo-mjesnog-bratstva-ofs-a-u-koprivnici\/","title":{"rendered":"Izabrano novo vodstvo mjesnog bratstva OFS-a u Koprivnici"},"content":{"rendered":"<p style=\"text-align: justify;\">U Mjesnom bratstvu Franjeva\u010dkog svjetovnog reda (OFS) pri franjeva\u010dkom samostanu u Koprivnici, 10. o\u017eujka 2013. je odr\u017eana izborna skup&scaron;tina kojoj su predsjedali fra Milan Kri&scaron;to, predsjednik Konferencije podru\u010dnih duhovnih asistenata FSR-a, s. Branka \u010cernugelj, ministra Zagreba\u010dkog podru\u010dnog bratstva bl. Alojzija Stepinca, s. Martina Suboti\u0107, doministra i s. Hilda &Scaron;varcmajer tajnica. Bratski i pastoralni pohod tekao je u prijateljskom razgovoru, obavili su pregled dokumentacije koja se vodi u Bratstvu i dobili uvid u rad Bratstva. Potom se pristupilo izborima. Skup&scaron;tini je prisustvovao duhovni asistent mjesnog bratstva fra Marijan Opitz, zavjetovana bra\u0107a i sestre te nekoliko simpatizera. U ime Podru\u010dnog bratstva sve nas je pozdravila sestra Branka a skup&scaron;tinu smo zapo\u010deli zazivom Duha Svetoga i molitvom iz Obrednika FSR-a. U narednom trogodi&scaron;tu kao vodstvo na&scaron;em mjesnom bratstvu u Koprivnici slu\u017eit \u0107e mu: Maja Dini\u0107, ministra; Ivica Mikor, doministar; Vesna Buni\u0107, tajnica; Dejan Dini\u0107, u\u010ditelj formacije; blagajnica; Na sve izabrane i na cijelu skup&scaron;tinu fra Milan je zazvao Bo\u017eji blagoslov. Nakon izbora bratstvo se premjestilo u samostansku crkvu gdje je fra Milan predvodio euharistijsko slavlje. U svojoj homiliji je progovorio o samom \u017eivljenu franjeva&scaron;tva. Franjeva\u010dki svjetovnjaci u \u017eivotu i radu \u017eele \u017eivjeti uzornim obiteljskim \u017eivotom u jednostavnosti i po&scaron;tenju u svakodnevnom opho\u0111enju s ljudima, te biti odgovorni i zauzeti u dru&scaron;tvenim obvezama. Slijede\u0107i primjer sv. Franje koji je imao poseban osje\u0107aj za sva Bo\u017eja stvorenja i koji je progla&scaron;en nebeskim za&scaron;titnikom ekologije, prednja\u010de i podr\u017eavaju sve koji se bore protiv zaga\u0111enja prirode i ljudske okoline, spremno idu za Isusom Kristom po primjeru sv. Franje Asi&scaron;koga &hellip; Svi mi zajedno imamo odgovornosti u Franjeva\u010dkom svjetovnom redu te jedinstvo ciljeva i istovjetnost odluka, tako da mo\u017eemo biti animatori i prosvijetljeni vo\u0111e u vjernosti Crkvi te upravljanju hoda na&scaron;e bra\u0107e i sestara prema evan\u0111eoskoj ljubavi zaklju\u010duje fra Milan. Nakon misnog slavlja odr\u017ealo se dru\u017eenje \u010dlanova Bratstva i simpatizera sa na&scaron;im gostima.<\/p>\n<p style=\"text-align: right;\">OFS<\/p>\n<p style=\"text-align: justify;\">{ppgallery}<img loading=\"lazy\" decoding=\"async\" class=\" size-full wp-image-4168\" src=\"https:\/\/www.ofm.hr\/koprivnica\/wp-content\/uploads\/2013\/06\/web15_P3100001.jpg\" alt=\"\" height=\"90\" width=\"119\" srcset=\"https:\/\/www.ofm.hr\/koprivnica\/wp-content\/uploads\/2013\/06\/web15_P3100001.jpg 640w, https:\/\/www.ofm.hr\/koprivnica\/wp-content\/uploads\/2013\/06\/web15_P3100001-600x450.jpg 600w, https:\/\/www.ofm.hr\/koprivnica\/wp-content\/uploads\/2013\/06\/web15_P3100001-300x225.jpg 300w\" sizes=\"auto, (max-width: 119px) 100vw, 119px\" \/> <img loading=\"lazy\" decoding=\"async\" class=\" size-full wp-image-4169\" src=\"https:\/\/www.ofm.hr\/koprivnica\/wp-content\/uploads\/2013\/06\/web15_P3100002.jpg\" alt=\"\" height=\"90\" width=\"119\" srcset=\"https:\/\/www.ofm.hr\/koprivnica\/wp-content\/uploads\/2013\/06\/web15_P3100002.jpg 640w, https:\/\/www.ofm.hr\/koprivnica\/wp-content\/uploads\/2013\/06\/web15_P3100002-600x450.jpg 600w, https:\/\/www.ofm.hr\/koprivnica\/wp-content\/uploads\/2013\/06\/web15_P3100002-300x225.jpg 300w\" sizes=\"auto, (max-width: 119px) 100vw, 119px\" \/> <img loading=\"lazy\" decoding=\"async\" class=\" size-full wp-image-4170\" src=\"https:\/\/www.ofm.hr\/koprivnica\/wp-content\/uploads\/2013\/06\/web15_P3100005.jpg\" alt=\"\" height=\"90\" width=\"119\" srcset=\"https:\/\/www.ofm.hr\/koprivnica\/wp-content\/uploads\/2013\/06\/web15_P3100005.jpg 640w, https:\/\/www.ofm.hr\/koprivnica\/wp-content\/uploads\/2013\/06\/web15_P3100005-600x450.jpg 600w, https:\/\/www.ofm.hr\/koprivnica\/wp-content\/uploads\/2013\/06\/web15_P3100005-300x225.jpg 300w\" sizes=\"auto, (max-width: 119px) 100vw, 119px\" \/> <img loading=\"lazy\" decoding=\"async\" class=\" size-full wp-image-4171\" src=\"https:\/\/www.ofm.hr\/koprivnica\/wp-content\/uploads\/2013\/06\/web15_P3100007.jpg\" alt=\"\" height=\"90\" width=\"119\" srcset=\"https:\/\/www.ofm.hr\/koprivnica\/wp-content\/uploads\/2013\/06\/web15_P3100007.jpg 640w, https:\/\/www.ofm.hr\/koprivnica\/wp-content\/uploads\/2013\/06\/web15_P3100007-600x450.jpg 600w, https:\/\/www.ofm.hr\/koprivnica\/wp-content\/uploads\/2013\/06\/web15_P3100007-300x225.jpg 300w\" sizes=\"auto, (max-width: 119px) 100vw, 119px\" \/> <img loading=\"lazy\" decoding=\"async\" class=\" size-full wp-image-4172\" src=\"https:\/\/www.ofm.hr\/koprivnica\/wp-content\/uploads\/2013\/06\/web15_P3100013.jpg\" alt=\"\" height=\"90\" width=\"119\" srcset=\"https:\/\/www.ofm.hr\/koprivnica\/wp-content\/uploads\/2013\/06\/web15_P3100013.jpg 640w, https:\/\/www.ofm.hr\/koprivnica\/wp-content\/uploads\/2013\/06\/web15_P3100013-600x450.jpg 600w, https:\/\/www.ofm.hr\/koprivnica\/wp-content\/uploads\/2013\/06\/web15_P3100013-300x225.jpg 300w\" sizes=\"auto, (max-width: 119px) 100vw, 119px\" \/>{\/ppgallery}<\/p>\n","protected":false},"excerpt":{"rendered":"<p>U Mjesnom bratstvu Franjeva\u010dkog svjetovnog reda (OFS) pri franjeva\u010dkom samostanu u Koprivnici, 10. o\u017eujka 2013. je odr\u017eana izborna skup&scaron;tina kojoj su predsjedali fra Milan Kri&scaron;to, predsjednik Konferencije podru\u010dnih duhovnih asistenata FSR-a, s. Branka \u010cernugelj, ministra Zagreba\u010dkog podru\u010dnog bratstva bl. Alojzija Stepinca, s. Martina Suboti\u0107, doministra i s. Hilda &Scaron;varcmajer tajnica. Bratski i pastoralni pohod tekao [&hellip;]<\/p>\n","protected":false},"author":1,"featured_media":4168,"comment_status":"open","ping_status":"open","sticky":true,"template":"","format":"standard","meta":{"qubely_global_settings":"","qubely_interactions":"","footnotes":""},"categories":[39],"tags":[],"class_list":["post-4173","post","type-post","status-publish","format-standard","has-post-thumbnail","hentry","category-fsr-ofs"],"blocksy_meta":{"styles_descriptor":{"styles":{"desktop":"","tablet":"","mobile":""},"google_fonts":[],"version":6}},"qubely_featured_image_url":{"full":["https:\/\/www.ofm.hr\/koprivnica\/wp-content\/uploads\/2013\/06\/web15_P3100001.jpg",640,480,false],"landscape":["https:\/\/www.ofm.hr\/koprivnica\/wp-content\/uploads\/2013\/06\/web15_P3100001.jpg",640,480,false],"portraits":["https:\/\/www.ofm.hr\/koprivnica\/wp-content\/uploads\/2013\/06\/web15_P3100001.jpg",427,320,false],"thumbnail":["https:\/\/www.ofm.hr\/koprivnica\/wp-content\/uploads\/2013\/06\/web15_P3100001-150x150.jpg",150,150,true],"medium":["https:\/\/www.ofm.hr\/koprivnica\/wp-content\/uploads\/2013\/06\/web15_P3100001-300x225.jpg",300,225,true],"medium_large":["https:\/\/www.ofm.hr\/koprivnica\/wp-content\/uploads\/2013\/06\/web15_P3100001.jpg",640,480,false],"large":["https:\/\/www.ofm.hr\/koprivnica\/wp-content\/uploads\/2013\/06\/web15_P3100001.jpg",640,480,false],"1536x1536":["https:\/\/www.ofm.hr\/koprivnica\/wp-content\/uploads\/2013\/06\/web15_P3100001.jpg",640,480,false],"2048x2048":["https:\/\/www.ofm.hr\/koprivnica\/wp-content\/uploads\/2013\/06\/web15_P3100001.jpg",640,480,false],"qubely_landscape":["https:\/\/www.ofm.hr\/koprivnica\/wp-content\/uploads\/2013\/06\/web15_P3100001.jpg",640,480,false],"qubely_portrait":["https:\/\/www.ofm.hr\/koprivnica\/wp-content\/uploads\/2013\/06\/web15_P3100001.jpg",427,320,false],"qubely_thumbnail":["https:\/\/www.ofm.hr\/koprivnica\/wp-content\/uploads\/2013\/06\/web15_P3100001.jpg",133,100,false]},"qubely_author":{"display_name":"Branko","author_link":"https:\/\/www.ofm.hr\/koprivnica\/author\/admkp8\/"},"qubely_comment":0,"qubely_category":"<a href=\"https:\/\/www.ofm.hr\/koprivnica\/category\/fsr-ofs\/\" rel=\"category tag\">FSR (OFS)<\/a>","qubely_excerpt":"U Mjesnom bratstvu Franjeva\u010dkog svjetovnog reda (OFS) pri franjeva\u010dkom samostanu u Koprivnici, 10. o\u017eujka 2013. je odr\u017eana izborna skup&scaron;tina kojoj su predsjedali fra Milan Kri&scaron;to, predsjednik Konferencije podru\u010dnih duhovnih asistenata FSR-a, s. Branka \u010cernugelj, ministra Zagreba\u010dkog podru\u010dnog bratstva bl. Alojzija Stepinca, s. Martina Suboti\u0107, doministra i s. Hilda &Scaron;varcmajer tajnica. Bratski i pastoralni pohod tekao&hellip;","featured_image_urls_v2":{"full":["https:\/\/www.ofm.hr\/koprivnica\/wp-content\/uploads\/2013\/06\/web15_P3100001.jpg",640,480,false],"thumbnail":["https:\/\/www.ofm.hr\/koprivnica\/wp-content\/uploads\/2013\/06\/web15_P3100001-150x150.jpg",150,150,true],"medium":["https:\/\/www.ofm.hr\/koprivnica\/wp-content\/uploads\/2013\/06\/web15_P3100001-300x225.jpg",300,225,true],"medium_large":["https:\/\/www.ofm.hr\/koprivnica\/wp-content\/uploads\/2013\/06\/web15_P3100001.jpg",640,480,false],"large":["https:\/\/www.ofm.hr\/koprivnica\/wp-content\/uploads\/2013\/06\/web15_P3100001.jpg",640,480,false],"1536x1536":["https:\/\/www.ofm.hr\/koprivnica\/wp-content\/uploads\/2013\/06\/web15_P3100001.jpg",640,480,false],"2048x2048":["https:\/\/www.ofm.hr\/koprivnica\/wp-content\/uploads\/2013\/06\/web15_P3100001.jpg",640,480,false],"qubely_landscape":["https:\/\/www.ofm.hr\/koprivnica\/wp-content\/uploads\/2013\/06\/web15_P3100001.jpg",640,480,false],"qubely_portrait":["https:\/\/www.ofm.hr\/koprivnica\/wp-content\/uploads\/2013\/06\/web15_P3100001.jpg",427,320,false],"qubely_thumbnail":["https:\/\/www.ofm.hr\/koprivnica\/wp-content\/uploads\/2013\/06\/web15_P3100001.jpg",133,100,false]},"post_excerpt_stackable_v2":"<p>U Mjesnom bratstvu Franjeva\u010dkog svjetovnog reda (OFS) pri franjeva\u010dkom samostanu u Koprivnici, 10. o\u017eujka 2013. je odr\u017eana izborna skup&scaron;tina kojoj su predsjedali fra Milan Kri&scaron;to, predsjednik Konferencije podru\u010dnih duhovnih asistenata FSR-a, s. Branka \u010cernugelj, ministra Zagreba\u010dkog podru\u010dnog bratstva bl. Alojzija Stepinca, s. Martina Suboti\u0107, doministra i s. Hilda &Scaron;varcmajer tajnica. Bratski i pastoralni pohod tekao je u prijateljskom razgovoru, obavili su pregled dokumentacije koja se vodi u Bratstvu i dobili uvid u rad Bratstva. Potom se pristupilo izborima. Skup&scaron;tini je prisustvovao duhovni asistent mjesnog bratstva fra Marijan Opitz, zavjetovana bra\u0107a i sestre te nekoliko simpatizera. U ime Podru\u010dnog bratstva sve&hellip;<\/p>\n","category_list_v2":"<a href=\"https:\/\/www.ofm.hr\/koprivnica\/category\/fsr-ofs\/\" rel=\"category tag\">FSR (OFS)<\/a>","author_info_v2":{"name":"Branko","url":"https:\/\/www.ofm.hr\/koprivnica\/author\/admkp8\/"},"comments_num_v2":"0 comments","_links":{"self":[{"href":"https:\/\/www.ofm.hr\/koprivnica\/wp-json\/wp\/v2\/posts\/4173","targetHints":{"allow":["GET"]}}],"collection":[{"href":"https:\/\/www.ofm.hr\/koprivnica\/wp-json\/wp\/v2\/posts"}],"about":[{"href":"https:\/\/www.ofm.hr\/koprivnica\/wp-json\/wp\/v2\/types\/post"}],"author":[{"embeddable":true,"href":"https:\/\/www.ofm.hr\/koprivnica\/wp-json\/wp\/v2\/users\/1"}],"replies":[{"embeddable":true,"href":"https:\/\/www.ofm.hr\/koprivnica\/wp-json\/wp\/v2\/comments?post=4173"}],"version-history":[{"count":1,"href":"https:\/\/www.ofm.hr\/koprivnica\/wp-json\/wp\/v2\/posts\/4173\/revisions"}],"predecessor-version":[{"id":10140,"href":"https:\/\/www.ofm.hr\/koprivnica\/wp-json\/wp\/v2\/posts\/4173\/revisions\/10140"}],"wp:featuredmedia":[{"embeddable":true,"href":"https:\/\/www.ofm.hr\/koprivnica\/wp-json\/wp\/v2\/media\/4168"}],"wp:attachment":[{"href":"https:\/\/www.ofm.hr\/koprivnica\/wp-json\/wp\/v2\/media?parent=4173"}],"wp:term":[{"taxonomy":"category","embeddable":true,"href":"https:\/\/www.ofm.hr\/koprivnica\/wp-json\/wp\/v2\/categories?post=4173"},{"taxonomy":"post_tag","embeddable":true,"href":"https:\/\/www.ofm.hr\/koprivnica\/wp-json\/wp\/v2\/tags?post=4173"}],"curies":[{"name":"wp","href":"https:\/\/api.w.org\/{rel}","templated":true}]}}