{"id":4174,"date":"2022-01-07T21:26:17","date_gmt":"2022-01-07T20:26:17","guid":{"rendered":"https:\/\/ofm.hr\/koprivnica-wp\/?p=4174"},"modified":"2022-01-07T21:38:17","modified_gmt":"2022-01-07T20:38:17","slug":"ii-kongres-franjevakog-svjetovnog-reda-i-franjevake-mladei","status":"publish","type":"post","link":"https:\/\/www.ofm.hr\/koprivnica\/ii-kongres-franjevakog-svjetovnog-reda-i-franjevake-mladei\/","title":{"rendered":"II. kongres Franjeva\u010dkog svjetovnog reda i Franjeva\u010dke mlade\u017ei"},"content":{"rendered":"<p style=\"text-align: justify;\">Pod geslom &#8220;I ovo je pobjeda &scaron;to pobijedi svijet: vjera na&scaron;a!&#8221; vi&scaron;e od 600 \u010dlanova Franjeva\u010dkog svjetovnog reda (OFS) i Franjeva\u010dke mlade\u017ei (Frama) susrelo se, u subotu 25. svibnja 2013., na II. kongresu Franjeva\u010dkog svjetovnog reda i Franjeva\u010dke mlade\u017ei u Sveti&scaron;tu Majke Bo\u017eje Trsatske, u Rijeci. Kongres je zapo\u010deo predavanjem vl\u010d. dr. sc. Jerka Valkovi\u0107a pod nazivom &#8220;Poznajem li svoju vjeru?&#8221;. \u010clanovi Franjeva\u010dke mlade\u017ei zajedni\u010dki su organizirali predavanje o sv. Ljudevitu kralju, za&scaron;titniku OFS-a. Euharistijsko slavlje je predslavio zadarski nadbiskup \u017delimir Pulji\u0107. U poslijepodnevnom dijelu Kongresa sudionici su kroz rad u 21 skupini promi&scaron;ljali o isto toliko tema iz liturgijskog, ali i svakodnevnog \u017eivota, te o postoje\u0107em anga\u017emanu OFS-a i Frame u hrvatskom dru&scaron;tvu. U zadnjih 20 godina OFS i Frama inicirali su brojne dru&scaron;tveno odgovorne projekte i akcije. Poznato je njihovo zauzeto djelovanje i skrb za 400 besku\u0107nika, kroz prihvatili&scaron;te Ru\u017ee sv. Franje koje je osnovano upravo na Trsatu. Osim toga pokrenuli su i Socijalne samoposluge, u kojima se vikendima prikupi oko tona hrane za vi&scaron;e od 3.000 korisnika, te prvi hrvatski \u010dasopis za besku\u0107nike &#8216;Uli\u010dne svjetiljke&#8217;, koji se tiska u vi&scaron;e od 22.000 primjeraka. Postoji i mobilni tim za palijativnu skrb koji s 25 volontera poma\u017ee neizlje\u010divo bolesnima i njihovim obiteljima. Svakog dana velik broj korisnika dolazi u pu\u010dke kuhinje koje vode u suradnji s bra\u0107om iz Prvog franjeva\u010dkog reda. Osim toga, OFS i Frama trajno su prisutni i kroz potporu u liturgijskom \u017eivotu te su postali neizostavni dio \u017eivota Crkve u Hrvatskoj. &#8220;Kongres i na&scaron; susret na Trsatu bila je prilika da u Godini vjere obnovimo na&scaron;e zajedni&scaron;tvo, osna\u017eimo na&scaron;a bratstva i prigrlimo Pravilo sv. Franje kako bismo mogli biti oslonac jedni drugima&#8221;, rekao je nacionalni ministar OFS-a Stjepan Kel\u010di\u0107.<\/p>\n<p style=\"text-align: justify;\">Izvor<em>: http:\/\/laudato.hr<\/em><\/p>\n","protected":false},"excerpt":{"rendered":"<p>Pod geslom &#8220;I ovo je pobjeda &scaron;to pobijedi svijet: vjera na&scaron;a!&#8221; vi&scaron;e od 600 \u010dlanova Franjeva\u010dkog svjetovnog reda (OFS) i Franjeva\u010dke mlade\u017ei (Frama) susrelo se, u subotu 25. svibnja 2013., na II. kongresu Franjeva\u010dkog svjetovnog reda i Franjeva\u010dke mlade\u017ei u Sveti&scaron;tu Majke Bo\u017eje Trsatske, u Rijeci. Kongres je zapo\u010deo predavanjem vl\u010d. dr. sc. Jerka Valkovi\u0107a [&hellip;]<\/p>\n","protected":false},"author":1,"featured_media":0,"comment_status":"open","ping_status":"open","sticky":true,"template":"","format":"standard","meta":{"qubely_global_settings":"","qubely_interactions":"","footnotes":""},"categories":[39],"tags":[],"class_list":["post-4174","post","type-post","status-publish","format-standard","hentry","category-fsr-ofs"],"blocksy_meta":{"styles_descriptor":{"styles":{"desktop":"","tablet":"","mobile":""},"google_fonts":[],"version":6}},"qubely_featured_image_url":null,"qubely_author":{"display_name":"Branko","author_link":"https:\/\/www.ofm.hr\/koprivnica\/author\/admkp8\/"},"qubely_comment":0,"qubely_category":"<a href=\"https:\/\/www.ofm.hr\/koprivnica\/category\/fsr-ofs\/\" rel=\"category tag\">FSR (OFS)<\/a>","qubely_excerpt":"Pod geslom &#8220;I ovo je pobjeda &scaron;to pobijedi svijet: vjera na&scaron;a!&#8221; vi&scaron;e od 600 \u010dlanova Franjeva\u010dkog svjetovnog reda (OFS) i Franjeva\u010dke mlade\u017ei (Frama) susrelo se, u subotu 25. svibnja 2013., na II. kongresu Franjeva\u010dkog svjetovnog reda i Franjeva\u010dke mlade\u017ei u Sveti&scaron;tu Majke Bo\u017eje Trsatske, u Rijeci. Kongres je zapo\u010deo predavanjem vl\u010d. dr. sc. Jerka Valkovi\u0107a&hellip;","featured_image_urls_v2":{"full":"","thumbnail":"","medium":"","medium_large":"","large":"","1536x1536":"","2048x2048":"","qubely_landscape":"","qubely_portrait":"","qubely_thumbnail":""},"post_excerpt_stackable_v2":"<p>Pod geslom &#8220;I ovo je pobjeda &scaron;to pobijedi svijet: vjera na&scaron;a!&#8221; vi&scaron;e od 600 \u010dlanova Franjeva\u010dkog svjetovnog reda (OFS) i Franjeva\u010dke mlade\u017ei (Frama) susrelo se, u subotu 25. svibnja 2013., na II. kongresu Franjeva\u010dkog svjetovnog reda i Franjeva\u010dke mlade\u017ei u Sveti&scaron;tu Majke Bo\u017eje Trsatske, u Rijeci. Kongres je zapo\u010deo predavanjem vl\u010d. dr. sc. Jerka Valkovi\u0107a pod nazivom &#8220;Poznajem li svoju vjeru?&#8221;. \u010clanovi Franjeva\u010dke mlade\u017ei zajedni\u010dki su organizirali predavanje o sv. Ljudevitu kralju, za&scaron;titniku OFS-a. Euharistijsko slavlje je predslavio zadarski nadbiskup \u017delimir Pulji\u0107. U poslijepodnevnom dijelu Kongresa sudionici su kroz rad u 21 skupini promi&scaron;ljali o isto toliko tema iz liturgijskog,&hellip;<\/p>\n","category_list_v2":"<a href=\"https:\/\/www.ofm.hr\/koprivnica\/category\/fsr-ofs\/\" rel=\"category tag\">FSR (OFS)<\/a>","author_info_v2":{"name":"Branko","url":"https:\/\/www.ofm.hr\/koprivnica\/author\/admkp8\/"},"comments_num_v2":"0 comments","_links":{"self":[{"href":"https:\/\/www.ofm.hr\/koprivnica\/wp-json\/wp\/v2\/posts\/4174","targetHints":{"allow":["GET"]}}],"collection":[{"href":"https:\/\/www.ofm.hr\/koprivnica\/wp-json\/wp\/v2\/posts"}],"about":[{"href":"https:\/\/www.ofm.hr\/koprivnica\/wp-json\/wp\/v2\/types\/post"}],"author":[{"embeddable":true,"href":"https:\/\/www.ofm.hr\/koprivnica\/wp-json\/wp\/v2\/users\/1"}],"replies":[{"embeddable":true,"href":"https:\/\/www.ofm.hr\/koprivnica\/wp-json\/wp\/v2\/comments?post=4174"}],"version-history":[{"count":1,"href":"https:\/\/www.ofm.hr\/koprivnica\/wp-json\/wp\/v2\/posts\/4174\/revisions"}],"predecessor-version":[{"id":10139,"href":"https:\/\/www.ofm.hr\/koprivnica\/wp-json\/wp\/v2\/posts\/4174\/revisions\/10139"}],"wp:attachment":[{"href":"https:\/\/www.ofm.hr\/koprivnica\/wp-json\/wp\/v2\/media?parent=4174"}],"wp:term":[{"taxonomy":"category","embeddable":true,"href":"https:\/\/www.ofm.hr\/koprivnica\/wp-json\/wp\/v2\/categories?post=4174"},{"taxonomy":"post_tag","embeddable":true,"href":"https:\/\/www.ofm.hr\/koprivnica\/wp-json\/wp\/v2\/tags?post=4174"}],"curies":[{"name":"wp","href":"https:\/\/api.w.org\/{rel}","templated":true}]}}